{"id":2107880,"date":"2026-08-21T13:19:27","date_gmt":"2026-08-21T10:19:27","guid":{"rendered":"https:\/\/analyse.optim.biz\/?p=2107880"},"modified":"2026-08-21T13:19:27","modified_gmt":"2026-08-21T10:19:27","slug":"accident-violent-in-mosnita-noua-victima-incarcerata","status":"publish","type":"post","link":"https:\/\/analyse.optim.biz\/?p=2107880","title":{"rendered":"Accident violent \u00een Mo\u0219ni\u021ba Nou\u0103, victim\u0103 \u00eencarcerat\u0103"},"content":{"rendered":"<p>[analyse_image type=&#8221;featured&#8221; src=&#8221;https:\/\/renasterea.ro\/ro\/wp-content\/uploads\/2026\/05\/smurd-1.jpghttps:\/\/renasterea.ro\/ro\/wp-content\/uploads\/2026\/05\/smurd-1.jpg&#8221;]<\/p>\n<div class=\"entry-content\"><img loading=\"lazy\" decoding=\"async\" width=\"595\" height=\"460\" src=\"https:\/\/renasterea.ro\/ro\/wp-content\/uploads\/2026\/05\/smurd-1-595x460.jpg\" class=\"attachment-medium size-medium wp-post-image\" alt=\"Accident violent \u00een Mo\u0219ni\u021ba Nou\u0103, victim\u0103 \u00eencarcerat\u0103\" title=\"Accident violent \u00een Mo\u0219ni\u021ba Nou\u0103, victim\u0103 \u00eencarcerat\u0103 1\"><\/p>\n<h4>Vineri, \u00een jurul orei 15:30, pompierii timi\u0219eni ai fost solicita\u021bi s\u0103 intervin\u0103 la un accident rutier pe strada Principal\u0103 din comuna Mo\u0219ni\u021ba Nou\u0103.<\/h4>\n<p>La fa\u021ba locului s-au deplasat de urgen\u021b\u0103 6 pompieri cu o autospecial\u0103 de prim\u0103 interven\u021bie \u0219i comand\u0103 \u0219i o autospecial\u0103 de descarcerare.<\/p>\n<p>\u00cen accident a fost implicat un autoturism care s-a r\u0103sturnat \u00een afara p\u0103r\u021bii carosabile.<\/p>\n<p>\u00cen autoturism se afla doar conduc\u0103torul auto care, \u00een urma evenimentului, a r\u0103mas \u00eencarcerat.<\/p>\n<p>B\u0103rbatul a fost extras de c\u0103tre echipajele de interven\u021bie \u0219i transportat la spital.<\/p>\n<h3>Ce au stabilit poli\u021bi\u0219tii<\/h3>\n<p>Din primele verific\u0103ri efectuate, poli\u021bi\u0219tii au stabilit c\u0103 un b\u0103rbat, \u00een v\u00e2rst\u0103 de 74 de ani, a condus un autoturism pe DJ 592, dinspre localitatea Albina c\u0103tre Mo\u0219ni\u021ba Nou\u0103, iar la un moment dat, la intrarea \u00een localitate, ar fi pierdut controlul asupra direc\u021biei de deplasare \u0219i a intrat \u00een sensul giratoriu, fiind proiectat \u00een afara p\u0103r\u021bii carosabile.<\/p>\n<p>\u00cen urma evenimentului rutier a rezultat r\u0103nirea conduc\u0103torului auto, acesta fiind transportat la spital pentru acordarea de \u00eengrijiri medicale.<\/p>\n<p>\u00cen cauz\u0103, poli\u021bi\u0219tii au \u00eentocmit dosar penal sub aspectul s\u0103v\u00e2r\u0219irii infrac\u021biunii de v\u0103t\u0103mare corporal\u0103 din culp\u0103 \u0219i continu\u0103 cercet\u0103rile pentru stabilirea tuturor cauzelor \u0219i \u00eemprejur\u0103rilor producerii accidentului rutier.<\/p>\n<p>Imagine de arhiv\u0103<\/p>\n<\/div>\n<p>[analyse_source url=&#8221;https:\/\/renasterea.ro\/accident-violent-in-mosnita-noua-victima-incarcerata\/&#8221;]<\/p>\n","protected":false},"excerpt":{"rendered":"<p>[analyse_image type=&#8221;featured&#8221; src=&#8221;https:\/\/renasterea.ro\/ro\/wp-content\/uploads\/2026\/05\/smurd-1.jpghttps:\/\/renasterea.ro\/ro\/wp-content\/uploads\/2026\/05\/smurd-1.jpg&#8221;] Vineri, \u00een jurul orei 15:30, pompierii timi\u0219eni ai fost solicita\u021bi s\u0103 intervin\u0103 la un accident rutier pe strada Principal\u0103 din comuna Mo\u0219ni\u021ba Nou\u0103. La fa\u021ba locului s-au deplasat de urgen\u021b\u0103 6 pompieri cu o autospecial\u0103 de prim\u0103 interven\u021bie \u0219i comand\u0103 \u0219i o autospecial\u0103 de descarcerare. \u00cen accident a fost implicat un autoturism [&hellip;]<\/p>\n","protected":false},"author":1,"featured_media":0,"comment_status":"open","ping_status":"","sticky":false,"template":"","format":"standard","meta":{"footnotes":""},"categories":[89],"tags":[226,188],"class_list":["post-2107880","post","type-post","status-publish","format-standard","hentry","category-romania","tag-crawlmanager","tag-renasterea-ro"],"_links":{"self":[{"href":"https:\/\/analyse.optim.biz\/index.php?rest_route=\/wp\/v2\/posts\/2107880","targetHints":{"allow":["GET"]}}],"collection":[{"href":"https:\/\/analyse.optim.biz\/index.php?rest_route=\/wp\/v2\/posts"}],"about":[{"href":"https:\/\/analyse.optim.biz\/index.php?rest_route=\/wp\/v2\/types\/post"}],"author":[{"embeddable":true,"href":"https:\/\/analyse.optim.biz\/index.php?rest_route=\/wp\/v2\/users\/1"}],"replies":[{"embeddable":true,"href":"https:\/\/analyse.optim.biz\/index.php?rest_route=%2Fwp%2Fv2%2Fcomments&post=2107880"}],"version-history":[{"count":0,"href":"https:\/\/analyse.optim.biz\/index.php?rest_route=\/wp\/v2\/posts\/2107880\/revisions"}],"wp:attachment":[{"href":"https:\/\/analyse.optim.biz\/index.php?rest_route=%2Fwp%2Fv2%2Fmedia&parent=2107880"}],"wp:term":[{"taxonomy":"category","embeddable":true,"href":"https:\/\/analyse.optim.biz\/index.php?rest_route=%2Fwp%2Fv2%2Fcategories&post=2107880"},{"taxonomy":"post_tag","embeddable":true,"href":"https:\/\/analyse.optim.biz\/index.php?rest_route=%2Fwp%2Fv2%2Ftags&post=2107880"}],"curies":[{"name":"wp","href":"https:\/\/api.w.org\/{rel}","templated":true}]}}