{"id":2107877,"date":"2026-08-21T08:44:04","date_gmt":"2026-08-21T05:44:04","guid":{"rendered":"https:\/\/analyse.optim.biz\/?p=2107877"},"modified":"2026-08-21T08:44:04","modified_gmt":"2026-08-21T05:44:04","slug":"doi-minori-de-14-ani-au-intrat-cu-atv-ul-intr-un-copac-langa-timisoara","status":"publish","type":"post","link":"https:\/\/analyse.optim.biz\/?p=2107877","title":{"rendered":"Doi minori de 14 ani au intrat cu ATV-ul \u00eentr-un copac, l\u00e2ng\u0103 Timi\u015foara"},"content":{"rendered":"<p>[analyse_image type=&#8221;featured&#8221; src=&#8221;https:\/\/renasterea.ro\/ro\/wp-content\/uploads\/accident-atv-1.jpghttps:\/\/renasterea.ro\/ro\/wp-content\/uploads\/accident-atv-1.jpg&#8221;]<\/p>\n<div class=\"entry-content\"><img loading=\"lazy\" decoding=\"async\" width=\"650\" height=\"376\" src=\"https:\/\/renasterea.ro\/ro\/wp-content\/uploads\/accident-atv-1.jpg\" class=\"attachment-medium size-medium wp-post-image\" alt=\"Minori de 14 ani, accident cu ATV-ul pe pista de biciclete, l\u00e2ng\u0103 Timi\u015foara\" title=\"Doi minori de 14 ani au intrat cu ATV-ul \u00eentr-un copac, l\u00e2ng\u0103 Timi\u015foara 1\"><\/p>\n<h4>Minori de 14 ani, accident cu ATV-ul pe pista de biciclete, l\u00e2ng\u0103 Timi\u015foara<\/h4>\n<p>Joi \u2013 20 august, \u00een jurul orei 19:55, poli\u021bi\u0219tii rutieri au fost sesiza\u021bi cu privire la producerea unui accident pe DJ 591, pe raza localit\u0103\u021bii S\u00e2nmihaiu Rom\u00e2n.<\/p>\n<p>Din primele verific\u0103ri efectuate a reie\u0219it c\u0103 un minor, \u00een v\u00e2rst\u0103 de 14 ani, a condus un ATV, pe pista pentru biciclete, dinspre municipiul Timi\u0219oara c\u0103tre localitatea S\u00e2nmihaiu German, iar la un moment dat ar fi pierdut controlul asupra direc\u021biei de deplasare \u0219i a intrat \u00een coliziune cu un copac aflat \u00een afara pistei pentru biciclete, a transmis IPJ Timi\u015f.<\/p>\n<p>\u00cen urma impactului, at\u00e2t conduc\u0103torul ATV-ului, c\u00e2t \u0219i pasagerul acestuia, un minor \u00een v\u00e2rst\u0103 de 14 ani, au fost r\u0103ni\u021bi \u0219i transporta\u021bi la spital pentru acordarea \u00eengrijirilor medicale.<\/p>\n<p>\u00cen urma verific\u0103rilor efectuate, poli\u021bi\u0219tii au stabilit c\u0103 minorul nu posed\u0103 permis de conducere, iar ATV-ul nu este \u00eenmatriculat, a precizat Poli\u0163ia Timi\u015f.<\/p>\n<h2>CITE\u015eTE \u015eI: <span><a href=\"https:\/\/renasterea.ro\/nori-de-fum-si-un-miros-puternic-de-ars-au-acoperit-vineri-dimineata-timisoara-si-numeroase-localitati-din-judetul-timis\/\">Nori de fum \u0219i un miros puternic de ars au acoperit, vineri diminea\u021ba, Timi\u0219oara \u0219i alte localit\u0103\u021bi din jude\u021bul Timi\u0219<\/a><\/span><\/h2>\n<p>Poli\u021bi\u0219tii efectueaz\u0103 cercet\u0103ri sub aspectul s\u0103v\u00e2r\u0219irii infrac\u021biunilor de v\u0103t\u0103mare corporal\u0103 din culp\u0103, conducerea unui vehicul f\u0103r\u0103 permis de conducere \u0219i punerea \u00een circula\u021bie sau conducerea unui vehicul ne\u00eenmatriculat, urm\u00e2nd ca, \u00een func\u021bie de rezultatul cercet\u0103rilor, s\u0103 fie dispuse m\u0103surile legale.<\/p>\n<p><em>Imagine cu rol ilustrativ<\/em><\/p>\n<\/div>\n<p>[analyse_source url=&#8221;https:\/\/renasterea.ro\/minori-de-14-ani-accident-cu-atv-ul-pe-pista-de-biciclete-langa-timisoara\/&#8221;]<\/p>\n","protected":false},"excerpt":{"rendered":"<p>[analyse_image type=&#8221;featured&#8221; src=&#8221;https:\/\/renasterea.ro\/ro\/wp-content\/uploads\/accident-atv-1.jpghttps:\/\/renasterea.ro\/ro\/wp-content\/uploads\/accident-atv-1.jpg&#8221;] Minori de 14 ani, accident cu ATV-ul pe pista de biciclete, l\u00e2ng\u0103 Timi\u015foara Joi \u2013 20 august, \u00een jurul orei 19:55, poli\u021bi\u0219tii rutieri au fost sesiza\u021bi cu privire la producerea unui accident pe DJ 591, pe raza localit\u0103\u021bii S\u00e2nmihaiu Rom\u00e2n. Din primele verific\u0103ri efectuate a reie\u0219it c\u0103 un minor, \u00een v\u00e2rst\u0103 de [&hellip;]<\/p>\n","protected":false},"author":1,"featured_media":0,"comment_status":"open","ping_status":"","sticky":false,"template":"","format":"standard","meta":{"footnotes":""},"categories":[89],"tags":[226,188],"class_list":["post-2107877","post","type-post","status-publish","format-standard","hentry","category-romania","tag-crawlmanager","tag-renasterea-ro"],"_links":{"self":[{"href":"https:\/\/analyse.optim.biz\/index.php?rest_route=\/wp\/v2\/posts\/2107877","targetHints":{"allow":["GET"]}}],"collection":[{"href":"https:\/\/analyse.optim.biz\/index.php?rest_route=\/wp\/v2\/posts"}],"about":[{"href":"https:\/\/analyse.optim.biz\/index.php?rest_route=\/wp\/v2\/types\/post"}],"author":[{"embeddable":true,"href":"https:\/\/analyse.optim.biz\/index.php?rest_route=\/wp\/v2\/users\/1"}],"replies":[{"embeddable":true,"href":"https:\/\/analyse.optim.biz\/index.php?rest_route=%2Fwp%2Fv2%2Fcomments&post=2107877"}],"version-history":[{"count":0,"href":"https:\/\/analyse.optim.biz\/index.php?rest_route=\/wp\/v2\/posts\/2107877\/revisions"}],"wp:attachment":[{"href":"https:\/\/analyse.optim.biz\/index.php?rest_route=%2Fwp%2Fv2%2Fmedia&parent=2107877"}],"wp:term":[{"taxonomy":"category","embeddable":true,"href":"https:\/\/analyse.optim.biz\/index.php?rest_route=%2Fwp%2Fv2%2Fcategories&post=2107877"},{"taxonomy":"post_tag","embeddable":true,"href":"https:\/\/analyse.optim.biz\/index.php?rest_route=%2Fwp%2Fv2%2Ftags&post=2107877"}],"curies":[{"name":"wp","href":"https:\/\/api.w.org\/{rel}","templated":true}]}}