{"id":2107874,"date":"2026-08-21T04:54:55","date_gmt":"2026-08-21T01:54:55","guid":{"rendered":"https:\/\/analyse.optim.biz\/?p=2107874"},"modified":"2026-08-21T04:54:55","modified_gmt":"2026-08-21T01:54:55","slug":"incendiu-puternic-in-portul-midia-o-nava-a-luat-foc","status":"publish","type":"post","link":"https:\/\/analyse.optim.biz\/?p=2107874","title":{"rendered":"Incendiu puternic \u00een Portul Midia. O nav\u0103 a luat foc"},"content":{"rendered":"<p>[analyse_image type=&#8221;featured&#8221; src=&#8221;https:\/\/renasterea.ro\/ro\/wp-content\/uploads\/2026\/08\/incendiu-nava.jpghttps:\/\/renasterea.ro\/ro\/wp-content\/uploads\/2026\/08\/incendiu-nava.jpg&#8221;]<\/p>\n<div class=\"entry-content\"><img loading=\"lazy\" decoding=\"async\" width=\"615\" height=\"460\" src=\"https:\/\/renasterea.ro\/ro\/wp-content\/uploads\/2026\/08\/incendiu-nava-615x460.jpg\" class=\"attachment-medium size-medium wp-post-image\" alt=\"Incendiu puternic \u00een Portul Midia. O nav\u0103 a luat foc\" title=\"Incendiu puternic \u00een Portul Midia. O nav\u0103 a luat foc 1\"><\/p>\n<h4>Un incendiu puternic a izbucnit vineri diminea\u021b\u0103 la o nav\u0103 aflat\u0103 \u00een Portul Midia.<\/h4>\n<p>Potrivit primelor informa\u021bii, incendiul se manifest\u0103 generalizat la pupa navei, care transport\u0103 minereu. P\u00e2n\u0103 la acest moment, nu au fost \u00eenregistrate victime.<\/p>\n<p>La fa\u021ba locului intervine ISU Constan\u021ba cu cinci ma\u0219ini de stingere, o autoscar\u0103, o autoplatform\u0103, o autospecial\u0103 CBRN, un echipaj SMURD \u0219i un echipaj al Serviciului de Ambulan\u021b\u0103 Jude\u021bean Constan\u021ba.<\/p>\n<p>Pompierii ac\u021bioneaz\u0103 pentru localizarea \u0219i lichidarea incendiului, precum \u0219i pentru limitarea extinderii acestuia.<\/p>\n<p>Interven\u021bia este \u00een desf\u0103\u0219urare.<\/p>\n<p>(sursa:\u00a0<a href=\"https:\/\/mediafax.ro\/\" target=\"_blank\" rel=\"noopener\">Mediafax<\/a>)<\/p>\n<\/div>\n<p>[analyse_source url=&#8221;https:\/\/renasterea.ro\/incendiu-puternic-in-portul-midia-o-nava-a-luat-foc\/&#8221;]<\/p>\n","protected":false},"excerpt":{"rendered":"<p>[analyse_image type=&#8221;featured&#8221; src=&#8221;https:\/\/renasterea.ro\/ro\/wp-content\/uploads\/2026\/08\/incendiu-nava.jpghttps:\/\/renasterea.ro\/ro\/wp-content\/uploads\/2026\/08\/incendiu-nava.jpg&#8221;] Un incendiu puternic a izbucnit vineri diminea\u021b\u0103 la o nav\u0103 aflat\u0103 \u00een Portul Midia. Potrivit primelor informa\u021bii, incendiul se manifest\u0103 generalizat la pupa navei, care transport\u0103 minereu. P\u00e2n\u0103 la acest moment, nu au fost \u00eenregistrate victime. La fa\u021ba locului intervine ISU Constan\u021ba cu cinci ma\u0219ini de stingere, o autoscar\u0103, o autoplatform\u0103, o [&hellip;]<\/p>\n","protected":false},"author":1,"featured_media":0,"comment_status":"open","ping_status":"","sticky":false,"template":"","format":"standard","meta":{"footnotes":""},"categories":[89],"tags":[226,188],"class_list":["post-2107874","post","type-post","status-publish","format-standard","hentry","category-romania","tag-crawlmanager","tag-renasterea-ro"],"_links":{"self":[{"href":"https:\/\/analyse.optim.biz\/index.php?rest_route=\/wp\/v2\/posts\/2107874","targetHints":{"allow":["GET"]}}],"collection":[{"href":"https:\/\/analyse.optim.biz\/index.php?rest_route=\/wp\/v2\/posts"}],"about":[{"href":"https:\/\/analyse.optim.biz\/index.php?rest_route=\/wp\/v2\/types\/post"}],"author":[{"embeddable":true,"href":"https:\/\/analyse.optim.biz\/index.php?rest_route=\/wp\/v2\/users\/1"}],"replies":[{"embeddable":true,"href":"https:\/\/analyse.optim.biz\/index.php?rest_route=%2Fwp%2Fv2%2Fcomments&post=2107874"}],"version-history":[{"count":0,"href":"https:\/\/analyse.optim.biz\/index.php?rest_route=\/wp\/v2\/posts\/2107874\/revisions"}],"wp:attachment":[{"href":"https:\/\/analyse.optim.biz\/index.php?rest_route=%2Fwp%2Fv2%2Fmedia&parent=2107874"}],"wp:term":[{"taxonomy":"category","embeddable":true,"href":"https:\/\/analyse.optim.biz\/index.php?rest_route=%2Fwp%2Fv2%2Fcategories&post=2107874"},{"taxonomy":"post_tag","embeddable":true,"href":"https:\/\/analyse.optim.biz\/index.php?rest_route=%2Fwp%2Fv2%2Ftags&post=2107874"}],"curies":[{"name":"wp","href":"https:\/\/api.w.org\/{rel}","templated":true}]}}