{"id":2107872,"date":"2026-08-21T13:25:23","date_gmt":"2026-08-21T10:25:23","guid":{"rendered":"https:\/\/analyse.optim.biz\/?p=2107872"},"modified":"2026-08-21T13:25:23","modified_gmt":"2026-08-21T10:25:23","slug":"drept-la-replica-din-partea-senatorului-aur-timis-ciprian-titi-stoica-referitor-la-articolul-speculatii","status":"publish","type":"post","link":"https:\/\/analyse.optim.biz\/?p=2107872","title":{"rendered":"Drept la replic\u0103 din partea senatorului AUR Timi\u0219, Ciprian-Titi Stoica, referitor la articolul \u201eSpecula\u021bii"},"content":{"rendered":"<p>[analyse_image type=&#8221;featured&#8221; src=&#8221;https:\/\/orasul-timisoara.ro\/wp-content\/uploads\/2026\/08\/fritz-stoica-bolo.jpg&#8221;]<\/p>\n<article id=\"post-40401\" class=\"td-post-template-7 post-40401 post type-post status-publish format-standard has-post-thumbnail category-featured category-politic category-stiri-timisoara tag-ciprian-titi-stoica-3 tag-drept-la-replica td-container-wrap\">\n<div class=\"td-full-screen-header-image-wrap\">\n<div class=\"td-container td-post-header\">\n<div class=\"td-crumb-container\">\n<div class=\"entry-crumbs\"><span><a title=\"Vede\u021bi toate articolele \u00een Politic\" class=\"entry-crumb\" href=\"https:\/\/orasul-timisoara.ro\/local-category\/politic\/\">Politic<\/a><\/span><span class=\"td-bred-no-url-last\">Drept la replic\u0103 din partea senatorului AUR Timi\u0219, Ciprian-Titi Stoica, referitor la&#8230;<\/span><\/div>\n<\/div>\n<div class=\"td-post-header-holder\">\n<div class=\"td-parallax-header\">\n<header class=\"td-post-title\">\n<ul class=\"td-category\">\n<li class=\"entry-category\"><a href=\"https:\/\/orasul-timisoara.ro\/local-category\/politic\/\">Politic<\/a><\/li>\n<li class=\"entry-category\"><a href=\"https:\/\/orasul-timisoara.ro\/local-category\/stiri-timisoara\/\">\u0218tiri Locale<\/a><\/li>\n<\/ul>\n<h1 class=\"entry-title\">Drept la replic\u0103 din partea senatorului AUR Timi\u0219, Ciprian-Titi Stoica, referitor la articolul \u201eSpecula\u021bii f\u0103r\u0103 dovezi. Senatorul AUR Timi\u0219 vede conspira\u021bii \u00een \u00eent\u00e2lnirea Bolojan\u2013Fritz\u201d<\/h1>\n<div class=\"td-module-meta-info\">\n<div class=\"td-post-author-name\">\n<div class=\"td-author-by\">De c\u0103tre<\/div>\n<p><a href=\"https:\/\/orasul-timisoara.ro\/author\/timisoara\/\">redactia<\/a><\/p>\n<div class=\"td-author-line\"> &#8211; <\/div>\n<\/div>\n<p><span class=\"td-post-date\"><time class=\"entry-date updated td-module-date\" datetime=\"2026-08-21T16:25:23+03:00\">21\/08\/2026<\/time><\/span><\/div>\n<\/header>\n<\/div>\n<\/div>\n<\/div>\n<div id=\"td-full-screen-header-image\" class=\"td-image-gradient-style7\"><img decoding=\"async\" class=\"td-backstretch\" src=\"https:\/\/orasul-timisoara.ro\/wp-content\/uploads\/2026\/08\/fritz-stoica-bolo.jpg\"><\/div>\n<\/div>\n<div class=\"td-container\">\n<div class=\"td-pb-row\">\n<div class=\"td-pb-span8 td-main-content\" role=\"main\">\n<div class=\"td-ss-main-content\">\n<div class=\"td-post-sharing-top\">\n<div class=\"td-post-sharing-classic\"><iframe title=\"topFacebookLike\" frameborder src=\"https:\/\/www.facebook.com\/plugins\/like.php?href=https:\/\/orasul-timisoara.ro\/local-40401\/&amp;layout=button_count&amp;show_faces=false&amp;width=105&amp;action=like&amp;colorscheme=light&amp;height=21\"><\/iframe><\/div>\n<div id=\"td_social_sharing_article_top\" class=\"td-post-sharing td-ps-bg td-ps-notext td-post-sharing-style1 \">\n<div class=\"td-post-sharing-visible\"><a class=\"td-social-sharing-button td-social-sharing-button-js td-social-network td-social-facebook\" href=\"https:\/\/www.facebook.com\/sharer.php?u=https%3A%2F%2Forasul-timisoara.ro%2Flocal-40401%2F\" title=\"Facebook\"><\/p>\n<div class=\"td-social-but-text\">Facebook<\/div>\n<p><\/a><a class=\"td-social-sharing-button td-social-sharing-button-js td-social-network td-social-twitter\" href=\"https:\/\/twitter.com\/intent\/tweet?text=Drept+la+replic%C4%83+din+partea+senatorului+AUR+Timi%C8%99%2C+Ciprian-Titi+Stoica%2C+referitor+la+articolul+%E2%80%9ESpecula%C8%9Bii+f%C4%83r%C4%83+dovezi.+Senatorul+AUR+Timi%C8%99+vede+conspira%C8%9Bii+%C3%AEn+%C3%AEnt%C3%A2lnirea+Bolojan%E2%80%93Fritz%E2%80%9D&amp;url=https%3A%2F%2Forasul-timisoara.ro%2Flocal-40401%2F&amp;via=orasultm\" title=\"Twitter\"><\/p>\n<div class=\"td-social-but-text\">Twitter<\/div>\n<p><\/a><a class=\"td-social-sharing-button td-social-sharing-button-js td-social-network td-social-whatsapp\" href=\"https:\/\/api.whatsapp.com\/send?text=Drept+la+replic%C4%83+din+partea+senatorului+AUR+Timi%C8%99%2C+Ciprian-Titi+Stoica%2C+referitor+la+articolul+%E2%80%9ESpecula%C8%9Bii+f%C4%83r%C4%83+dovezi.+Senatorul+AUR+Timi%C8%99+vede+conspira%C8%9Bii+%C3%AEn+%C3%AEnt%C3%A2lnirea+Bolojan%E2%80%93Fritz%E2%80%9D%20%0A%0A%20https:\/\/orasul-timisoara.ro\/local-40401\/\" title=\"WhatsApp\"><\/p>\n<div class=\"td-social-but-text\">WhatsApp<\/div>\n<p><\/a><a class=\"td-social-sharing-button td-social-sharing-button-js td-social-network td-social-linkedin\" href=\"https:\/\/www.linkedin.com\/shareArticle?mini=true&amp;url=https:\/\/orasul-timisoara.ro\/local-40401\/&amp;title=Drept+la+replic%C4%83+din+partea+senatorului+AUR+Timi%C8%99%2C+Ciprian-Titi+Stoica%2C+referitor+la+articolul+%E2%80%9ESpecula%C8%9Bii+f%C4%83r%C4%83+dovezi.+Senatorul+AUR+Timi%C8%99+vede+conspira%C8%9Bii+%C3%AEn+%C3%AEnt%C3%A2lnirea+Bolojan%E2%80%93Fritz%E2%80%9D\" title=\"Linkedin\"><\/p>\n<div class=\"td-social-but-text\">Linkedin<\/div>\n<p><\/a><a class=\"td-social-sharing-button td-social-sharing-button-js td-social-network td-social-reddit\" href=\"https:\/\/reddit.com\/submit?url=https:\/\/orasul-timisoara.ro\/local-40401\/&amp;title=Drept+la+replic%C4%83+din+partea+senatorului+AUR+Timi%C8%99%2C+Ciprian-Titi+Stoica%2C+referitor+la+articolul+%E2%80%9ESpecula%C8%9Bii+f%C4%83r%C4%83+dovezi.+Senatorul+AUR+Timi%C8%99+vede+conspira%C8%9Bii+%C3%AEn+%C3%AEnt%C3%A2lnirea+Bolojan%E2%80%93Fritz%E2%80%9D\" title=\"ReddIt\"><\/p>\n<div class=\"td-social-but-text\">ReddIt<\/div>\n<p><\/a><a class=\"td-social-sharing-button td-social-sharing-button-js td-social-network td-social-mail\" href=\"mailto:?subject=Drept%20la%20replic%C4%83%20din%20partea%20senatorului%20AUR%20Timi%C8%99,%20Ciprian-Titi%20Stoica,%20referitor%20la%20articolul%20%E2%80%9ESpecula%C8%9Bii%20f%C4%83r%C4%83%20dovezi.%20Senatorul%20AUR%20Timi%C8%99%20vede%20conspira%C8%9Bii%20%C3%AEn%20%C3%AEnt%C3%A2lnirea%20Bolojan%E2%80%93Fritz%E2%80%9D&amp;body=https:\/\/orasul-timisoara.ro\/local-40401\/\" title=\"Email\"><\/p>\n<div class=\"td-social-but-text\">Email<\/div>\n<p><\/a><a class=\"td-social-sharing-button td-social-sharing-button-js td-social-network td-social-print\" href=\"https:\/\/orasul-timisoara.ro\/local-40401\/\" title=\"Imprimare\"><\/p>\n<div class=\"td-social-but-text\">Imprimare<\/div>\n<p><\/a><\/div>\n<\/div>\n<\/div>\n<div class=\"td-post-content tagdiv-type\">\n<p class=\"wp-block-paragraph\">\u00cen urma public\u0103rii articolului \u201e<a href=\"https:\/\/orasul-timisoara.ro\/local-40293\/\" data-type=\"link\" data-id=\"https:\/\/orasul-timisoara.ro\/local-40293\/\">Specula\u021bii f\u0103r\u0103 dovezi. Senatorul AUR Timi\u0219 vede conspira\u021bii \u00een \u00eent\u00e2lnirea Bolojan\u2013Fritz<\/a>\u201d, am primit din partea senatorului Alian\u021bei pentru Unirea Rom\u00e2nilor, Ciprian-Titi Stoica, urm\u0103torul drept la replic\u0103, reprodus \u00een r\u00e2ndurile de mai jos.<\/p>\n<p class=\"wp-block-paragraph\">Cipran-Titi Stoica : \u201eAm luat act de articolul publicat de redac\u021biile Orasul Timi\u0219oara \u0219i Opinia Timi\u0219oarei \u0219i consider necesar s\u0103 fac c\u00e2teva preciz\u0103ri, nu pentru a polemiza cu autorii materialului, ci pentru a restabili cu exactitate sensul declara\u021biilor mele.<\/p>\n<p class=\"wp-block-paragraph\">\u00cen calitate de senator al Rom\u00e2niei, am obliga\u021bia de a ridica public acele \u00eentreb\u0103ri care \u021bin de transparen\u021ba actului politic \u0219i de modul \u00een care sunt luate deciziile care privesc administra\u021bia \u0219i cet\u0103\u021benii. A pune \u00eentreb\u0103ri nu \u00eenseamn\u0103 a formula acuza\u021bii, iar solicitarea unor explica\u021bii nu poate fi echivalat\u0103 cu lansarea unor \u201eteorii\u201d sau \u201especula\u021bii\u201d.<\/p>\n<p class=\"wp-block-paragraph\">Nu am afirmat existen\u021ba unui \u201etroc\u201d \u0219i nu am prezentat drept certitudine ceea ce trebuie verificat \u0219i l\u0103murit. Am atras aten\u021bia asupra unor coinciden\u021be \u0219i asupra unei succesiuni de evenimente care, \u00een opinia mea, justific\u0103 \u00eentreb\u0103ri legitime. R\u0103spunsul firesc \u00eentr-o societate democratic\u0103 nu este decredibilizarea celui care \u00eentreab\u0103, ci furnizarea unor explica\u021bii clare \u0219i verificabile.<\/p>\n<p class=\"wp-block-paragraph\">Cred c\u0103 presa are un rol esen\u021bial \u00een aceast\u0103 ecua\u021bie, iar dezbaterea public\u0103 trebuie s\u0103 se bazeze pe fapte, documente \u0219i argumente, nu pe etichet\u0103ri. \u00cen aceea\u0219i m\u0103sur\u0103, un parlamentar are responsabilitatea de a nu trece sub t\u0103cere aspectele care pot genera suspiciuni \u00een spa\u021biul public.<\/p>\n<p class=\"wp-block-paragraph\">Dac\u0103 lucrurile sunt exact a\u0219a cum sus\u021bin cei viza\u021bi, atunci clarific\u0103rile sunt binevenite \u0219i pot \u00eenchide orice specula\u021bie. Tocmai de aceea am solicitat transparen\u021b\u0103: pentru ca adev\u0103rul s\u0103 rezulte din fapte, nu din interpret\u0103ri convenabile.<\/p>\n<p class=\"wp-block-paragraph\">Nu m\u0103 voi l\u0103sa atras \u00eentr-o polemic\u0103 personal\u0103 \u0219i nici nu voi r\u0103spunde cu aceea\u0219i moned\u0103 celor care prefer\u0103 atacul la persoan\u0103 \u00een locul argumentului. Ca senator, consider c\u0103 datoria mea este fa\u021b\u0103 de cet\u0103\u021beni \u0219i fa\u021b\u0103 de interesul public.<\/p>\n<p class=\"wp-block-paragraph\">\u00centreb\u0103rile legitime nu reprezint\u0103 atacuri. Transparen\u021ba nu este o acuza\u021bie. Iar adev\u0103rul nu are nevoie s\u0103 fie protejat prin etichete, ci prin fapte.\u201d<\/p>\n<\/div>\n<footer>\n<div class=\"td-post-source-tags\">\n<ul class=\"td-tags td-post-small-box clearfix\">\n<li><span>ETICHETE<\/span><\/li>\n<li><a href=\"https:\/\/orasul-timisoara.ro\/local-tag\/ciprian-titi-stoica-3\/\">Ciprian-Titi Stoica<\/a><\/li>\n<li><a href=\"https:\/\/orasul-timisoara.ro\/local-tag\/drept-la-replica\/\">drept la replica<\/a><\/li>\n<\/ul>\n<\/div>\n<div class=\"td-post-sharing-bottom\">\n<div class=\"td-post-sharing-classic\"><iframe title=\"bottomFacebookLike\" frameborder src=\"https:\/\/www.facebook.com\/plugins\/like.php?href=https:\/\/orasul-timisoara.ro\/local-40401\/&amp;layout=button_count&amp;show_faces=false&amp;width=105&amp;action=like&amp;colorscheme=light&amp;height=21\"><\/iframe><\/div>\n<div id=\"td_social_sharing_article_bottom\" class=\"td-post-sharing td-ps-bg td-ps-notext td-post-sharing-style1 \">\n<div class=\"td-post-sharing-visible\"><a class=\"td-social-sharing-button td-social-sharing-button-js td-social-network td-social-facebook\" href=\"https:\/\/www.facebook.com\/sharer.php?u=https%3A%2F%2Forasul-timisoara.ro%2Flocal-40401%2F\" title=\"Facebook\"><\/p>\n<div class=\"td-social-but-text\">Facebook<\/div>\n<p><\/a><a class=\"td-social-sharing-button td-social-sharing-button-js td-social-network td-social-twitter\" href=\"https:\/\/twitter.com\/intent\/tweet?text=Drept+la+replic%C4%83+din+partea+senatorului+AUR+Timi%C8%99%2C+Ciprian-Titi+Stoica%2C+referitor+la+articolul+%E2%80%9ESpecula%C8%9Bii+f%C4%83r%C4%83+dovezi.+Senatorul+AUR+Timi%C8%99+vede+conspira%C8%9Bii+%C3%AEn+%C3%AEnt%C3%A2lnirea+Bolojan%E2%80%93Fritz%E2%80%9D&amp;url=https%3A%2F%2Forasul-timisoara.ro%2Flocal-40401%2F&amp;via=orasultm\" title=\"Twitter\"><\/p>\n<div class=\"td-social-but-text\">Twitter<\/div>\n<p><\/a><a class=\"td-social-sharing-button td-social-sharing-button-js td-social-network td-social-whatsapp\" href=\"https:\/\/api.whatsapp.com\/send?text=Drept+la+replic%C4%83+din+partea+senatorului+AUR+Timi%C8%99%2C+Ciprian-Titi+Stoica%2C+referitor+la+articolul+%E2%80%9ESpecula%C8%9Bii+f%C4%83r%C4%83+dovezi.+Senatorul+AUR+Timi%C8%99+vede+conspira%C8%9Bii+%C3%AEn+%C3%AEnt%C3%A2lnirea+Bolojan%E2%80%93Fritz%E2%80%9D%20%0A%0A%20https:\/\/orasul-timisoara.ro\/local-40401\/\" title=\"WhatsApp\"><\/p>\n<div class=\"td-social-but-text\">WhatsApp<\/div>\n<p><\/a><a class=\"td-social-sharing-button td-social-sharing-button-js td-social-network td-social-linkedin\" href=\"https:\/\/www.linkedin.com\/shareArticle?mini=true&amp;url=https:\/\/orasul-timisoara.ro\/local-40401\/&amp;title=Drept+la+replic%C4%83+din+partea+senatorului+AUR+Timi%C8%99%2C+Ciprian-Titi+Stoica%2C+referitor+la+articolul+%E2%80%9ESpecula%C8%9Bii+f%C4%83r%C4%83+dovezi.+Senatorul+AUR+Timi%C8%99+vede+conspira%C8%9Bii+%C3%AEn+%C3%AEnt%C3%A2lnirea+Bolojan%E2%80%93Fritz%E2%80%9D\" title=\"Linkedin\"><\/p>\n<div class=\"td-social-but-text\">Linkedin<\/div>\n<p><\/a><a class=\"td-social-sharing-button td-social-sharing-button-js td-social-network td-social-reddit\" href=\"https:\/\/reddit.com\/submit?url=https:\/\/orasul-timisoara.ro\/local-40401\/&amp;title=Drept+la+replic%C4%83+din+partea+senatorului+AUR+Timi%C8%99%2C+Ciprian-Titi+Stoica%2C+referitor+la+articolul+%E2%80%9ESpecula%C8%9Bii+f%C4%83r%C4%83+dovezi.+Senatorul+AUR+Timi%C8%99+vede+conspira%C8%9Bii+%C3%AEn+%C3%AEnt%C3%A2lnirea+Bolojan%E2%80%93Fritz%E2%80%9D\" title=\"ReddIt\"><\/p>\n<div class=\"td-social-but-text\">ReddIt<\/div>\n<p><\/a><a class=\"td-social-sharing-button td-social-sharing-button-js td-social-network td-social-mail\" href=\"mailto:?subject=Drept%20la%20replic%C4%83%20din%20partea%20senatorului%20AUR%20Timi%C8%99,%20Ciprian-Titi%20Stoica,%20referitor%20la%20articolul%20%E2%80%9ESpecula%C8%9Bii%20f%C4%83r%C4%83%20dovezi.%20Senatorul%20AUR%20Timi%C8%99%20vede%20conspira%C8%9Bii%20%C3%AEn%20%C3%AEnt%C3%A2lnirea%20Bolojan%E2%80%93Fritz%E2%80%9D&amp;body=https:\/\/orasul-timisoara.ro\/local-40401\/\" title=\"Email\"><\/p>\n<div class=\"td-social-but-text\">Email<\/div>\n<p><\/a><a class=\"td-social-sharing-button td-social-sharing-button-js td-social-network td-social-print\" href=\"https:\/\/orasul-timisoara.ro\/local-40401\/\" title=\"Imprimare\"><\/p>\n<div class=\"td-social-but-text\">Imprimare<\/div>\n<p><\/a><\/div>\n<\/div>\n<\/div>\n<div class=\"td-block-row td-post-next-prev\">\n<div class=\"td-block-span6 td-post-prev-post\">\n<div class=\"td-post-next-prev-content\"><span>Articolul precedent<\/span><a href=\"https:\/\/orasul-timisoara.ro\/local-40397\/\">Agen\u021bie SEO, freelancer sau echip\u0103 intern\u0103: care este alegerea corect\u0103 pentru afacerea ta<\/a><\/div>\n<\/div>\n<div class=\"td-block-span6 td-post-next-post\">\n<div class=\"td-post-next-prev-content\"><span>Articolul urm\u0103tor<\/span><a href=\"https:\/\/orasul-timisoara.ro\/local-40400\/\">Inelul 2 Est se schimb\u0103 \u00eenainte de \u0219antier: licita\u021bia pentru lucr\u0103ri, anulat\u0103 de Prim\u0103ria Timi\u0219oara<\/a><\/div>\n<\/div>\n<\/div>\n<div class=\"td-author-name vcard author\"><span class=\"fn\"><a href=\"https:\/\/orasul-timisoara.ro\/author\/timisoara\/\">redactia<\/a><\/span><\/div>\n<p><span class=\"td-page-meta\"><\/span><span class=\"td-page-meta\"><span class=\"td-page-meta\"><\/span><\/span><span class=\"td-page-meta\"><\/span><\/footer>\n<div class=\"comments\" id=\"comments\">\n<div id=\"respond\" class=\"comment-respond\">\n<h3 id=\"reply-title\" class=\"comment-reply-title\">L\u0102SA\u021aI UN MESAJ<\/h3>\n<div class=\"comment-form-input-wrap td-form-comment\">\n<div class=\"td-warning-comment\">V\u0103 rug\u0103m s\u0103 introduce\u021bi comentariul dvs.!<\/div>\n<\/div>\n<div class=\"comment-form-input-wrap td-form-author\">\n<div class=\"td-warning-author\">Introduce\u021bi aici numele dvs.<\/div>\n<\/div>\n<div class=\"comment-form-input-wrap td-form-email\">\n<div class=\"td-warning-email-error\">A\u021bi introdus o adres\u0103 de e-mail incorect\u0103!<\/div>\n<div class=\"td-warning-email\">V\u0103 rug\u0103m s\u0103 introduce\u021bi adresa dvs. de e-mail aici<\/div>\n<\/div>\n<\/div>\n<p class=\"akismet_comment_form_privacy_notice\">Acest site folose\u0219te Akismet pentru a reduce spamul. <a href=\"https:\/\/akismet.com\/privacy\/\" target=\"_blank\" rel=\"nofollow noopener\">Afl\u0103 cum sunt procesate datele comentariilor tale<\/a>.<\/p>\n<\/div>\n<\/div>\n<\/div>\n<div class=\"td-pb-span4 td-main-sidebar\" role=\"complementary\">\n<div class=\"td-ss-main-sidebar\">\n<aside id=\"block-4\" class=\"td_block_template_8 widget block-4 widget_block widget_media_image\">\n<figure class=\"wp-block-image size-full\"><img loading=\"lazy\" decoding=\"async\" width=\"336\" height=\"280\" src=\"https:\/\/orasul-timisoara.ro\/wp-content\/uploads\/2024\/11\/ReTIM-Abonamentul-Verde-Google-Ads-336x280px.gif\" alt class=\"wp-image-29257\"><\/figure>\n<\/aside>\n<div class=\"td_block_wrap td_block_social_counter td_block_widget tdi_4 td-social-style5 td-social-boxed td-pb-border-top td_block_template_8\">\n<div class=\"td-block-title-wrap\">\n<h4 class=\"td-block-title\"><span>Urm\u0103re\u0219te-ne pe Social Media<\/span><\/h4>\n<\/div>\n<div class=\"td-social-list\">\n<div class=\"td_social_type td-pb-margin-side td_social_facebook\">\n<div class=\"td-social-box\"><span class=\"td_social_info td_social_info_counter\">344,595<\/span><span class=\"td_social_info td_social_info_name\">Fani<\/span><span class=\"td_social_button\"><a href=\"https:\/\/www.facebook.com\/247timisoara\" target=\"_blank\" rel=\"nofollow\">\u00cemi place<\/a><\/span><\/div>\n<\/div>\n<div class=\"td_social_type td-pb-margin-side td_social_instagram\">\n<div class=\"td-social-box\"><span class=\"td_social_info td_social_info_counter\">4,416<\/span><span class=\"td_social_info td_social_info_name\">Cititori<\/span><span class=\"td_social_button\"><a href=\"https:\/\/instagram.com\/orasultimisoararo\/\" target=\"_blank\" rel=\"nofollow\">Conecta\u021bi-v\u0103<\/a><\/span><\/div>\n<\/div>\n<div class=\"td_social_type td-pb-margin-side td_social_rss\">\n<div class=\"td-social-box\"><span class=\"td_social_info td_social_info_counter\">12,506<\/span><span class=\"td_social_info td_social_info_name\">Cititori<\/span><span class=\"td_social_button\"><a href=\"https:\/\/orasul-timisoara.ro\/feed\/\" target=\"_blank\" rel=\"nofollow\">Conecta\u021bi-v\u0103<\/a><\/span><\/div>\n<\/div>\n<div class=\"td_social_type td-pb-margin-side td_social_tiktok\">\n<div class=\"td-social-box\"><span class=\"td_social_info td_social_info_counter\">1,500<\/span><span class=\"td_social_info td_social_info_name\">Cititori<\/span><span class=\"td_social_button\"><a href=\"https:\/\/www.tiktok.com\/@orasultimisoara\" target=\"_blank\" rel=\"nofollow\">Conecta\u021bi-v\u0103<\/a><\/span><\/div>\n<\/div>\n<div class=\"td_social_type td-pb-margin-side td_social_twitter\">\n<div class=\"td-social-box\"><span class=\"td_social_info td_social_info_counter\">1,595<\/span><span class=\"td_social_info td_social_info_name\">Cititori<\/span><span class=\"td_social_button\"><a href=\"https:\/\/twitter.com\/orasultm\" target=\"_blank\" rel=\"nofollow\">Conecta\u021bi-v\u0103<\/a><\/span><\/div>\n<\/div>\n<div class=\"td_social_type td-pb-margin-side td_social_youtube\">\n<div class=\"td-social-box\"><span class=\"td_social_info td_social_info_counter\">3,506<\/span><span class=\"td_social_info td_social_info_name\">Abona\u021bi<\/span><span class=\"td_social_button\"><a href=\"https:\/\/www.youtube.com\/channel\/UCQNsQvs2XCSIm1Z-AHRturw?sub_confirmation=1\" target=\"_blank\" rel=\"nofollow\">Abona\u021bi-v\u0103<\/a><\/span><\/div>\n<\/div>\n<\/div>\n<\/div>\n<aside id=\"text-7\" class=\"td_block_template_8 widget text-7 widget_text\">\n<h4 class=\"td-block-title\"><span>C\u0103ut\u0103ri populare pe OTM<\/span><\/h4>\n<div class=\"textwidget\"><a href=\"https:\/\/orasul-timisoara.ro\/?s=timisoara\"><span>Timisoara<\/span><\/a><a href=\"https:\/\/orasul-timisoara.ro\/?s=calin+dobra\"><span>Calin Dobra<\/span><\/a><a href=\"https:\/\/orasul-timisoara.ro\/?s=primaria+timisoara\"><span>Primaria Timisoara<\/span><\/a><a href=\"https:\/\/orasul-timisoara.ro\/?s=dominic+fritz\"><span>Dominic Fritz<\/span><\/a><a href=\"https:\/\/orasul-timisoara.ro\/?s=nicolae+robu\"><span>Nicolae Robu<\/span><\/a><a href=\"https:\/\/orasul-timisoara.ro\/?s=consiliul+local+timisoara\">Consiliul Local Timisoara<\/a><a href=\"https:\/\/orasul-timisoara.ro\/?s=consiliul+judetean+timis\"><span>Consiliul Judetean Timis<\/span><\/a><a href=\"https:\/\/orasul-timisoara.ro\/?s=cjt\"><span>CJT<\/span><\/a><a href=\"https:\/\/orasul-timisoara.ro\/?s=Alfred+Simonis\"><span>Alfred Simonis<\/span><\/a><a href=\"https:\/\/orasul-timisoara.ro\/?s=PNL\"><span>PNL<\/span><\/a><a href=\"https:\/\/orasul-timisoara.ro\/?s=coronavirus\"><span>coronavirus<\/span><\/a><a href=\"https:\/\/orasul-timisoara.ro\/?s=teatru+timisoara\">teatru Timisoara<\/a><a href=\"https:\/\/orasul-timisoara.ro\/?s=restaurante\"><span>restaurante Timisoara<\/span><\/a><a href=\"https:\/\/orasul-timisoara.ro\/?s=diskoteka\"><span>Diskoteka<\/span><\/a><a href=\"https:\/\/orasul-timisoara.ro\/?s=iulius+town\"><span>Iulius Town<\/span><\/a><a href=\"https:\/\/orasul-timisoara.ro\/?s=iulius+mall\"><span>Iulius Mall<\/span><\/a><a href=\"https:\/\/orasul-timisoara.ro\/?s=stpt\"><span>STPT<\/span><\/a><a href=\"https:\/\/orasul-timisoara.ro\/?s=alin+nica\"><span>Alin Nica<\/span><\/a><a href=\"https:\/\/orasul-timisoara.ro\/?s=psd\"><span>PSD<\/span><\/a><a href=\"https:\/\/orasul-timisoara.ro\/?s=aeroport\"><span>Aeroportul International Timisoara<\/span><\/a><a href=\"https:\/\/orasul-timisoara.ro\/?s=babes\"><span>Spitalul Victor Babes Timisoara<\/span><\/a><a href=\"https:\/\/orasul-timisoara.ro\/?s=poli\"><span>Poli Timi\u0219oara<\/span><\/a><a href=\"https:\/\/orasul-timisoara.ro\/?s=carantina\"><span>carantina<\/span><\/a><a href=\"https:\/\/orasul-timisoara.ro\/?s=aquatim\"><span>Aquatim<\/span><\/a><a href=\"https:\/\/orasul-timisoara.ro\/local-category\/stiri-timisoara\/\"><span>Stiri Timisoara<\/span><\/a><a href=\"https:\/\/orasul-timisoara.ro\/local-category\/investitii-in-timisoara\/\"><span>Investi\u021bii in Timi\u0219oara<\/span><\/a><a href=\"https:\/\/orasul-timisoara.ro\/local-9463\/\"><span>shaorma<\/span><\/a><a href=\"https:\/\/orasul-timisoara.ro\/?s=trafic\"><span>trafic rutier<\/span><\/a><a href=\"https:\/\/orasul-timisoara.ro\/?s=politia\"><span>politia locala timisoara<\/span><\/a><a href=\"https:\/\/orasul-timisoara.ro\/?s=roxana\"><span>Roxana Iliescu<\/span><\/a><a href=\"https:\/\/orasul-timisoara.ro\/?s=colterm\"><span>Colterm<\/span><\/a><a href=\"https:\/\/orasul-timisoara.ro\/?s=latcau\"><span>Ruben La\u021bc\u0103u<\/span><\/a><a href=\"https:\/\/orasul-timisoara.ro\/?s=timis\"><span>\u0218tiri din Timi\u0219<\/span><\/a><a href=\"https:\/\/orasul-timisoara.ro\/?s=spital\"><span>Spitale din Timi\u0219oara<\/span><\/a><a href=\"https:\/\/orasul-timisoara.ro\/?s=tabara\"><span>Cosmin Tab\u0103r\u0103<\/span><\/a><\/div>\n<\/aside>\n<aside id=\"rss-2\" class=\"td_block_template_8 widget rss-2 widget_rss\">\n<h4 class=\"td-block-title\"><span><a class=\"rsswidget rss-widget-feed\" href=\"https:\/\/fashionfridays.ro\/feed\"><img decoding=\"async\" class=\"rss-widget-icon\" width=\"14\" height=\"14\" src=\"https:\/\/orasul-timisoara.ro\/wp-includes\/images\/rss.png\" alt=\"Flux RSS: Fashion Fridays\" loading=\"lazy\"><\/a><a class=\"rsswidget rss-widget-title\" href=\"https:\/\/fashionfridays.ro\/\">Fashion Fridays<\/a><\/span><\/h4>\n<ul>\n<li><a class=\"rsswidget\" href=\"https:\/\/fashionfridays.ro\/romania-devine-a-29-a-piata-vogue-o-noua-era-pentru-industria-locala-de-moda\/\">Rom\u00e2nia devine a 29-a pia\u021b\u0103 Vogue: o nou\u0103 er\u0103 pentru industria local\u0103 de mod\u0103<\/a>\n<div class=\"rssSummary\">Revista Vogue \u00ee\u0219i extinde prezen\u021ba global\u0103 \u0219i va fi lansat\u0103 oficial \u00een Rom\u00e2nia \u00een prim\u0103vara anului 2027, marc\u00e2nd intrarea pe cea de-a 29-a pia\u021b\u0103 interna\u021bional\u0103. Proiectul este realizat \u00een parteneriat cu AEMME Publishing, o companie media recent \u00eenfiin\u021bat\u0103, care va publica edi\u021bia local\u0103 sub licen\u021b\u0103. Noua edi\u021bie, Vogue Rom\u00e2nia, \u00ee\u0219i propune s\u0103 combine autoritatea global\u0103 [\u2026]<\/div>\n<\/li>\n<\/ul>\n<\/aside>\n<aside id=\"rss-4\" class=\"td_block_template_8 widget rss-4 widget_rss\">\n<h4 class=\"td-block-title\"><span><a class=\"rsswidget rss-widget-feed\" href=\"https:\/\/emasini.ro\/feed\"><img decoding=\"async\" class=\"rss-widget-icon\" width=\"14\" height=\"14\" src=\"https:\/\/orasul-timisoara.ro\/wp-includes\/images\/rss.png\" alt=\"Flux RSS: eMasini\" loading=\"lazy\"><\/a><a class=\"rsswidget rss-widget-title\" href=\"https:\/\/emasini.ro\/\">eMasini<\/a><\/span><\/h4>\n<ul>\n<li><a class=\"rsswidget\" href=\"https:\/\/emasini.ro\/adio-bordurilor-pline-de-ecrane-mercedes-benz-readuce-butoanele-in-noile-masini-produse\/\">Adio bordurilor pline de ecrane? Mercedes-Benz readuce butoanele \u00een noile ma\u0219ini produse<\/a>\n<div class=\"rssSummary\">Mercedes-Benz \u00ee\u0219i schimb\u0103 direc\u021bia \u00een ceea ce prive\u0219te designul interioarelor \u0219i va readuce comenzile fizice pentru anumite func\u021bii importante. Constructorul german nu renun\u021b\u0103 la ecranele mari \u0219i la tehnologiile digitale, dar recunoa\u0219te c\u0103 a mers prea departe prin eliminarea unor butoane \u0219i comenzi tactile. Ola K\u00e4llenius, pre\u0219edintele Consiliului de Administra\u021bie al Mercedes-Benz Group \u0219i CEO [\u2026]<\/div>\n<\/li>\n<\/ul>\n<\/aside>\n<\/div>\n<\/div>\n<\/div>\n<\/div>\n<\/article>\n<div class=\"td-post-content tagdiv-type\">\n<p class=\"wp-block-paragraph\">\u00cen urma public\u0103rii articolului \u201e<a href=\"https:\/\/orasul-timisoara.ro\/local-40293\/\" data-type=\"link\" data-id=\"https:\/\/orasul-timisoara.ro\/local-40293\/\">Specula\u021bii f\u0103r\u0103 dovezi. Senatorul AUR Timi\u0219 vede conspira\u021bii \u00een \u00eent\u00e2lnirea Bolojan\u2013Fritz<\/a>\u201d, am primit din partea senatorului Alian\u021bei pentru Unirea Rom\u00e2nilor, Ciprian-Titi Stoica, urm\u0103torul drept la replic\u0103, reprodus \u00een r\u00e2ndurile de mai jos.<\/p>\n<p class=\"wp-block-paragraph\">Cipran-Titi Stoica : \u201eAm luat act de articolul publicat de redac\u021biile Orasul Timi\u0219oara \u0219i Opinia Timi\u0219oarei \u0219i consider necesar s\u0103 fac c\u00e2teva preciz\u0103ri, nu pentru a polemiza cu autorii materialului, ci pentru a restabili cu exactitate sensul declara\u021biilor mele.<\/p>\n<p class=\"wp-block-paragraph\">\u00cen calitate de senator al Rom\u00e2niei, am obliga\u021bia de a ridica public acele \u00eentreb\u0103ri care \u021bin de transparen\u021ba actului politic \u0219i de modul \u00een care sunt luate deciziile care privesc administra\u021bia \u0219i cet\u0103\u021benii. A pune \u00eentreb\u0103ri nu \u00eenseamn\u0103 a formula acuza\u021bii, iar solicitarea unor explica\u021bii nu poate fi echivalat\u0103 cu lansarea unor \u201eteorii\u201d sau \u201especula\u021bii\u201d.<\/p>\n<p class=\"wp-block-paragraph\">Nu am afirmat existen\u021ba unui \u201etroc\u201d \u0219i nu am prezentat drept certitudine ceea ce trebuie verificat \u0219i l\u0103murit. Am atras aten\u021bia asupra unor coinciden\u021be \u0219i asupra unei succesiuni de evenimente care, \u00een opinia mea, justific\u0103 \u00eentreb\u0103ri legitime. R\u0103spunsul firesc \u00eentr-o societate democratic\u0103 nu este decredibilizarea celui care \u00eentreab\u0103, ci furnizarea unor explica\u021bii clare \u0219i verificabile.<\/p>\n<p class=\"wp-block-paragraph\">Cred c\u0103 presa are un rol esen\u021bial \u00een aceast\u0103 ecua\u021bie, iar dezbaterea public\u0103 trebuie s\u0103 se bazeze pe fapte, documente \u0219i argumente, nu pe etichet\u0103ri. \u00cen aceea\u0219i m\u0103sur\u0103, un parlamentar are responsabilitatea de a nu trece sub t\u0103cere aspectele care pot genera suspiciuni \u00een spa\u021biul public.<\/p>\n<p class=\"wp-block-paragraph\">Dac\u0103 lucrurile sunt exact a\u0219a cum sus\u021bin cei viza\u021bi, atunci clarific\u0103rile sunt binevenite \u0219i pot \u00eenchide orice specula\u021bie. Tocmai de aceea am solicitat transparen\u021b\u0103: pentru ca adev\u0103rul s\u0103 rezulte din fapte, nu din interpret\u0103ri convenabile.<\/p>\n<p class=\"wp-block-paragraph\">Nu m\u0103 voi l\u0103sa atras \u00eentr-o polemic\u0103 personal\u0103 \u0219i nici nu voi r\u0103spunde cu aceea\u0219i moned\u0103 celor care prefer\u0103 atacul la persoan\u0103 \u00een locul argumentului. Ca senator, consider c\u0103 datoria mea este fa\u021b\u0103 de cet\u0103\u021beni \u0219i fa\u021b\u0103 de interesul public.<\/p>\n<p class=\"wp-block-paragraph\">\u00centreb\u0103rile legitime nu reprezint\u0103 atacuri. Transparen\u021ba nu este o acuza\u021bie. Iar adev\u0103rul nu are nevoie s\u0103 fie protejat prin etichete, ci prin fapte.\u201d<\/p>\n<\/div>\n<p>[analyse_source url=&#8221;https:\/\/orasul-timisoara.ro\/local-40401\/&#8221;]<\/p>\n","protected":false},"excerpt":{"rendered":"<p>[analyse_image type=&#8221;featured&#8221; src=&#8221;https:\/\/orasul-timisoara.ro\/wp-content\/uploads\/2026\/08\/fritz-stoica-bolo.jpg&#8221;] PoliticDrept la replic\u0103 din partea senatorului AUR Timi\u0219, Ciprian-Titi Stoica, referitor la&#8230; Politic \u0218tiri Locale Drept la replic\u0103 din partea senatorului AUR Timi\u0219, Ciprian-Titi Stoica, referitor la articolul \u201eSpecula\u021bii f\u0103r\u0103 dovezi. Senatorul AUR Timi\u0219 vede conspira\u021bii \u00een \u00eent\u00e2lnirea Bolojan\u2013Fritz\u201d De c\u0103tre redactia &#8211; 21\/08\/2026 Facebook Twitter WhatsApp Linkedin ReddIt Email Imprimare \u00cen [&hellip;]<\/p>\n","protected":false},"author":1,"featured_media":0,"comment_status":"open","ping_status":"","sticky":false,"template":"","format":"standard","meta":{"footnotes":""},"categories":[89],"tags":[226,189],"class_list":["post-2107872","post","type-post","status-publish","format-standard","hentry","category-romania","tag-crawlmanager","tag-orasul-timisoara-ro"],"_links":{"self":[{"href":"https:\/\/analyse.optim.biz\/index.php?rest_route=\/wp\/v2\/posts\/2107872","targetHints":{"allow":["GET"]}}],"collection":[{"href":"https:\/\/analyse.optim.biz\/index.php?rest_route=\/wp\/v2\/posts"}],"about":[{"href":"https:\/\/analyse.optim.biz\/index.php?rest_route=\/wp\/v2\/types\/post"}],"author":[{"embeddable":true,"href":"https:\/\/analyse.optim.biz\/index.php?rest_route=\/wp\/v2\/users\/1"}],"replies":[{"embeddable":true,"href":"https:\/\/analyse.optim.biz\/index.php?rest_route=%2Fwp%2Fv2%2Fcomments&post=2107872"}],"version-history":[{"count":0,"href":"https:\/\/analyse.optim.biz\/index.php?rest_route=\/wp\/v2\/posts\/2107872\/revisions"}],"wp:attachment":[{"href":"https:\/\/analyse.optim.biz\/index.php?rest_route=%2Fwp%2Fv2%2Fmedia&parent=2107872"}],"wp:term":[{"taxonomy":"category","embeddable":true,"href":"https:\/\/analyse.optim.biz\/index.php?rest_route=%2Fwp%2Fv2%2Fcategories&post=2107872"},{"taxonomy":"post_tag","embeddable":true,"href":"https:\/\/analyse.optim.biz\/index.php?rest_route=%2Fwp%2Fv2%2Ftags&post=2107872"}],"curies":[{"name":"wp","href":"https:\/\/api.w.org\/{rel}","templated":true}]}}