{"id":2107868,"date":"2026-08-21T16:50:29","date_gmt":"2026-08-21T13:50:29","guid":{"rendered":"https:\/\/analyse.optim.biz\/?p=2107868"},"modified":"2026-08-21T16:50:29","modified_gmt":"2026-08-21T13:50:29","slug":"ce-stia-grindeanu-dominic-fritz-lanseaza-acuzatii-grave-in-scandalul-amendamentului-fritz","status":"publish","type":"post","link":"https:\/\/analyse.optim.biz\/?p=2107868","title":{"rendered":"\u201eCe \u0219tia Grindeanu?\u201d Dominic Fritz lanseaz\u0103 acuza\u021bii grave \u00een scandalul \u201eamendamentului Fritz\u201d"},"content":{"rendered":"<p>[analyse_image type=&#8221;featured&#8221; src=&#8221;https:\/\/orasul-timisoara.ro\/wp-content\/uploads\/2025\/06\/Dominic_Samuel_Fritz-copy.jpg&#8221;]<\/p>\n<article id=\"post-40441\" class=\"td-post-template-7 post-40441 post type-post status-publish format-standard has-post-thumbnail category-featured category-politic category-stiri-timisoara category-stiri-nationale-si-internationale tag-amendamentul-fritz tag-ccr tag-dominic-fritz tag-fritz tag-legea-integritatii tag-psd tag-sorin-grindeanu tag-usr td-container-wrap\">\n<div class=\"td-full-screen-header-image-wrap\">\n<div class=\"td-container td-post-header\">\n<div class=\"td-crumb-container\">\n<div class=\"entry-crumbs\"><span><a title=\"Vede\u021bi toate articolele \u00een Politic\" class=\"entry-crumb\" href=\"https:\/\/orasul-timisoara.ro\/local-category\/politic\/\">Politic<\/a><\/span><span class=\"td-bred-no-url-last\">\u201eCe \u0219tia Grindeanu?\u201d Dominic Fritz lanseaz\u0103 acuza\u021bii grave \u00een scandalul \u201eamendamentului Fritz\u201d<\/span><\/div>\n<\/div>\n<div class=\"td-post-header-holder\">\n<div class=\"td-parallax-header\">\n<header class=\"td-post-title\">\n<ul class=\"td-category\">\n<li class=\"entry-category\"><a href=\"https:\/\/orasul-timisoara.ro\/local-category\/politic\/\">Politic<\/a><\/li>\n<li class=\"entry-category\"><a href=\"https:\/\/orasul-timisoara.ro\/local-category\/stiri-timisoara\/\">\u0218tiri Locale<\/a><\/li>\n<li class=\"entry-category\"><a href=\"https:\/\/orasul-timisoara.ro\/local-category\/stiri-nationale-si-internationale\/\">\u0218tiri na\u021bionale \u0219i interna\u021bionale<\/a><\/li>\n<\/ul>\n<h1 class=\"entry-title\">\u201eCe \u0219tia Grindeanu?\u201d Dominic Fritz lanseaz\u0103 acuza\u021bii grave \u00een scandalul \u201eamendamentului Fritz\u201d<\/h1>\n<div class=\"td-module-meta-info\">\n<div class=\"td-post-author-name\">\n<div class=\"td-author-by\">De c\u0103tre<\/div>\n<p><a href=\"https:\/\/orasul-timisoara.ro\/author\/timisoara\/\">redactia<\/a><\/p>\n<div class=\"td-author-line\"> &#8211; <\/div>\n<\/div>\n<p><span class=\"td-post-date\"><time class=\"entry-date updated td-module-date\" datetime=\"2026-08-21T19:50:29+03:00\">21\/08\/2026<\/time><\/span><\/div>\n<\/header>\n<\/div>\n<\/div>\n<\/div>\n<div id=\"td-full-screen-header-image\" class=\"td-image-gradient-style7\"><img decoding=\"async\" class=\"td-backstretch\" src=\"https:\/\/orasul-timisoara.ro\/wp-content\/uploads\/2025\/06\/Dominic_Samuel_Fritz-copy.jpg\"><\/div>\n<\/div>\n<div class=\"td-container\">\n<div class=\"td-pb-row\">\n<div class=\"td-pb-span8 td-main-content\" role=\"main\">\n<div class=\"td-ss-main-content\">\n<div class=\"td-post-sharing-top\">\n<div class=\"td-post-sharing-classic\"><iframe title=\"topFacebookLike\" frameborder src=\"https:\/\/www.facebook.com\/plugins\/like.php?href=https:\/\/orasul-timisoara.ro\/local-40441\/&amp;layout=button_count&amp;show_faces=false&amp;width=105&amp;action=like&amp;colorscheme=light&amp;height=21\"><\/iframe><\/div>\n<div id=\"td_social_sharing_article_top\" class=\"td-post-sharing td-ps-bg td-ps-notext td-post-sharing-style1 \">\n<div class=\"td-post-sharing-visible\"><a class=\"td-social-sharing-button td-social-sharing-button-js td-social-network td-social-facebook\" href=\"https:\/\/www.facebook.com\/sharer.php?u=https%3A%2F%2Forasul-timisoara.ro%2Flocal-40441%2F\" title=\"Facebook\"><\/p>\n<div class=\"td-social-but-text\">Facebook<\/div>\n<p><\/a><a class=\"td-social-sharing-button td-social-sharing-button-js td-social-network td-social-twitter\" href=\"https:\/\/twitter.com\/intent\/tweet?text=%E2%80%9ECe+%C8%99tia+Grindeanu%3F%E2%80%9D+Dominic+Fritz+lanseaz%C4%83+acuza%C8%9Bii+grave+%C3%AEn+scandalul+%E2%80%9Eamendamentului+Fritz%E2%80%9D&amp;url=https%3A%2F%2Forasul-timisoara.ro%2Flocal-40441%2F&amp;via=orasultm\" title=\"Twitter\"><\/p>\n<div class=\"td-social-but-text\">Twitter<\/div>\n<p><\/a><a class=\"td-social-sharing-button td-social-sharing-button-js td-social-network td-social-whatsapp\" href=\"https:\/\/api.whatsapp.com\/send?text=%E2%80%9ECe+%C8%99tia+Grindeanu%3F%E2%80%9D+Dominic+Fritz+lanseaz%C4%83+acuza%C8%9Bii+grave+%C3%AEn+scandalul+%E2%80%9Eamendamentului+Fritz%E2%80%9D%20%0A%0A%20https:\/\/orasul-timisoara.ro\/local-40441\/\" title=\"WhatsApp\"><\/p>\n<div class=\"td-social-but-text\">WhatsApp<\/div>\n<p><\/a><a class=\"td-social-sharing-button td-social-sharing-button-js td-social-network td-social-linkedin\" href=\"https:\/\/www.linkedin.com\/shareArticle?mini=true&amp;url=https:\/\/orasul-timisoara.ro\/local-40441\/&amp;title=%E2%80%9ECe+%C8%99tia+Grindeanu%3F%E2%80%9D+Dominic+Fritz+lanseaz%C4%83+acuza%C8%9Bii+grave+%C3%AEn+scandalul+%E2%80%9Eamendamentului+Fritz%E2%80%9D\" title=\"Linkedin\"><\/p>\n<div class=\"td-social-but-text\">Linkedin<\/div>\n<p><\/a><a class=\"td-social-sharing-button td-social-sharing-button-js td-social-network td-social-reddit\" href=\"https:\/\/reddit.com\/submit?url=https:\/\/orasul-timisoara.ro\/local-40441\/&amp;title=%E2%80%9ECe+%C8%99tia+Grindeanu%3F%E2%80%9D+Dominic+Fritz+lanseaz%C4%83+acuza%C8%9Bii+grave+%C3%AEn+scandalul+%E2%80%9Eamendamentului+Fritz%E2%80%9D\" title=\"ReddIt\"><\/p>\n<div class=\"td-social-but-text\">ReddIt<\/div>\n<p><\/a><a class=\"td-social-sharing-button td-social-sharing-button-js td-social-network td-social-mail\" href=\"mailto:?subject=%E2%80%9ECe%20%C8%99tia%20Grindeanu?%E2%80%9D%20Dominic%20Fritz%20lanseaz%C4%83%20acuza%C8%9Bii%20grave%20%C3%AEn%20scandalul%20%E2%80%9Eamendamentului%20Fritz%E2%80%9D&amp;body=https:\/\/orasul-timisoara.ro\/local-40441\/\" title=\"Email\"><\/p>\n<div class=\"td-social-but-text\">Email<\/div>\n<p><\/a><a class=\"td-social-sharing-button td-social-sharing-button-js td-social-network td-social-print\" href=\"https:\/\/orasul-timisoara.ro\/local-40441\/\" title=\"Imprimare\"><\/p>\n<div class=\"td-social-but-text\">Imprimare<\/div>\n<p><\/a><\/div>\n<\/div>\n<\/div>\n<div class=\"td-post-content tagdiv-type\">\n<p class=\"wp-block-paragraph\">Dominic Fritz \u00eei <a href=\"https:\/\/www.facebook.com\/dominicprimar\/posts\/pfbid02zPtd8WYuyD7SonVepYYpPzvcZqLhB9sgcgV6G8mqzS5gEZDspLewwjcBcZpuYYyJl\" data-type=\"link\" data-id=\"https:\/\/www.facebook.com\/dominicprimar\/posts\/pfbid02zPtd8WYuyD7SonVepYYpPzvcZqLhB9sgcgV6G8mqzS5gEZDspLewwjcBcZpuYYyJl\" target=\"_blank\" rel=\"noopener\">cere explica\u021bii<\/a> lui Sorin Grindeanu dup\u0103 apari\u021bia \u00een spa\u021biul public <a href=\"https:\/\/www.stiripesurse.ro\/avem-motivarea-ccr-pe-amendamentul-fritz-curtea-spune-ca-nu-l-sanctioneaza-retroactiv-ci-incheie-un-mandat-viciat-de-ce-cade-acum-toata-transparenta-declaratiilor-document_3913937\" data-type=\"link\" data-id=\"https:\/\/www.stiripesurse.ro\/avem-motivarea-ccr-pe-amendamentul-fritz-curtea-spune-ca-nu-l-sanctioneaza-retroactiv-ci-incheie-un-mandat-viciat-de-ce-cade-acum-toata-transparenta-declaratiilor-document_3913937\" target=\"_blank\" rel=\"noopener\">a unui document<\/a> prezentat drept motivarea Cur\u021bii Constitu\u021bionale \u00een cazul \u201eamendamentului Fritz\u201d din noua Lege a integrit\u0103\u021bii. Primarul Timi\u0219oarei sus\u021bine c\u0103 prevederea care \u00eei poate determina \u00eencetarea mandatului ar fi fost introdus\u0103 ini\u021bial \u00een forma final\u0103 a proiectului de lege f\u0103r\u0103 s\u0103 fi fost dezb\u0103tut\u0103 \u0219i votat\u0103 \u00een comisiile parlamentare \u0219i afirm\u0103 c\u0103 USR a depus o pl\u00e2ngere penal\u0103 \u00een acest caz.<\/p>\n<h2 class=\"wp-block-heading\">Fritz \u00eel \u00eentreab\u0103 pe Grindeanu cine a introdus amendamentul<\/h2>\n<p class=\"wp-block-paragraph\">\u00centr-o postare publicat\u0103 pe Facebook, Dominic Fritz \u00eel indic\u0103 pe Sorin Grindeanu, \u00een calitatea sa de pre\u0219edinte al Camerei Deputa\u021bilor, \u0219i \u00eei cere s\u0103 explice cum a ajuns prevederea controversat\u0103 \u00een forma final\u0103 a proiectului de lege.<\/p>\n<p class=\"wp-block-paragraph\">Potrivit lui Fritz, cu doar c\u00e2teva minute \u00eenaintea votului din plenul Camerei Deputa\u021bilor, juri\u0219tii USR ar fi observat c\u0103 \u00een textul final ap\u0103ruse un articol nou, care nu fusese dezb\u0103tut sau votat \u00een comisiile parlamentare. Primarul Timi\u0219oarei sus\u021bine c\u0103 articolul con\u021binea prevederea care \u00eei poate \u00eenceta mandatul.<\/p>\n<p class=\"wp-block-paragraph\">Fritz afirm\u0103 c\u0103 un deputat USR a semnalat \u00een plen ceea ce a fost prezentat drept o \u201eeroare material\u0103\u201d, iar textul ar fi fost ulterior corectat. Primarul sus\u021bine \u00eens\u0103 c\u0103 nu ar fi fost vorba despre o simpl\u0103 eroare, ci despre o tentativ\u0103 de introducere a unei prevederi legislative f\u0103r\u0103 asumare public\u0103.<\/p>\n<h2 class=\"wp-block-heading\">\u201eCe \u0219tia Grindeanu?\u201d<\/h2>\n<p class=\"wp-block-paragraph\">Dominic Fritz \u00eei cere lui Sorin Grindeanu s\u0103 r\u0103spund\u0103 la trei \u00eentreb\u0103ri: cine dintre angaja\u021bii Camerei Deputa\u021bilor a redactat textul care con\u021binea prevederea contestat\u0103, cine ar fi cerut introducerea acesteia \u0219i care vor fi consecin\u021bele pentru persoanele implicate.<\/p>\n<p class=\"wp-block-paragraph\">Primarul Timi\u0219oarei merge mai departe \u0219i afirm\u0103 c\u0103 lipsa unei explica\u021bii din partea lui Grindeanu ridic\u0103 suspiciuni cu privire la implicarea acestuia. Fritz lanseaz\u0103 inclusiv ipoteza c\u0103 liderul PSD ar putea s\u0103 fi \u0219tiut sau chiar s\u0103 fi avut un rol \u00een strategia prin care amendamentul a ajuns \u00een forma proiectului de lege.<\/p>\n<p class=\"wp-block-paragraph\">Afirma\u021biile reprezint\u0103 pozi\u021bia politic\u0103 a lui Dominic Fritz, iar eventualele responsabilit\u0103\u021bi penale urmeaz\u0103 s\u0103 fie stabilite de autorit\u0103\u021bile competente. USR a anun\u021bat c\u0103 a depus o pl\u00e2ngere penal\u0103 \u00een leg\u0103tur\u0103 cu modul \u00een care prevederea ar fi fost introdus\u0103 \u00een textul legislativ.<\/p>\n<h2 class=\"wp-block-heading\">Amendamentul care \u00eei poate \u00eencheia mandatul lui Fritz<\/h2>\n<p class=\"wp-block-paragraph\">Controversa are la baz\u0103 o prevedere din noua Lege a integrit\u0103\u021bii care stabile\u0219te c\u0103 persoanelor \u00een cazul c\u0103rora s-a constatat definitiv, \u00eenainte de intrarea \u00een vigoare a legii, o stare de incompatibilitate sau un conflict de interese \u0219i pentru care nu s-a \u00eemplinit termenul de trei ani al interdic\u021biei le \u00eenceteaz\u0103 de drept func\u021bia, demnitatea public\u0103 sau mandatul la 30 de zile de la intrarea \u00een vigoare a noii legi.<\/p>\n<p class=\"wp-block-paragraph\">Prevederea \u00eel vizeaz\u0103 direct pe Dominic Fritz, dup\u0103 ce acesta a fost declarat \u00een conflict de interese, iar \u00cenalta Curte de Casa\u021bie \u0219i Justi\u021bie a respins definitiv demersul s\u0103u \u00eempotriva raportului Agen\u021biei Na\u021bionale de Integritate. <\/p>\n<p class=\"wp-block-paragraph\">Curtea Constitu\u021bional\u0103 a decis, la 17 august, c\u0103 aceast\u0103 prevedere este constitu\u021bional\u0103. \u00cen schimb, CCR a declarat neconstitu\u021bionale alte dispozi\u021bii din lege referitoare la declara\u021biile de interese financiare ale persoanelor aflate \u00eentr-o rela\u021bie asem\u0103n\u0103toare celei dintre so\u021bi. <\/p>\n<h2 class=\"wp-block-heading\">CCR: \u00eencetarea mandatului nu reprezint\u0103 o sanc\u021biune retroactiv\u0103<\/h2>\n<p class=\"wp-block-paragraph\">Motivarea CCR publicat\u0103 ulterior deciziei arat\u0103 c\u0103 judec\u0103torii constitu\u021bionali consider\u0103 c\u0103 \u00eencetarea mandatului \u00een cazul persoanelor aflate \u00een situa\u021bia prev\u0103zut\u0103 de noua lege nu reprezint\u0103 aplicarea retroactiv\u0103 a unei sanc\u021biuni, ci o m\u0103sur\u0103 destinat\u0103 protej\u0103rii integrit\u0103\u021bii exercit\u0103rii func\u021biei publice.<\/p>\n<p class=\"wp-block-paragraph\">Pozi\u021bia Cur\u021bii contrazice astfel argumentul sus\u021binut de Dominic Fritz \u0219i de cei care au contestat constitu\u021bionalitatea prevederii, potrivit c\u0103ruia noul regim ar produce efecte defavorabile asupra unor situa\u021bii juridice stabilite \u00eenainte de intrarea \u00een vigoare a legii.<\/p>\n<h2 class=\"wp-block-heading\">Grindeanu a cerut s\u0103 fie a\u0219teptat\u0103 motivarea CCR<\/h2>\n<p class=\"wp-block-paragraph\">Sorin Grindeanu a respins anterior formularea de \u201eamendament Fritz\u201d, afirm\u00e2nd c\u0103 prevederea nu \u00eel vizeaz\u0103 exclusiv pe primarul Timi\u0219oarei. Liderul PSD a declarat c\u0103, potrivit informa\u021biilor prezentate de Agen\u021bia Na\u021bional\u0103 de Integritate, aproximativ 50 de persoane s-ar afla \u00eentr-o situa\u021bie similar\u0103. <\/p>\n<p class=\"wp-block-paragraph\">Grindeanu a mai afirmat c\u0103 nu dore\u0219te s\u0103 comenteze decizia CCR \u00eenainte de publicarea motiv\u0103rii \u0219i c\u0103 Parlamentul poate fi convocat de urgen\u021b\u0103 dac\u0103 va fi necesar\u0103 modificarea legisla\u021biei pentru punerea acesteia \u00een acord cu decizia Cur\u021bii. <\/p>\n<p class=\"wp-block-paragraph\">\u00cen acest context, conflictul politic dintre conducerea PSD \u0219i Dominic Fritz se mut\u0103 acum \u0219i \u00een zona responsabilit\u0103\u021bii privind modul \u00een care prevederea a fost introdus\u0103 \u00een procesul legislativ. Primarul Timi\u0219oarei cere r\u0103spunsuri publice de la conducerea Camerei Deputa\u021bilor, \u00een timp ce motivarea CCR clarific\u0103 pozi\u021bia Cur\u021bii asupra constitu\u021bionalit\u0103\u021bii prevederii care poate duce la \u00eencetarea mandatului s\u0103u.<\/p>\n<\/div>\n<footer>\n<div class=\"td-post-source-tags\">\n<ul class=\"td-tags td-post-small-box clearfix\">\n<li><span>ETICHETE<\/span><\/li>\n<li><a href=\"https:\/\/orasul-timisoara.ro\/local-tag\/amendamentul-fritz\/\">amendamentul Fritz<\/a><\/li>\n<li><a href=\"https:\/\/orasul-timisoara.ro\/local-tag\/ccr\/\">ccr<\/a><\/li>\n<li><a href=\"https:\/\/orasul-timisoara.ro\/local-tag\/dominic-fritz\/\">dominic fritz<\/a><\/li>\n<li><a href=\"https:\/\/orasul-timisoara.ro\/local-tag\/fritz\/\">fritz<\/a><\/li>\n<li><a href=\"https:\/\/orasul-timisoara.ro\/local-tag\/legea-integritatii\/\">Legea Integrit\u0103\u021bii<\/a><\/li>\n<li><a href=\"https:\/\/orasul-timisoara.ro\/local-tag\/psd\/\">psd<\/a><\/li>\n<li><a href=\"https:\/\/orasul-timisoara.ro\/local-tag\/sorin-grindeanu\/\">sorin grindeanu<\/a><\/li>\n<li><a href=\"https:\/\/orasul-timisoara.ro\/local-tag\/usr\/\">usr<\/a><\/li>\n<\/ul>\n<\/div>\n<div class=\"td-post-sharing-bottom\">\n<div class=\"td-post-sharing-classic\"><iframe title=\"bottomFacebookLike\" frameborder src=\"https:\/\/www.facebook.com\/plugins\/like.php?href=https:\/\/orasul-timisoara.ro\/local-40441\/&amp;layout=button_count&amp;show_faces=false&amp;width=105&amp;action=like&amp;colorscheme=light&amp;height=21\"><\/iframe><\/div>\n<div id=\"td_social_sharing_article_bottom\" class=\"td-post-sharing td-ps-bg td-ps-notext td-post-sharing-style1 \">\n<div class=\"td-post-sharing-visible\"><a class=\"td-social-sharing-button td-social-sharing-button-js td-social-network td-social-facebook\" href=\"https:\/\/www.facebook.com\/sharer.php?u=https%3A%2F%2Forasul-timisoara.ro%2Flocal-40441%2F\" title=\"Facebook\"><\/p>\n<div class=\"td-social-but-text\">Facebook<\/div>\n<p><\/a><a class=\"td-social-sharing-button td-social-sharing-button-js td-social-network td-social-twitter\" href=\"https:\/\/twitter.com\/intent\/tweet?text=%E2%80%9ECe+%C8%99tia+Grindeanu%3F%E2%80%9D+Dominic+Fritz+lanseaz%C4%83+acuza%C8%9Bii+grave+%C3%AEn+scandalul+%E2%80%9Eamendamentului+Fritz%E2%80%9D&amp;url=https%3A%2F%2Forasul-timisoara.ro%2Flocal-40441%2F&amp;via=orasultm\" title=\"Twitter\"><\/p>\n<div class=\"td-social-but-text\">Twitter<\/div>\n<p><\/a><a class=\"td-social-sharing-button td-social-sharing-button-js td-social-network td-social-whatsapp\" href=\"https:\/\/api.whatsapp.com\/send?text=%E2%80%9ECe+%C8%99tia+Grindeanu%3F%E2%80%9D+Dominic+Fritz+lanseaz%C4%83+acuza%C8%9Bii+grave+%C3%AEn+scandalul+%E2%80%9Eamendamentului+Fritz%E2%80%9D%20%0A%0A%20https:\/\/orasul-timisoara.ro\/local-40441\/\" title=\"WhatsApp\"><\/p>\n<div class=\"td-social-but-text\">WhatsApp<\/div>\n<p><\/a><a class=\"td-social-sharing-button td-social-sharing-button-js td-social-network td-social-linkedin\" href=\"https:\/\/www.linkedin.com\/shareArticle?mini=true&amp;url=https:\/\/orasul-timisoara.ro\/local-40441\/&amp;title=%E2%80%9ECe+%C8%99tia+Grindeanu%3F%E2%80%9D+Dominic+Fritz+lanseaz%C4%83+acuza%C8%9Bii+grave+%C3%AEn+scandalul+%E2%80%9Eamendamentului+Fritz%E2%80%9D\" title=\"Linkedin\"><\/p>\n<div class=\"td-social-but-text\">Linkedin<\/div>\n<p><\/a><a class=\"td-social-sharing-button td-social-sharing-button-js td-social-network td-social-reddit\" href=\"https:\/\/reddit.com\/submit?url=https:\/\/orasul-timisoara.ro\/local-40441\/&amp;title=%E2%80%9ECe+%C8%99tia+Grindeanu%3F%E2%80%9D+Dominic+Fritz+lanseaz%C4%83+acuza%C8%9Bii+grave+%C3%AEn+scandalul+%E2%80%9Eamendamentului+Fritz%E2%80%9D\" title=\"ReddIt\"><\/p>\n<div class=\"td-social-but-text\">ReddIt<\/div>\n<p><\/a><a class=\"td-social-sharing-button td-social-sharing-button-js td-social-network td-social-mail\" href=\"mailto:?subject=%E2%80%9ECe%20%C8%99tia%20Grindeanu?%E2%80%9D%20Dominic%20Fritz%20lanseaz%C4%83%20acuza%C8%9Bii%20grave%20%C3%AEn%20scandalul%20%E2%80%9Eamendamentului%20Fritz%E2%80%9D&amp;body=https:\/\/orasul-timisoara.ro\/local-40441\/\" title=\"Email\"><\/p>\n<div class=\"td-social-but-text\">Email<\/div>\n<p><\/a><a class=\"td-social-sharing-button td-social-sharing-button-js td-social-network td-social-print\" href=\"https:\/\/orasul-timisoara.ro\/local-40441\/\" title=\"Imprimare\"><\/p>\n<div class=\"td-social-but-text\">Imprimare<\/div>\n<p><\/a><\/div>\n<\/div>\n<\/div>\n<div class=\"td-block-row td-post-next-prev\">\n<div class=\"td-block-span6 td-post-prev-post\">\n<div class=\"td-post-next-prev-content\"><span>Articolul precedent<\/span><a href=\"https:\/\/orasul-timisoara.ro\/local-40438\/\">Politehnica Timi\u0219oara \u00eencepe Cupa Rom\u00e2niei cu Rapid! Grup\u0103 cu UTA, Corvinul \u0219i Boto\u0219ani<\/a><\/div>\n<\/div>\n<div class=\"td-block-span6 td-post-next-post\">\n<div class=\"td-post-next-prev-content\"><span>Articolul urm\u0103tor<\/span><a href=\"https:\/\/orasul-timisoara.ro\/local-40271\/\">Prim\u0103ria Veche din Timi\u0219oara: povestea cl\u0103dirii care a administrat ora\u0219ul timp de peste dou\u0103 secole<\/a><\/div>\n<\/div>\n<\/div>\n<div class=\"td-author-name vcard author\"><span class=\"fn\"><a href=\"https:\/\/orasul-timisoara.ro\/author\/timisoara\/\">redactia<\/a><\/span><\/div>\n<p><span class=\"td-page-meta\"><\/span><span class=\"td-page-meta\"><span class=\"td-page-meta\"><\/span><\/span><span class=\"td-page-meta\"><\/span><\/footer>\n<div class=\"td_block_wrap td_block_related_posts tdi_3 td_with_ajax_pagination td-pb-border-top td_block_template_8\" data-td-block-uid=\"tdi_3\">\n<h4 class=\"td-related-title td-block-title\"><a id=\"tdi_4\" class=\"td-related-left td-cur-simple-item\" data-td_filter_value data-td_block_id=\"tdi_3\" href=\"https:\/\/orasul-timisoara.ro\/local-40441\/\">ARTICOLE SIMILARE<\/a><a id=\"tdi_5\" class=\"td-related-right\" data-td_filter_value=\"td_related_more_from_author\" data-td_block_id=\"tdi_3\" href=\"https:\/\/orasul-timisoara.ro\/local-40441\/\">DE LA ACELA\u0218I AUTOR<\/a><\/h4>\n<div id=\"tdi_3\" class=\"td_block_inner\">\n<div class=\"td-related-row\">\n<div class=\"td-related-span4\">\n<div class=\"td_module_related_posts td-animation-stack td_mod_related_posts\">\n<div class=\"td-module-image\">\n<div class=\"td-module-thumb\"><a href=\"https:\/\/orasul-timisoara.ro\/local-40328\/\" rel=\"bookmark\" class=\"td-image-wrap \" title=\"Protest civic la Timi\u0219oara \u00eempotriva efectelor noii Legi a Integrit\u0103\u021bii\"><img loading=\"lazy\" decoding=\"async\" class=\"entry-thumb\" src=\"https:\/\/orasul-timisoara.ro\/wp-content\/uploads\/2026\/08\/protest-436x300.jpg\" alt title=\"Protest civic la Timi\u0219oara \u00eempotriva efectelor noii Legi a Integrit\u0103\u021bii\" width=\"218\" height=\"150\"><\/a><\/div>\n<\/div>\n<div class=\"item-details\">\n<h3 class=\"entry-title td-module-title\"><a href=\"https:\/\/orasul-timisoara.ro\/local-40328\/\" rel=\"bookmark\" title=\"Protest civic la Timi\u0219oara \u00eempotriva efectelor noii Legi a Integrit\u0103\u021bii\">Protest civic la Timi\u0219oara \u00eempotriva efectelor noii Legi a Integrit\u0103\u021bii<\/a><\/h3>\n<\/div>\n<\/div>\n<\/div>\n<div class=\"td-related-span4\">\n<div class=\"td_module_related_posts td-animation-stack td_mod_related_posts\">\n<div class=\"td-module-image\">\n<div class=\"td-module-thumb\"><a href=\"https:\/\/orasul-timisoara.ro\/local-40308\/\" rel=\"bookmark\" class=\"td-image-wrap \" title=\"Dominic Fritz, mesaj dur dup\u0103 decizia CCR: \u201eNu voi pleca nic\u0103ieri. Timi\u0219oara r\u0103m\u00e2ne casa mea\u201d\"><img loading=\"lazy\" decoding=\"async\" class=\"entry-thumb\" src=\"https:\/\/orasul-timisoara.ro\/wp-content\/uploads\/2026\/03\/dominic-fritz-usr-01-436x300.jpg\" alt title=\"Dominic Fritz, mesaj dur dup\u0103 decizia CCR: \u201eNu voi pleca nic\u0103ieri. Timi\u0219oara r\u0103m\u00e2ne casa mea\u201d\" width=\"218\" height=\"150\"><\/a><\/div>\n<\/div>\n<div class=\"item-details\">\n<h3 class=\"entry-title td-module-title\"><a href=\"https:\/\/orasul-timisoara.ro\/local-40308\/\" rel=\"bookmark\" title=\"Dominic Fritz, mesaj dur dup\u0103 decizia CCR: \u201eNu voi pleca nic\u0103ieri. Timi\u0219oara r\u0103m\u00e2ne casa mea\u201d\">Dominic Fritz, mesaj dur dup\u0103 decizia CCR: \u201eNu voi pleca nic\u0103ieri. Timi\u0219oara r\u0103m\u00e2ne casa mea\u201d<\/a><\/h3>\n<\/div>\n<\/div>\n<\/div>\n<div class=\"td-related-span4\">\n<div class=\"td_module_related_posts td-animation-stack td_mod_related_posts\">\n<div class=\"td-module-image\">\n<div class=\"td-module-thumb\"><a href=\"https:\/\/orasul-timisoara.ro\/local-40306\/\" rel=\"bookmark\" class=\"td-image-wrap \" title=\"Paradoxul Legii Integrit\u0103\u021bii: Dominic Fritz poate pierde mandatul pentru o fapt\u0103 care nu mai e conflict de interese\"><img loading=\"lazy\" decoding=\"async\" class=\"entry-thumb\" src=\"https:\/\/orasul-timisoara.ro\/wp-content\/uploads\/2026\/08\/dominic-fritz-009-436x300.jpg\" alt title=\"Paradoxul Legii Integrit\u0103\u021bii: Dominic Fritz poate pierde mandatul pentru o fapt\u0103 care nu mai e conflict de interese\" width=\"218\" height=\"150\"><\/a><\/div>\n<\/div>\n<div class=\"item-details\">\n<h3 class=\"entry-title td-module-title\"><a href=\"https:\/\/orasul-timisoara.ro\/local-40306\/\" rel=\"bookmark\" title=\"Paradoxul Legii Integrit\u0103\u021bii: Dominic Fritz poate pierde mandatul pentru o fapt\u0103 care nu mai e conflict de interese\">Paradoxul Legii Integrit\u0103\u021bii: Dominic Fritz poate pierde mandatul pentru o fapt\u0103 care nu mai e conflict de interese<\/a><\/h3>\n<\/div>\n<\/div>\n<\/div>\n<\/div>\n<\/div>\n<\/div>\n<div class=\"comments\" id=\"comments\">\n<div id=\"respond\" class=\"comment-respond\">\n<h3 id=\"reply-title\" class=\"comment-reply-title\">L\u0102SA\u021aI UN MESAJ<\/h3>\n<div class=\"comment-form-input-wrap td-form-comment\">\n<div class=\"td-warning-comment\">V\u0103 rug\u0103m s\u0103 introduce\u021bi comentariul dvs.!<\/div>\n<\/div>\n<div class=\"comment-form-input-wrap td-form-author\">\n<div class=\"td-warning-author\">Introduce\u021bi aici numele dvs.<\/div>\n<\/div>\n<div class=\"comment-form-input-wrap td-form-email\">\n<div class=\"td-warning-email-error\">A\u021bi introdus o adres\u0103 de e-mail incorect\u0103!<\/div>\n<div class=\"td-warning-email\">V\u0103 rug\u0103m s\u0103 introduce\u021bi adresa dvs. de e-mail aici<\/div>\n<\/div>\n<\/div>\n<p class=\"akismet_comment_form_privacy_notice\">Acest site folose\u0219te Akismet pentru a reduce spamul. <a href=\"https:\/\/akismet.com\/privacy\/\" target=\"_blank\" rel=\"nofollow noopener\">Afl\u0103 cum sunt procesate datele comentariilor tale<\/a>.<\/p>\n<\/div>\n<\/div>\n<\/div>\n<div class=\"td-pb-span4 td-main-sidebar\" role=\"complementary\">\n<div class=\"td-ss-main-sidebar\">\n<aside id=\"block-4\" class=\"td_block_template_8 widget block-4 widget_block widget_media_image\">\n<figure class=\"wp-block-image size-full\"><img loading=\"lazy\" decoding=\"async\" width=\"336\" height=\"280\" src=\"https:\/\/orasul-timisoara.ro\/wp-content\/uploads\/2024\/11\/ReTIM-Abonamentul-Verde-Google-Ads-336x280px.gif\" alt class=\"wp-image-29257\"><\/figure>\n<\/aside>\n<div class=\"td_block_wrap td_block_social_counter td_block_widget tdi_6 td-social-style5 td-social-boxed td-pb-border-top td_block_template_8\">\n<div class=\"td-block-title-wrap\">\n<h4 class=\"td-block-title\"><span>Urm\u0103re\u0219te-ne pe Social Media<\/span><\/h4>\n<\/div>\n<div class=\"td-social-list\">\n<div class=\"td_social_type td-pb-margin-side td_social_facebook\">\n<div class=\"td-social-box\"><span class=\"td_social_info td_social_info_counter\">344,595<\/span><span class=\"td_social_info td_social_info_name\">Fani<\/span><span class=\"td_social_button\"><a href=\"https:\/\/www.facebook.com\/247timisoara\" target=\"_blank\" rel=\"nofollow\">\u00cemi place<\/a><\/span><\/div>\n<\/div>\n<div class=\"td_social_type td-pb-margin-side td_social_instagram\">\n<div class=\"td-social-box\"><span class=\"td_social_info td_social_info_counter\">4,416<\/span><span class=\"td_social_info td_social_info_name\">Cititori<\/span><span class=\"td_social_button\"><a href=\"https:\/\/instagram.com\/orasultimisoararo\/\" target=\"_blank\" rel=\"nofollow\">Conecta\u021bi-v\u0103<\/a><\/span><\/div>\n<\/div>\n<div class=\"td_social_type td-pb-margin-side td_social_rss\">\n<div class=\"td-social-box\"><span class=\"td_social_info td_social_info_counter\">12,506<\/span><span class=\"td_social_info td_social_info_name\">Cititori<\/span><span class=\"td_social_button\"><a href=\"https:\/\/orasul-timisoara.ro\/feed\/\" target=\"_blank\" rel=\"nofollow\">Conecta\u021bi-v\u0103<\/a><\/span><\/div>\n<\/div>\n<div class=\"td_social_type td-pb-margin-side td_social_tiktok\">\n<div class=\"td-social-box\"><span class=\"td_social_info td_social_info_counter\">1,500<\/span><span class=\"td_social_info td_social_info_name\">Cititori<\/span><span class=\"td_social_button\"><a href=\"https:\/\/www.tiktok.com\/@orasultimisoara\" target=\"_blank\" rel=\"nofollow\">Conecta\u021bi-v\u0103<\/a><\/span><\/div>\n<\/div>\n<div class=\"td_social_type td-pb-margin-side td_social_twitter\">\n<div class=\"td-social-box\"><span class=\"td_social_info td_social_info_counter\">1,595<\/span><span class=\"td_social_info td_social_info_name\">Cititori<\/span><span class=\"td_social_button\"><a href=\"https:\/\/twitter.com\/orasultm\" target=\"_blank\" rel=\"nofollow\">Conecta\u021bi-v\u0103<\/a><\/span><\/div>\n<\/div>\n<div class=\"td_social_type td-pb-margin-side td_social_youtube\">\n<div class=\"td-social-box\"><span class=\"td_social_info td_social_info_counter\">3,506<\/span><span class=\"td_social_info td_social_info_name\">Abona\u021bi<\/span><span class=\"td_social_button\"><a href=\"https:\/\/www.youtube.com\/channel\/UCQNsQvs2XCSIm1Z-AHRturw?sub_confirmation=1\" target=\"_blank\" rel=\"nofollow\">Abona\u021bi-v\u0103<\/a><\/span><\/div>\n<\/div>\n<\/div>\n<\/div>\n<aside id=\"text-7\" class=\"td_block_template_8 widget text-7 widget_text\">\n<h4 class=\"td-block-title\"><span>C\u0103ut\u0103ri populare pe OTM<\/span><\/h4>\n<div class=\"textwidget\"><a href=\"https:\/\/orasul-timisoara.ro\/?s=timisoara\"><span>Timisoara<\/span><\/a><a href=\"https:\/\/orasul-timisoara.ro\/?s=calin+dobra\"><span>Calin Dobra<\/span><\/a><a href=\"https:\/\/orasul-timisoara.ro\/?s=primaria+timisoara\"><span>Primaria Timisoara<\/span><\/a><a href=\"https:\/\/orasul-timisoara.ro\/?s=dominic+fritz\"><span>Dominic Fritz<\/span><\/a><a href=\"https:\/\/orasul-timisoara.ro\/?s=nicolae+robu\"><span>Nicolae Robu<\/span><\/a><a href=\"https:\/\/orasul-timisoara.ro\/?s=consiliul+local+timisoara\">Consiliul Local Timisoara<\/a><a href=\"https:\/\/orasul-timisoara.ro\/?s=consiliul+judetean+timis\"><span>Consiliul Judetean Timis<\/span><\/a><a href=\"https:\/\/orasul-timisoara.ro\/?s=cjt\"><span>CJT<\/span><\/a><a href=\"https:\/\/orasul-timisoara.ro\/?s=Alfred+Simonis\"><span>Alfred Simonis<\/span><\/a><a href=\"https:\/\/orasul-timisoara.ro\/?s=PNL\"><span>PNL<\/span><\/a><a href=\"https:\/\/orasul-timisoara.ro\/?s=coronavirus\"><span>coronavirus<\/span><\/a><a href=\"https:\/\/orasul-timisoara.ro\/?s=teatru+timisoara\">teatru Timisoara<\/a><a href=\"https:\/\/orasul-timisoara.ro\/?s=restaurante\"><span>restaurante Timisoara<\/span><\/a><a href=\"https:\/\/orasul-timisoara.ro\/?s=diskoteka\"><span>Diskoteka<\/span><\/a><a href=\"https:\/\/orasul-timisoara.ro\/?s=iulius+town\"><span>Iulius Town<\/span><\/a><a href=\"https:\/\/orasul-timisoara.ro\/?s=iulius+mall\"><span>Iulius Mall<\/span><\/a><a href=\"https:\/\/orasul-timisoara.ro\/?s=stpt\"><span>STPT<\/span><\/a><a href=\"https:\/\/orasul-timisoara.ro\/?s=alin+nica\"><span>Alin Nica<\/span><\/a><a href=\"https:\/\/orasul-timisoara.ro\/?s=psd\"><span>PSD<\/span><\/a><a href=\"https:\/\/orasul-timisoara.ro\/?s=aeroport\"><span>Aeroportul International Timisoara<\/span><\/a><a href=\"https:\/\/orasul-timisoara.ro\/?s=babes\"><span>Spitalul Victor Babes Timisoara<\/span><\/a><a href=\"https:\/\/orasul-timisoara.ro\/?s=poli\"><span>Poli Timi\u0219oara<\/span><\/a><a href=\"https:\/\/orasul-timisoara.ro\/?s=carantina\"><span>carantina<\/span><\/a><a href=\"https:\/\/orasul-timisoara.ro\/?s=aquatim\"><span>Aquatim<\/span><\/a><a href=\"https:\/\/orasul-timisoara.ro\/local-category\/stiri-timisoara\/\"><span>Stiri Timisoara<\/span><\/a><a href=\"https:\/\/orasul-timisoara.ro\/local-category\/investitii-in-timisoara\/\"><span>Investi\u021bii in Timi\u0219oara<\/span><\/a><a href=\"https:\/\/orasul-timisoara.ro\/local-9463\/\"><span>shaorma<\/span><\/a><a href=\"https:\/\/orasul-timisoara.ro\/?s=trafic\"><span>trafic rutier<\/span><\/a><a href=\"https:\/\/orasul-timisoara.ro\/?s=politia\"><span>politia locala timisoara<\/span><\/a><a href=\"https:\/\/orasul-timisoara.ro\/?s=roxana\"><span>Roxana Iliescu<\/span><\/a><a href=\"https:\/\/orasul-timisoara.ro\/?s=colterm\"><span>Colterm<\/span><\/a><a href=\"https:\/\/orasul-timisoara.ro\/?s=latcau\"><span>Ruben La\u021bc\u0103u<\/span><\/a><a href=\"https:\/\/orasul-timisoara.ro\/?s=timis\"><span>\u0218tiri din Timi\u0219<\/span><\/a><a href=\"https:\/\/orasul-timisoara.ro\/?s=spital\"><span>Spitale din Timi\u0219oara<\/span><\/a><a href=\"https:\/\/orasul-timisoara.ro\/?s=tabara\"><span>Cosmin Tab\u0103r\u0103<\/span><\/a><\/div>\n<\/aside>\n<aside id=\"rss-2\" class=\"td_block_template_8 widget rss-2 widget_rss\">\n<h4 class=\"td-block-title\"><span><a class=\"rsswidget rss-widget-feed\" href=\"https:\/\/fashionfridays.ro\/feed\"><img decoding=\"async\" class=\"rss-widget-icon\" width=\"14\" height=\"14\" src=\"https:\/\/orasul-timisoara.ro\/wp-includes\/images\/rss.png\" alt=\"Flux RSS: Fashion Fridays\" loading=\"lazy\"><\/a><a class=\"rsswidget rss-widget-title\" href=\"https:\/\/fashionfridays.ro\/\">Fashion Fridays<\/a><\/span><\/h4>\n<ul>\n<li><a class=\"rsswidget\" href=\"https:\/\/fashionfridays.ro\/romania-devine-a-29-a-piata-vogue-o-noua-era-pentru-industria-locala-de-moda\/\">Rom\u00e2nia devine a 29-a pia\u021b\u0103 Vogue: o nou\u0103 er\u0103 pentru industria local\u0103 de mod\u0103<\/a>\n<div class=\"rssSummary\">Revista Vogue \u00ee\u0219i extinde prezen\u021ba global\u0103 \u0219i va fi lansat\u0103 oficial \u00een Rom\u00e2nia \u00een prim\u0103vara anului 2027, marc\u00e2nd intrarea pe cea de-a 29-a pia\u021b\u0103 interna\u021bional\u0103. Proiectul este realizat \u00een parteneriat cu AEMME Publishing, o companie media recent \u00eenfiin\u021bat\u0103, care va publica edi\u021bia local\u0103 sub licen\u021b\u0103. Noua edi\u021bie, Vogue Rom\u00e2nia, \u00ee\u0219i propune s\u0103 combine autoritatea global\u0103 [\u2026]<\/div>\n<\/li>\n<\/ul>\n<\/aside>\n<aside id=\"rss-4\" class=\"td_block_template_8 widget rss-4 widget_rss\">\n<h4 class=\"td-block-title\"><span><a class=\"rsswidget rss-widget-feed\" href=\"https:\/\/emasini.ro\/feed\"><img decoding=\"async\" class=\"rss-widget-icon\" width=\"14\" height=\"14\" src=\"https:\/\/orasul-timisoara.ro\/wp-includes\/images\/rss.png\" alt=\"Flux RSS: eMasini\" loading=\"lazy\"><\/a><a class=\"rsswidget rss-widget-title\" href=\"https:\/\/emasini.ro\/\">eMasini<\/a><\/span><\/h4>\n<ul>\n<li><a class=\"rsswidget\" href=\"https:\/\/emasini.ro\/adio-bordurilor-pline-de-ecrane-mercedes-benz-readuce-butoanele-in-noile-masini-produse\/\">Adio bordurilor pline de ecrane? Mercedes-Benz readuce butoanele \u00een noile ma\u0219ini produse<\/a>\n<div class=\"rssSummary\">Mercedes-Benz \u00ee\u0219i schimb\u0103 direc\u021bia \u00een ceea ce prive\u0219te designul interioarelor \u0219i va readuce comenzile fizice pentru anumite func\u021bii importante. Constructorul german nu renun\u021b\u0103 la ecranele mari \u0219i la tehnologiile digitale, dar recunoa\u0219te c\u0103 a mers prea departe prin eliminarea unor butoane \u0219i comenzi tactile. Ola K\u00e4llenius, pre\u0219edintele Consiliului de Administra\u021bie al Mercedes-Benz Group \u0219i CEO [\u2026]<\/div>\n<\/li>\n<\/ul>\n<\/aside>\n<\/div>\n<\/div>\n<\/div>\n<\/div>\n<\/article>\n<div class=\"td-post-content tagdiv-type\">\n<p class=\"wp-block-paragraph\">Dominic Fritz \u00eei <a href=\"https:\/\/www.facebook.com\/dominicprimar\/posts\/pfbid02zPtd8WYuyD7SonVepYYpPzvcZqLhB9sgcgV6G8mqzS5gEZDspLewwjcBcZpuYYyJl\" data-type=\"link\" data-id=\"https:\/\/www.facebook.com\/dominicprimar\/posts\/pfbid02zPtd8WYuyD7SonVepYYpPzvcZqLhB9sgcgV6G8mqzS5gEZDspLewwjcBcZpuYYyJl\" target=\"_blank\" rel=\"noopener\">cere explica\u021bii<\/a> lui Sorin Grindeanu dup\u0103 apari\u021bia \u00een spa\u021biul public <a href=\"https:\/\/www.stiripesurse.ro\/avem-motivarea-ccr-pe-amendamentul-fritz-curtea-spune-ca-nu-l-sanctioneaza-retroactiv-ci-incheie-un-mandat-viciat-de-ce-cade-acum-toata-transparenta-declaratiilor-document_3913937\" data-type=\"link\" data-id=\"https:\/\/www.stiripesurse.ro\/avem-motivarea-ccr-pe-amendamentul-fritz-curtea-spune-ca-nu-l-sanctioneaza-retroactiv-ci-incheie-un-mandat-viciat-de-ce-cade-acum-toata-transparenta-declaratiilor-document_3913937\" target=\"_blank\" rel=\"noopener\">a unui document<\/a> prezentat drept motivarea Cur\u021bii Constitu\u021bionale \u00een cazul \u201eamendamentului Fritz\u201d din noua Lege a integrit\u0103\u021bii. Primarul Timi\u0219oarei sus\u021bine c\u0103 prevederea care \u00eei poate determina \u00eencetarea mandatului ar fi fost introdus\u0103 ini\u021bial \u00een forma final\u0103 a proiectului de lege f\u0103r\u0103 s\u0103 fi fost dezb\u0103tut\u0103 \u0219i votat\u0103 \u00een comisiile parlamentare \u0219i afirm\u0103 c\u0103 USR a depus o pl\u00e2ngere penal\u0103 \u00een acest caz.<\/p>\n<h2 class=\"wp-block-heading\">Fritz \u00eel \u00eentreab\u0103 pe Grindeanu cine a introdus amendamentul<\/h2>\n<p class=\"wp-block-paragraph\">\u00centr-o postare publicat\u0103 pe Facebook, Dominic Fritz \u00eel indic\u0103 pe Sorin Grindeanu, \u00een calitatea sa de pre\u0219edinte al Camerei Deputa\u021bilor, \u0219i \u00eei cere s\u0103 explice cum a ajuns prevederea controversat\u0103 \u00een forma final\u0103 a proiectului de lege.<\/p>\n<p class=\"wp-block-paragraph\">Potrivit lui Fritz, cu doar c\u00e2teva minute \u00eenaintea votului din plenul Camerei Deputa\u021bilor, juri\u0219tii USR ar fi observat c\u0103 \u00een textul final ap\u0103ruse un articol nou, care nu fusese dezb\u0103tut sau votat \u00een comisiile parlamentare. Primarul Timi\u0219oarei sus\u021bine c\u0103 articolul con\u021binea prevederea care \u00eei poate \u00eenceta mandatul.<\/p>\n<p class=\"wp-block-paragraph\">Fritz afirm\u0103 c\u0103 un deputat USR a semnalat \u00een plen ceea ce a fost prezentat drept o \u201eeroare material\u0103\u201d, iar textul ar fi fost ulterior corectat. Primarul sus\u021bine \u00eens\u0103 c\u0103 nu ar fi fost vorba despre o simpl\u0103 eroare, ci despre o tentativ\u0103 de introducere a unei prevederi legislative f\u0103r\u0103 asumare public\u0103.<\/p>\n<h2 class=\"wp-block-heading\">\u201eCe \u0219tia Grindeanu?\u201d<\/h2>\n<p class=\"wp-block-paragraph\">Dominic Fritz \u00eei cere lui Sorin Grindeanu s\u0103 r\u0103spund\u0103 la trei \u00eentreb\u0103ri: cine dintre angaja\u021bii Camerei Deputa\u021bilor a redactat textul care con\u021binea prevederea contestat\u0103, cine ar fi cerut introducerea acesteia \u0219i care vor fi consecin\u021bele pentru persoanele implicate.<\/p>\n<p class=\"wp-block-paragraph\">Primarul Timi\u0219oarei merge mai departe \u0219i afirm\u0103 c\u0103 lipsa unei explica\u021bii din partea lui Grindeanu ridic\u0103 suspiciuni cu privire la implicarea acestuia. Fritz lanseaz\u0103 inclusiv ipoteza c\u0103 liderul PSD ar putea s\u0103 fi \u0219tiut sau chiar s\u0103 fi avut un rol \u00een strategia prin care amendamentul a ajuns \u00een forma proiectului de lege.<\/p>\n<p class=\"wp-block-paragraph\">Afirma\u021biile reprezint\u0103 pozi\u021bia politic\u0103 a lui Dominic Fritz, iar eventualele responsabilit\u0103\u021bi penale urmeaz\u0103 s\u0103 fie stabilite de autorit\u0103\u021bile competente. USR a anun\u021bat c\u0103 a depus o pl\u00e2ngere penal\u0103 \u00een leg\u0103tur\u0103 cu modul \u00een care prevederea ar fi fost introdus\u0103 \u00een textul legislativ.<\/p>\n<h2 class=\"wp-block-heading\">Amendamentul care \u00eei poate \u00eencheia mandatul lui Fritz<\/h2>\n<p class=\"wp-block-paragraph\">Controversa are la baz\u0103 o prevedere din noua Lege a integrit\u0103\u021bii care stabile\u0219te c\u0103 persoanelor \u00een cazul c\u0103rora s-a constatat definitiv, \u00eenainte de intrarea \u00een vigoare a legii, o stare de incompatibilitate sau un conflict de interese \u0219i pentru care nu s-a \u00eemplinit termenul de trei ani al interdic\u021biei le \u00eenceteaz\u0103 de drept func\u021bia, demnitatea public\u0103 sau mandatul la 30 de zile de la intrarea \u00een vigoare a noii legi.<\/p>\n<p class=\"wp-block-paragraph\">Prevederea \u00eel vizeaz\u0103 direct pe Dominic Fritz, dup\u0103 ce acesta a fost declarat \u00een conflict de interese, iar \u00cenalta Curte de Casa\u021bie \u0219i Justi\u021bie a respins definitiv demersul s\u0103u \u00eempotriva raportului Agen\u021biei Na\u021bionale de Integritate. <\/p>\n<p class=\"wp-block-paragraph\">Curtea Constitu\u021bional\u0103 a decis, la 17 august, c\u0103 aceast\u0103 prevedere este constitu\u021bional\u0103. \u00cen schimb, CCR a declarat neconstitu\u021bionale alte dispozi\u021bii din lege referitoare la declara\u021biile de interese financiare ale persoanelor aflate \u00eentr-o rela\u021bie asem\u0103n\u0103toare celei dintre so\u021bi. <\/p>\n<h2 class=\"wp-block-heading\">CCR: \u00eencetarea mandatului nu reprezint\u0103 o sanc\u021biune retroactiv\u0103<\/h2>\n<p class=\"wp-block-paragraph\">Motivarea CCR publicat\u0103 ulterior deciziei arat\u0103 c\u0103 judec\u0103torii constitu\u021bionali consider\u0103 c\u0103 \u00eencetarea mandatului \u00een cazul persoanelor aflate \u00een situa\u021bia prev\u0103zut\u0103 de noua lege nu reprezint\u0103 aplicarea retroactiv\u0103 a unei sanc\u021biuni, ci o m\u0103sur\u0103 destinat\u0103 protej\u0103rii integrit\u0103\u021bii exercit\u0103rii func\u021biei publice.<\/p>\n<p class=\"wp-block-paragraph\">Pozi\u021bia Cur\u021bii contrazice astfel argumentul sus\u021binut de Dominic Fritz \u0219i de cei care au contestat constitu\u021bionalitatea prevederii, potrivit c\u0103ruia noul regim ar produce efecte defavorabile asupra unor situa\u021bii juridice stabilite \u00eenainte de intrarea \u00een vigoare a legii.<\/p>\n<h2 class=\"wp-block-heading\">Grindeanu a cerut s\u0103 fie a\u0219teptat\u0103 motivarea CCR<\/h2>\n<p class=\"wp-block-paragraph\">Sorin Grindeanu a respins anterior formularea de \u201eamendament Fritz\u201d, afirm\u00e2nd c\u0103 prevederea nu \u00eel vizeaz\u0103 exclusiv pe primarul Timi\u0219oarei. Liderul PSD a declarat c\u0103, potrivit informa\u021biilor prezentate de Agen\u021bia Na\u021bional\u0103 de Integritate, aproximativ 50 de persoane s-ar afla \u00eentr-o situa\u021bie similar\u0103. <\/p>\n<p class=\"wp-block-paragraph\">Grindeanu a mai afirmat c\u0103 nu dore\u0219te s\u0103 comenteze decizia CCR \u00eenainte de publicarea motiv\u0103rii \u0219i c\u0103 Parlamentul poate fi convocat de urgen\u021b\u0103 dac\u0103 va fi necesar\u0103 modificarea legisla\u021biei pentru punerea acesteia \u00een acord cu decizia Cur\u021bii. <\/p>\n<p class=\"wp-block-paragraph\">\u00cen acest context, conflictul politic dintre conducerea PSD \u0219i Dominic Fritz se mut\u0103 acum \u0219i \u00een zona responsabilit\u0103\u021bii privind modul \u00een care prevederea a fost introdus\u0103 \u00een procesul legislativ. Primarul Timi\u0219oarei cere r\u0103spunsuri publice de la conducerea Camerei Deputa\u021bilor, \u00een timp ce motivarea CCR clarific\u0103 pozi\u021bia Cur\u021bii asupra constitu\u021bionalit\u0103\u021bii prevederii care poate duce la \u00eencetarea mandatului s\u0103u.<\/p>\n<\/div>\n<p>[analyse_source url=&#8221;https:\/\/orasul-timisoara.ro\/local-40441\/&#8221;]<\/p>\n","protected":false},"excerpt":{"rendered":"<p>[analyse_image type=&#8221;featured&#8221; src=&#8221;https:\/\/orasul-timisoara.ro\/wp-content\/uploads\/2025\/06\/Dominic_Samuel_Fritz-copy.jpg&#8221;] Politic\u201eCe \u0219tia Grindeanu?\u201d Dominic Fritz lanseaz\u0103 acuza\u021bii grave \u00een scandalul \u201eamendamentului Fritz\u201d Politic \u0218tiri Locale \u0218tiri na\u021bionale \u0219i interna\u021bionale \u201eCe \u0219tia Grindeanu?\u201d Dominic Fritz lanseaz\u0103 acuza\u021bii grave \u00een scandalul \u201eamendamentului Fritz\u201d De c\u0103tre redactia &#8211; 21\/08\/2026 Facebook Twitter WhatsApp Linkedin ReddIt Email Imprimare Dominic Fritz \u00eei cere explica\u021bii lui Sorin Grindeanu dup\u0103 [&hellip;]<\/p>\n","protected":false},"author":1,"featured_media":0,"comment_status":"open","ping_status":"","sticky":false,"template":"","format":"standard","meta":{"footnotes":""},"categories":[89],"tags":[226,189],"class_list":["post-2107868","post","type-post","status-publish","format-standard","hentry","category-romania","tag-crawlmanager","tag-orasul-timisoara-ro"],"_links":{"self":[{"href":"https:\/\/analyse.optim.biz\/index.php?rest_route=\/wp\/v2\/posts\/2107868","targetHints":{"allow":["GET"]}}],"collection":[{"href":"https:\/\/analyse.optim.biz\/index.php?rest_route=\/wp\/v2\/posts"}],"about":[{"href":"https:\/\/analyse.optim.biz\/index.php?rest_route=\/wp\/v2\/types\/post"}],"author":[{"embeddable":true,"href":"https:\/\/analyse.optim.biz\/index.php?rest_route=\/wp\/v2\/users\/1"}],"replies":[{"embeddable":true,"href":"https:\/\/analyse.optim.biz\/index.php?rest_route=%2Fwp%2Fv2%2Fcomments&post=2107868"}],"version-history":[{"count":0,"href":"https:\/\/analyse.optim.biz\/index.php?rest_route=\/wp\/v2\/posts\/2107868\/revisions"}],"wp:attachment":[{"href":"https:\/\/analyse.optim.biz\/index.php?rest_route=%2Fwp%2Fv2%2Fmedia&parent=2107868"}],"wp:term":[{"taxonomy":"category","embeddable":true,"href":"https:\/\/analyse.optim.biz\/index.php?rest_route=%2Fwp%2Fv2%2Fcategories&post=2107868"},{"taxonomy":"post_tag","embeddable":true,"href":"https:\/\/analyse.optim.biz\/index.php?rest_route=%2Fwp%2Fv2%2Ftags&post=2107868"}],"curies":[{"name":"wp","href":"https:\/\/api.w.org\/{rel}","templated":true}]}}