{"id":2107748,"date":"2026-08-22T16:33:48","date_gmt":"2026-08-22T13:33:48","guid":{"rendered":"https:\/\/analyse.optim.biz\/?p=2107748"},"modified":"2026-08-22T16:33:48","modified_gmt":"2026-08-22T13:33:48","slug":"ultima-ora-barbat-de-48-de-ani-gasit-mort-pe-o-sosea-din-posta-calnau-foto","status":"publish","type":"post","link":"https:\/\/analyse.optim.biz\/?p=2107748","title":{"rendered":"ULTIMA OR\u0102 | B\u0103rbat de 48 de ani, g\u0103sit mort pe o \u0219osea din Po\u0219ta C\u00e2ln\u0103U (FOTO)"},"content":{"rendered":"<p>[analyse_image type=&#8221;featured&#8221; src=&#8221;https:\/\/gazetabuzoiana.ro\/wp-content\/uploads\/2026\/08\/A.png&#8221;]<\/p>\n<div class=\"entry-content entry clearfix\">\n<p class=\"wp-block-paragraph\">Un b\u0103rbat \u00een v\u00e2rst\u0103 de 48 de ani a fost g\u0103sit \u00eentins pe \u0219osea, s\u00e2mb\u0103t\u0103 dup\u0103-amiaz\u0103, \u00een satul C\u0103lug\u0103reni, comuna Po\u0219ta C\u00e2ln\u0103u.<\/p>\n<p class=\"wp-block-paragraph\">Din informa\u021biile primite de Gazeta Buzoian\u0103, b\u0103rbatul a fost observat de trec\u0103tori, care au alertat autorit\u0103\u021bile. La fa\u021ba locului au ajuns echipaje de interven\u021bie, iar \u00een imaginile transmise redac\u021biei se poate vedea \u0219i un echipaj de poli\u021bie.<\/p>\n<p class=\"wp-block-paragraph\">Potrivit informa\u021biilor preliminare, b\u0103rbatul ar fi suferit un infarct. El a fost g\u0103sit deja \u00eentins pe partea carosabil\u0103, nefiind vorba, din primele date, despre un accident rutier.<\/p>\n<p class=\"wp-block-paragraph\">Circumstan\u021bele exacte \u00een care s-a produs decesul urmeaz\u0103 s\u0103 fie stabilite de autorit\u0103\u021bi, iar cauza mor\u021bii va putea fi confirmat\u0103 \u00een urma procedurilor medicale.<\/p>\n<p class=\"wp-block-paragraph\">Vom reveni cu informa\u021bii dup\u0103 ce acestea vor fi confirmate oficial.<\/p>\n<figure class=\"wp-block-image size-large\"><img loading=\"lazy\" decoding=\"async\" width=\"576\" height=\"1024\" src=\"https:\/\/gazetabuzoiana.ro\/wp-content\/uploads\/2026\/08\/B-1-576x1024.png\" alt class=\"wp-image-22230\"><\/figure>\n<div class=\"post-bottom-meta post-bottom-tags post-tags-modern\">\n<div class=\"post-bottom-meta-title\"> Etichete<\/div>\n<p><span class=\"tagcloud\"><a href=\"https:\/\/gazetabuzoiana.ro\/tag\/ambulanta\/\" rel=\"tag\">ambulan\u021b\u0103<\/a><a href=\"https:\/\/gazetabuzoiana.ro\/tag\/ancheta-2\/\" rel=\"tag\">anchet\u0103<\/a><a href=\"https:\/\/gazetabuzoiana.ro\/tag\/barbat-de-48-de-ani\/\" rel=\"tag\">b\u0103rbat de 48 de ani<\/a><a href=\"https:\/\/gazetabuzoiana.ro\/tag\/breaking-news\/\" rel=\"tag\">Breaking News<\/a><a href=\"https:\/\/gazetabuzoiana.ro\/tag\/buzau-2\/\" rel=\"tag\">Buz\u0103u<\/a><a href=\"https:\/\/gazetabuzoiana.ro\/tag\/calugareni\/\" rel=\"tag\">C\u0103lug\u0103reni<\/a><a href=\"https:\/\/gazetabuzoiana.ro\/tag\/deces\/\" rel=\"tag\">deces<\/a><a href=\"https:\/\/gazetabuzoiana.ro\/tag\/eveniment\/\" rel=\"tag\">eveniment<\/a><a href=\"https:\/\/gazetabuzoiana.ro\/tag\/gasit-mort\/\" rel=\"tag\">g\u0103sit mort<\/a><a href=\"https:\/\/gazetabuzoiana.ro\/tag\/infarct\/\" rel=\"tag\">infarct<\/a><a href=\"https:\/\/gazetabuzoiana.ro\/tag\/ipj-buzau-2\/\" rel=\"tag\">IPJ Buz\u0103u<\/a><a href=\"https:\/\/gazetabuzoiana.ro\/tag\/judetul-buzau-2\/\" rel=\"tag\">jude\u021bul Buz\u0103u<\/a><a href=\"https:\/\/gazetabuzoiana.ro\/tag\/politie\/\" rel=\"tag\">poli\u021bie<\/a><a href=\"https:\/\/gazetabuzoiana.ro\/tag\/posta-calnau-3\/\" rel=\"tag\">Po\u0219ta C\u00e2ln\u0103u<\/a><a href=\"https:\/\/gazetabuzoiana.ro\/tag\/sosea\/\" rel=\"tag\">\u0219osea<\/a><a href=\"https:\/\/gazetabuzoiana.ro\/tag\/stiri\/\" rel=\"tag\">\u0219tiri<\/a><a href=\"https:\/\/gazetabuzoiana.ro\/tag\/stiri-buzau-2\/\" rel=\"tag\">\u0219tiri Buz\u0103u<\/a><a href=\"https:\/\/gazetabuzoiana.ro\/tag\/tragedie\/\" rel=\"tag\">tragedie<\/a><a href=\"https:\/\/gazetabuzoiana.ro\/tag\/ultima-ora-2\/\" rel=\"tag\">ultima or\u0103<\/a><\/span><\/div>\n<\/div>\n<p>[analyse_source url=&#8221;https:\/\/gazetabuzoiana.ro\/2026\/08\/22\/ultima-ora-barbat-de-48-de-ani-gasit-mort-pe-o-sosea-din-posta-calnau-foto\/&#8221;]<\/p>\n","protected":false},"excerpt":{"rendered":"<p>[analyse_image type=&#8221;featured&#8221; src=&#8221;https:\/\/gazetabuzoiana.ro\/wp-content\/uploads\/2026\/08\/A.png&#8221;] Un b\u0103rbat \u00een v\u00e2rst\u0103 de 48 de ani a fost g\u0103sit \u00eentins pe \u0219osea, s\u00e2mb\u0103t\u0103 dup\u0103-amiaz\u0103, \u00een satul C\u0103lug\u0103reni, comuna Po\u0219ta C\u00e2ln\u0103u. Din informa\u021biile primite de Gazeta Buzoian\u0103, b\u0103rbatul a fost observat de trec\u0103tori, care au alertat autorit\u0103\u021bile. La fa\u021ba locului au ajuns echipaje de interven\u021bie, iar \u00een imaginile transmise redac\u021biei se [&hellip;]<\/p>\n","protected":false},"author":1,"featured_media":0,"comment_status":"open","ping_status":"","sticky":false,"template":"","format":"standard","meta":{"footnotes":""},"categories":[2],"tags":[226,38],"class_list":["post-2107748","post","type-post","status-publish","format-standard","hentry","category-politics","tag-crawlmanager","tag-gazetabuzoiana-ro"],"_links":{"self":[{"href":"https:\/\/analyse.optim.biz\/index.php?rest_route=\/wp\/v2\/posts\/2107748","targetHints":{"allow":["GET"]}}],"collection":[{"href":"https:\/\/analyse.optim.biz\/index.php?rest_route=\/wp\/v2\/posts"}],"about":[{"href":"https:\/\/analyse.optim.biz\/index.php?rest_route=\/wp\/v2\/types\/post"}],"author":[{"embeddable":true,"href":"https:\/\/analyse.optim.biz\/index.php?rest_route=\/wp\/v2\/users\/1"}],"replies":[{"embeddable":true,"href":"https:\/\/analyse.optim.biz\/index.php?rest_route=%2Fwp%2Fv2%2Fcomments&post=2107748"}],"version-history":[{"count":0,"href":"https:\/\/analyse.optim.biz\/index.php?rest_route=\/wp\/v2\/posts\/2107748\/revisions"}],"wp:attachment":[{"href":"https:\/\/analyse.optim.biz\/index.php?rest_route=%2Fwp%2Fv2%2Fmedia&parent=2107748"}],"wp:term":[{"taxonomy":"category","embeddable":true,"href":"https:\/\/analyse.optim.biz\/index.php?rest_route=%2Fwp%2Fv2%2Fcategories&post=2107748"},{"taxonomy":"post_tag","embeddable":true,"href":"https:\/\/analyse.optim.biz\/index.php?rest_route=%2Fwp%2Fv2%2Ftags&post=2107748"}],"curies":[{"name":"wp","href":"https:\/\/api.w.org\/{rel}","templated":true}]}}