{"id":210772,"date":"2014-02-28T15:20:05","date_gmt":"2014-02-28T12:20:05","guid":{"rendered":"https:\/\/analyse.optim.biz\/?p=210772"},"modified":"2014-02-28T15:20:05","modified_gmt":"2014-02-28T12:20:05","slug":"usd-nu-il-sustine-pe-tariceanu-liviu-dragnea-nu-putem-face-alianta-cu-o-persoana-fizica","status":"publish","type":"post","link":"https:\/\/analyse.optim.biz\/?p=210772","title":{"rendered":"USD nu \u00eel sus\u0163ine pe T\u0103riceanu. Liviu Dragnea: Nu putem face alian\u0163\u0103 cu o persoan\u0103 fizic\u0103\u00a0"},"content":{"rendered":"<div class=\"entry data-app-meta data-app-meta-article\" data-embed-base-url-canonical=\"https:\/\/www.digi24.ro\/embed\/stiri\/actualitate\/politica\/usd-nu-il-sustine-pe-tariceanu-liviu-dragnea-nu-putem-face-alianta-cu-o-persoana-fizica-207557\">\n<p data-index=\"1\">\u201eIeri (joi &#8211; n.r.) m-a sunat Crin, am avut o discu\u0163ie. Am discutat, m-a \u00eentrebat ce mai facem, care e starea de spirit la noi, l-am \u00eentrebat care e starea de spirit la ei, i-am zis s\u0103 aib\u0103 grij\u0103 ce se \u00eent\u00e2mpl\u0103 \u00een partid dup\u0103 plecarea domnului T\u0103riceanu, mi-a zis c\u0103 e \u00een regul\u0103 \u015fi c\u0103 lucrurile sunt sub control\u201d, a declarat <strong>Liviu Dragnea.<\/strong><\/p>\n<p data-index=\"2\">\u00centrebat de ce l-a sunat Crin Antonescu, Dragnea a r\u0103spuns: \u201eM-a sunat pur \u015fi simplu, m-am bucurat c\u0103 m-a sunat, p\u00e2n\u0103 la urm\u0103 r\u0103m\u00e2nem \u00een rela\u0163ii civilizate, nu o s\u0103 ne d\u0103m cu pietre \u00een cap, nici eu cu el, nici Daniel cu Crin, nici Victor cu Crin. P\u00e2n\u0103 la urm\u0103, putem comunica\u201d.<\/p>\n<p data-index=\"3\">Pre\u015fedintele executiv al PSD a \u0163inut s\u0103 precizeze c\u0103 discu\u0163ia pe care a avut-o cu<strong> Crin Antonescu<\/strong> s-a referit la <strong>C\u0103lin Popescu T\u0103riceanu.<\/strong><\/p>\n<p data-index=\"4\">\u201eDespre domnul T\u0103riceanu am vorbit, \u00een sensul c\u0103 ne \u00eentreba ce facem, facem alian\u0163\u0103 cu domnul T\u0103riceanu&#8230; Nu era deloc \u00eengrijorat. I-am spus c\u0103 nu facem alian\u0163\u0103 cu domnul T\u0103riceanu\u201d, a ar\u0103tat Dragnea.<\/p>\n<p data-index=\"5\">Despre cooptarea \u00een noul Guvern a unor liberali care l-ar urma pe C\u0103lin Popescu T\u0103riceanu, Liviu Dragnea a comentat: \u201eA\u015f vrea s\u0103 l\u0103murim pu\u0163in pachetul \u0103sta de subiecte, legat de ce se \u00eent\u00e2mpl\u0103, ce s-a \u00eent\u00e2mplat \u00een PNL. USD nu poate face alian\u0163\u0103 cu o persoan\u0103 fizic\u0103, nu merge, nu iese, nu avem cum s\u0103 semn\u0103m a\u015fa ceva. Iar \u00een ceea ce prive\u015fte cooptarea la guvernare, nu ne ducem la poarta PNL \u015fi cine iese de acolo \u00eei oferim posturi \u00een guvern. Ar \u00eensemna s\u0103 facem un guvern de nu mai avem loc \u00een sala de \u015fedin\u0163\u0103 a Guvernului\u201d.<\/p>\n<p data-index=\"6\">Dragnea a \u0163inut s\u0103 men\u0163ioneze nu concepe \u201eo negociere cu persoane fizice\u201d.<\/p>\n<p data-index=\"7\">\u201eEu nu concep c\u0103 se poate face o alian\u0163\u0103 care s\u0103 fie alian\u0163\u0103 serioas\u0103, politic\u0103, cu obiective asumate \u00eentre o alian\u0163\u0103 politic\u0103, \u00eentre ni\u015fte partide politice \u015fi ni\u015fte persoane fizice. Eu nu am f\u0103cut niciodat\u0103 a\u015fa ceva \u015fi nu cred c\u0103 e \u00een regul\u0103 s\u0103 faci a\u015fa ceva, din punctul meu de vedere\u201d, a mai declarat Dragnea.<\/p>\n<p data-index=\"8\">\u015ei \u00een privin\u0163a candidaturii la preziden\u0163iale, Liviu Dragnea a men\u0163ionat c\u0103 nu exist\u0103 nicio \u00een\u0163elegere \u00eentre PSD sau USD pentru a-l sus\u0163ine pe C\u0103lin Popescu T\u0103riceanu la preziden\u0163iale. \u00a0<\/p>\n<\/div>\n<p> Source URL: https:\/\/www.digi24.ro\/stiri\/actualitate\/politica\/usd-nu-il-sustine-pe-tariceanu-liviu-dragnea-nu-putem-face-alianta-cu-o-persoana-fizica-207557<\/p>\n","protected":false},"excerpt":{"rendered":"<p>\u201eIeri (joi &#8211; n.r.) m-a sunat Crin, am avut o discu\u0163ie. Am discutat, m-a \u00eentrebat ce mai facem, care e starea de spirit la noi, l-am \u00eentrebat care e starea de spirit la ei, i-am zis s\u0103 aib\u0103 grij\u0103 ce se \u00eent\u00e2mpl\u0103 \u00een partid dup\u0103 plecarea domnului T\u0103riceanu, mi-a zis c\u0103 e \u00een regul\u0103 \u015fi [&hellip;]<\/p>\n","protected":false},"author":1,"featured_media":210773,"comment_status":"open","ping_status":"","sticky":false,"template":"","format":"standard","meta":{"footnotes":""},"categories":[2],"tags":[11],"class_list":["post-210772","post","type-post","status-publish","format-standard","has-post-thumbnail","hentry","category-politics","tag-digi24"],"_links":{"self":[{"href":"https:\/\/analyse.optim.biz\/index.php?rest_route=\/wp\/v2\/posts\/210772","targetHints":{"allow":["GET"]}}],"collection":[{"href":"https:\/\/analyse.optim.biz\/index.php?rest_route=\/wp\/v2\/posts"}],"about":[{"href":"https:\/\/analyse.optim.biz\/index.php?rest_route=\/wp\/v2\/types\/post"}],"author":[{"embeddable":true,"href":"https:\/\/analyse.optim.biz\/index.php?rest_route=\/wp\/v2\/users\/1"}],"replies":[{"embeddable":true,"href":"https:\/\/analyse.optim.biz\/index.php?rest_route=%2Fwp%2Fv2%2Fcomments&post=210772"}],"version-history":[{"count":0,"href":"https:\/\/analyse.optim.biz\/index.php?rest_route=\/wp\/v2\/posts\/210772\/revisions"}],"wp:featuredmedia":[{"embeddable":true,"href":"https:\/\/analyse.optim.biz\/index.php?rest_route=\/wp\/v2\/media\/210773"}],"wp:attachment":[{"href":"https:\/\/analyse.optim.biz\/index.php?rest_route=%2Fwp%2Fv2%2Fmedia&parent=210772"}],"wp:term":[{"taxonomy":"category","embeddable":true,"href":"https:\/\/analyse.optim.biz\/index.php?rest_route=%2Fwp%2Fv2%2Fcategories&post=210772"},{"taxonomy":"post_tag","embeddable":true,"href":"https:\/\/analyse.optim.biz\/index.php?rest_route=%2Fwp%2Fv2%2Ftags&post=210772"}],"curies":[{"name":"wp","href":"https:\/\/api.w.org\/{rel}","templated":true}]}}