{"id":210766,"date":"2014-02-28T17:01:13","date_gmt":"2014-02-28T14:01:13","guid":{"rendered":"https:\/\/analyse.optim.biz\/?p=210766"},"modified":"2014-02-28T17:01:13","modified_gmt":"2014-02-28T14:01:13","slug":"o-noua-etapa-in-conflictul-pnl-psd-razboiul-racolarilor","status":"publish","type":"post","link":"https:\/\/analyse.optim.biz\/?p=210766","title":{"rendered":"O nou\u0103 etap\u0103 \u00een conflictul PNL &#8211; PSD: R\u0103zboiul racol\u0103rilor"},"content":{"rendered":"<div class=\"entry data-app-meta data-app-meta-article\" data-embed-base-url-canonical=\"https:\/\/www.digi24.ro\/embed\/stiri\/actualitate\/politica\/o-noua-etapa-in-conflictul-pnl-psd-razboiul-racolarilor-207626\">\n<p data-index=\"1\">\u00a0<img decoding=\"async\" src=\"https:\/\/analyse.optim.biz\/wp-content\/uploads\/2024\/09\/jnc9odawjmhhc2g9ntq3ngm1zmvmogq4zwq3mju0zmqwzjfhmgq5mje4n2u-thumb_.jpg\" data-skip-htmlfix=\"1\" title=\"jnc9odawjmhhc2g9ntq3ngm1zmvmogq4zwq3mju0zmqwzjfhmgq5mje4n2u-thumb_\"><\/p>\n<p data-index=\"2\">\u201ePartidul Na\u0163ional Liberal a luat la cuno\u015ftin\u0163\u0103 faptul c\u0103 PSD a trasat sarcina fiec\u0103rei filiale social-democrate din \u00eentreaga \u0163ar\u0103 s\u0103 racoleze minim un parlamentar al PNL. Informa\u0163iile sunt confirmate de reprezentan\u0163i PNL care au fost contacta\u0163i \u00een acest sens de c\u0103tre liderii PSD\u201d, se arat\u0103 \u00eentr-un <strong><a href=\"http:\/\/www.pnl.ro\/stiri\/precizari-privind-incercarile-de-racolarea-a-unor-parlamentari-pnl-de-catre-psd&amp;page=1\" target=\"_blank\" data-skip-linkfix=\"1\" rel=\"noopener\">comunicat al PNL.<\/a><\/strong><\/p>\n<p data-index=\"3\">\u00cen opinia liberalilor, aceste practici sunt \u201edovada disper\u0103rii social-democra\u0163ilor\u201d.<\/p>\n<p data-index=\"4\">\u201ePNL condamn\u0103 aceste practici \u015fi este dezam\u0103git de faptul c\u0103, \u00een 2014, PSD recurge la astfel de metode grosolane, specifice \u00eenceputului anilor &#8217;90. De asemenea, astfel de \u00eencerc\u0103ri sunt dovada clar\u0103 a disper\u0103rii social-democra\u0163ilor, care \u00een \u00eencerc\u0103rile lor de a destabiliza PNL s-au lovit de credin\u0163a comun\u0103 \u015fi de ata\u015famentul fiec\u0103rui liberal fa\u0163\u0103 de partidul pe care-l reprezint\u0103\u201d, se mai arat\u0103 \u00een comunicat.<\/p>\n<\/div>\n<p> Source URL: https:\/\/www.digi24.ro\/stiri\/actualitate\/politica\/o-noua-etapa-in-conflictul-pnl-psd-razboiul-racolarilor-207626<\/p>\n","protected":false},"excerpt":{"rendered":"<p>\u00a0 \u201ePartidul Na\u0163ional Liberal a luat la cuno\u015ftin\u0163\u0103 faptul c\u0103 PSD a trasat sarcina fiec\u0103rei filiale social-democrate din \u00eentreaga \u0163ar\u0103 s\u0103 racoleze minim un parlamentar al PNL. Informa\u0163iile sunt confirmate de reprezentan\u0163i PNL care au fost contacta\u0163i \u00een acest sens de c\u0103tre liderii PSD\u201d, se arat\u0103 \u00eentr-un comunicat al PNL. \u00cen opinia liberalilor, aceste practici [&hellip;]<\/p>\n","protected":false},"author":1,"featured_media":210767,"comment_status":"open","ping_status":"","sticky":false,"template":"","format":"standard","meta":{"footnotes":""},"categories":[2],"tags":[11],"class_list":["post-210766","post","type-post","status-publish","format-standard","has-post-thumbnail","hentry","category-politics","tag-digi24"],"_links":{"self":[{"href":"https:\/\/analyse.optim.biz\/index.php?rest_route=\/wp\/v2\/posts\/210766","targetHints":{"allow":["GET"]}}],"collection":[{"href":"https:\/\/analyse.optim.biz\/index.php?rest_route=\/wp\/v2\/posts"}],"about":[{"href":"https:\/\/analyse.optim.biz\/index.php?rest_route=\/wp\/v2\/types\/post"}],"author":[{"embeddable":true,"href":"https:\/\/analyse.optim.biz\/index.php?rest_route=\/wp\/v2\/users\/1"}],"replies":[{"embeddable":true,"href":"https:\/\/analyse.optim.biz\/index.php?rest_route=%2Fwp%2Fv2%2Fcomments&post=210766"}],"version-history":[{"count":0,"href":"https:\/\/analyse.optim.biz\/index.php?rest_route=\/wp\/v2\/posts\/210766\/revisions"}],"wp:featuredmedia":[{"embeddable":true,"href":"https:\/\/analyse.optim.biz\/index.php?rest_route=\/wp\/v2\/media\/210767"}],"wp:attachment":[{"href":"https:\/\/analyse.optim.biz\/index.php?rest_route=%2Fwp%2Fv2%2Fmedia&parent=210766"}],"wp:term":[{"taxonomy":"category","embeddable":true,"href":"https:\/\/analyse.optim.biz\/index.php?rest_route=%2Fwp%2Fv2%2Fcategories&post=210766"},{"taxonomy":"post_tag","embeddable":true,"href":"https:\/\/analyse.optim.biz\/index.php?rest_route=%2Fwp%2Fv2%2Ftags&post=210766"}],"curies":[{"name":"wp","href":"https:\/\/api.w.org\/{rel}","templated":true}]}}