{"id":2107651,"date":"2026-08-22T13:58:53","date_gmt":"2026-08-22T10:58:53","guid":{"rendered":"https:\/\/analyse.optim.biz\/?p=2107651"},"modified":"2026-08-22T13:58:53","modified_gmt":"2026-08-22T10:58:53","slug":"batranel-de-89-de-ani-aventurat-singur-pe-munte-salvat-de-jandarmi","status":"publish","type":"post","link":"https:\/\/analyse.optim.biz\/?p=2107651","title":{"rendered":"B\u0103tr\u00e2nel de 89 de ani, aventurat singur pe munte, salvat de jandarmi"},"content":{"rendered":"<p>[analyse_image type=&#8221;featured&#8221; src=&#8221;https:\/\/renasterea.ro\/ro\/wp-content\/uploads\/2026\/08\/aventura-pe-munte.jpghttps:\/\/renasterea.ro\/ro\/wp-content\/uploads\/2026\/08\/aventura-pe-munte.jpg&#8221;]<\/p>\n<div class=\"entry-content\"><img loading=\"lazy\" decoding=\"async\" width=\"650\" height=\"408\" src=\"https:\/\/renasterea.ro\/ro\/wp-content\/uploads\/2026\/08\/aventura-pe-munte.jpg\" class=\"attachment-medium size-medium wp-post-image\" alt=\"B\u0103tr\u00e2nel de 89 de ani, aventurat singur pe munte, salvat de jandarmi\" title=\"B\u0103tr\u00e2nel de 89 de ani, aventurat singur pe munte, salvat de jandarmi 1\"><\/p>\n<h4>B\u0103tr\u00e2nel de 89 de ani, aventurat singur pe munte, salvat de jandarmi<\/h4>\n<p>Uneori, grija pentru un prieten este cea care d\u0103 alarma la timp. Un b\u0103rbat \u00een v\u00e2rst\u0103 de 86 de ani a cerut sprijinul jandarmilor montani din B\u0103ile Herculane, \u00eengrijorat c\u0103 prietenul s\u0103u, \u00een v\u00e2rst\u0103 de 89 de ani, plecase singur pe traseul c\u0103tre Grota cu Aburi \u0219i nu mai revenise. Jandarmii montani au pornit imediat \u00een c\u0103utarea acestuia, iar dup\u0103 aproximativ 30 de minute l-au g\u0103sit pe traseu, \u00een siguran\u021b\u0103.<\/p>\n<p>Omul nu era echipat corespunz\u0103tor pentru o astfel de drume\u021bie, \u00eens\u0103, din fericire, se sim\u021bea bine \u0219i a precizat c\u0103 nu are nevoie de \u00eengrijiri medicale. La final, jandarmii i-au \u00eenso\u021bit pe cei doi p\u00e2n\u0103 la locul de cazare.<\/p>\n<p>\u201eNe bucur\u0103m c\u0103 aceast\u0103 poveste s-a \u00eencheiat cu bine. Curajul \u0219i dorin\u021ba de a ne bucura de munte nu au v\u00e2rst\u0103, \u00eens\u0103 este important s\u0103 ne cunoa\u0219tem limitele \u0219i s\u0103 fim preg\u0103ti\u021bi pentru traseul pe care \u00eel alegem.\u201c \u2013 Jandarmeria Cara\u0219-Severin<\/p>\n<p>Jandarmii recomand\u0103 turi\u0219tilor care pornesc \u00een drume\u021bii s\u0103 fie bine informa\u021bi \u00eenainte, s\u0103 aib\u0103 echipament adecvat, ap\u0103 \u0219i alimente. \u0218i, mai ales, s\u0103 nu plece singuri prin mun\u021bi! La list\u0103 se adaug\u0103 \u0219i indispensabilul telefon mobil, cu baterie suficient\u0103.<\/p>\n<p>\u201eAve\u021bi grij\u0103 de voi \u0219i de cei dragi. Uneori, un gest de grij\u0103 f\u0103cut la timp poate face diferen\u021ba\u201c, au transmis jandarmii c\u0103r\u0103\u0219eni.<\/p>\n<h2>CITE\u0218TE \u0218I: <span><a href=\"https:\/\/renasterea.ro\/estul-timisului-isi-deschide-valorile-turistice-de-la-sopot-si-transluncani-la-surduc-si-poiana-rusca-foto\/\">Estul Timi\u0219ului \u00ee\u0219i deschide valorile turistice. De la \u0218opot \u0219i Transluncani, la Surduc \u0219i Poiana Rusc\u0103 (foto)<\/a><\/span><\/h2>\n<\/div>\n<p>[analyse_source url=&#8221;https:\/\/renasterea.ro\/batranel-de-89-de-ani-aventurat-singur-pe-munte-salvat-de-jandarmi\/&#8221;]<\/p>\n","protected":false},"excerpt":{"rendered":"<p>[analyse_image type=&#8221;featured&#8221; src=&#8221;https:\/\/renasterea.ro\/ro\/wp-content\/uploads\/2026\/08\/aventura-pe-munte.jpghttps:\/\/renasterea.ro\/ro\/wp-content\/uploads\/2026\/08\/aventura-pe-munte.jpg&#8221;] B\u0103tr\u00e2nel de 89 de ani, aventurat singur pe munte, salvat de jandarmi Uneori, grija pentru un prieten este cea care d\u0103 alarma la timp. Un b\u0103rbat \u00een v\u00e2rst\u0103 de 86 de ani a cerut sprijinul jandarmilor montani din B\u0103ile Herculane, \u00eengrijorat c\u0103 prietenul s\u0103u, \u00een v\u00e2rst\u0103 de 89 de ani, plecase singur [&hellip;]<\/p>\n","protected":false},"author":1,"featured_media":0,"comment_status":"open","ping_status":"","sticky":false,"template":"","format":"standard","meta":{"footnotes":""},"categories":[89],"tags":[226,188],"class_list":["post-2107651","post","type-post","status-publish","format-standard","hentry","category-romania","tag-crawlmanager","tag-renasterea-ro"],"_links":{"self":[{"href":"https:\/\/analyse.optim.biz\/index.php?rest_route=\/wp\/v2\/posts\/2107651","targetHints":{"allow":["GET"]}}],"collection":[{"href":"https:\/\/analyse.optim.biz\/index.php?rest_route=\/wp\/v2\/posts"}],"about":[{"href":"https:\/\/analyse.optim.biz\/index.php?rest_route=\/wp\/v2\/types\/post"}],"author":[{"embeddable":true,"href":"https:\/\/analyse.optim.biz\/index.php?rest_route=\/wp\/v2\/users\/1"}],"replies":[{"embeddable":true,"href":"https:\/\/analyse.optim.biz\/index.php?rest_route=%2Fwp%2Fv2%2Fcomments&post=2107651"}],"version-history":[{"count":0,"href":"https:\/\/analyse.optim.biz\/index.php?rest_route=\/wp\/v2\/posts\/2107651\/revisions"}],"wp:attachment":[{"href":"https:\/\/analyse.optim.biz\/index.php?rest_route=%2Fwp%2Fv2%2Fmedia&parent=2107651"}],"wp:term":[{"taxonomy":"category","embeddable":true,"href":"https:\/\/analyse.optim.biz\/index.php?rest_route=%2Fwp%2Fv2%2Fcategories&post=2107651"},{"taxonomy":"post_tag","embeddable":true,"href":"https:\/\/analyse.optim.biz\/index.php?rest_route=%2Fwp%2Fv2%2Ftags&post=2107651"}],"curies":[{"name":"wp","href":"https:\/\/api.w.org\/{rel}","templated":true}]}}