{"id":2107649,"date":"2026-08-22T05:26:39","date_gmt":"2026-08-22T02:26:39","guid":{"rendered":"https:\/\/analyse.optim.biz\/?p=2107649"},"modified":"2026-08-22T05:26:39","modified_gmt":"2026-08-22T02:26:39","slug":"restrictii-majore-de-trafic-in-timisoara-pana-in-30-septembrie","status":"publish","type":"post","link":"https:\/\/analyse.optim.biz\/?p=2107649","title":{"rendered":"Restric\u021bii majore de trafic \u00een Timi\u0219oara, p\u00e2n\u0103 \u00een 30 septembrie"},"content":{"rendered":"<p>[analyse_image type=&#8221;featured&#8221; src=&#8221;https:\/\/renasterea.ro\/ro\/wp-content\/uploads\/2026\/08\/restrictii-de-trafic-1024&#215;576.jpghttps:\/\/renasterea.ro\/ro\/wp-content\/uploads\/2026\/08\/restrictii-de-trafic.jpg&#8221;]<\/p>\n<div class=\"entry-content\"><img loading=\"lazy\" decoding=\"async\" width=\"800\" height=\"450\" src=\"https:\/\/renasterea.ro\/ro\/wp-content\/uploads\/2026\/08\/restrictii-de-trafic-800x450.jpg\" class=\"attachment-medium size-medium wp-post-image\" alt=\"Restric\u021bii majore de trafic \u00een Timi\u0219oara, p\u00e2n\u0103 \u00een 30 septembrie\" title=\"Restric\u021bii majore de trafic \u00een Timi\u0219oara, p\u00e2n\u0103 \u00een 30 septembrie 1\"><\/p>\n<h4>Restric\u021bii majore de trafic \u00een Timi\u0219oara, p\u00e2n\u0103 \u00een 30 septembrie<\/h4>\n<p>La solicitarea mai multor organizatori de evenimente \u0219i a companiei Delgaz Grid, comisia de circula\u021bie din cadrul Prim\u0103riei Municipiului Timi\u0219oara a avizat restric\u021bionarea, sau, dup\u0103 caz, \u00eenchiderea circula\u021biei rutiere \u00een mai multe zone din ora\u0219, \u00eencep\u00e2nd de joi, 27.08.2026.<\/p>\n<p>Astfel, la solicitarea Federa\u021biei Rom\u00e2ne de Automobilism Sportiv, traficul rutier va fi \u00eenchis, \u00een perioada <strong>27.08.2026 \u2013 30.08.2026<\/strong>, \u00een vederea organiz\u0103rii unei curse \u00een cadrul Campionatului Na\u021bional de Super Rally Powered, dup\u0103 cum urmeaz\u0103:<\/p>\n<ul>\n<li>\u00een perioada 27 august 2026, (ora 20) \u2013 30 august 2026, (ora 8), vor fi rezervate locurile de parcare din parcarea Modex, cele destinate autocarelor \u0219i spa\u021biile de tip \u201eDrop-off\u201d din Pia\u021ba Iancu Huniade, precum \u0219i locurile de parcare adiacente bulevardului I.C. Br\u0103tianu, pe ambele sensuri de circula\u021bie.<\/li>\n<li>\u00een perioada 28 august 2026, (ora 12) \u2013 30 august 2026, (ora 08), \u00eenchiderea traficului rutier pe traseul: bulevardul I.C. Br\u0103tianu (tronsonul cuprins \u00eentre Pia\u021ba Iancu Huniade \u0219i strada Michelangelo), strada 20 Decembrie 1989 (de la Pia\u021ba Iancu Huniade, p\u00e2n\u0103 la intersec\u021bia cu bulevardul C.D. Loga, intersec\u021bia r\u0103m\u00e2n\u00e2nd deschis\u0103 circula\u021biei) \u0219i strada Patriarh Miron Cristea (tronsonul cuprins \u00eentre bulevardul Mihai Eminescu \u0219i bulevardul I.C. Br\u0103tianu)<\/li>\n<li>\u00een perioada 28 august 2026, (ora 22) \u2013 29 august 2026, (ora 20), \u00eenchiderea traficului rutier pe traseul: bulevardul C.D. Loga (tronsonul cuprins \u00eentre strada George Enescu \u0219i bulevardul Regele Ferdinand I), strada 20 Decembrie 1989 (tronsonul cuprins \u00eentre bulevardul C.D. Loga \u0219i Podul Mihai Viteazu) \u0219i bulevardul Regele Ferdinand I (tronsonul cuprins \u00eentre bulevardul C.D. Loga \u0219i Podul Mihai Viteazu).<\/li>\n<\/ul>\n<p>De asemenea, traficul auto \u0219i pietonal vor fi \u00eenchise pe strada Avram Imbroane, pe tronsonul cuprins \u00eentre accesul principal al Muzeului Satului \u0219i Gr\u0103dina Zoologic\u0103, \u00een perioada <strong>28.08.2026 \u2013 30.08.2026<\/strong>, \u00een vederea desf\u0103\u0219ur\u0103rii evenimentului \u201eCODRU FESTIVAL\u201d. Solicitarea vine din partea organizatorilor evenimentului, societatea Balvia.<\/p>\n<p>Totodat\u0103, la solicitarea Teatrului maghiar de Stat Csiky Gergely, circula\u021bia rutier\u0103 va fi \u00eenchis\u0103 pe strada dr. Aurel P\u0103unescu Podeanu, \u00een data de\u00a0 <strong>29.08.2026,<\/strong> \u00een intervalul orar 10 \u2013 11,\u00a0 \u00een vederea desf\u0103\u0219ur\u0103rii evenimentului \u201esz\u00ednJ\u00c1T\u00c9KOK | theatreGAMES 2026\u201d. Tronsonul vizat se \u00eentinde de la strada \u0218tefan Covaci p\u00e2n\u0103 la intersec\u021bia cu Calea Stan Vidrighin.<\/p>\n<h2>CITE\u0218TE \u0218I: <span><a href=\"https:\/\/renasterea.ro\/curtea-constitutionala-a-emis-motivarea-prin-care-explica-de-ce-a-declarat-constitutional-amendamentul-care-ii-vizeaza-mandatul-primarului-timisoarei-dominic-fritz\/\">Curtea Constitu\u021bional\u0103 a emis motivarea prin care explic\u0103 de ce a declarat constitu\u021bional amendamentul care \u00eei vizeaz\u0103 mandatul primarului Timi\u0219oarei, Dominic Fritz<\/a><\/span><\/h2>\n<p>\u00cen plus, la solicitarea companiei Delgaz Grid,\u00a0 traficul rutier va fi restric\u021bionat pe strada Matei Millo, Intrarea Apelor \u0219i Pia\u021ba Aron Cotru\u0219, \u00een perioada <strong>31.08.2026 \u2013 30.09.2026<\/strong>, \u00een vederea execut\u0103rii lucr\u0103rilor\u00a0 de \u00eenlocuire a conductelor \u0219i bran\u0219amentelor de gaze naturale.<\/p>\n<\/div>\n<p>[analyse_source url=&#8221;https:\/\/renasterea.ro\/restrictii-majore-de-trafic-in-timisoara-pana-in-30-septembrie\/&#8221;]<\/p>\n","protected":false},"excerpt":{"rendered":"<p>[analyse_image type=&#8221;featured&#8221; src=&#8221;https:\/\/renasterea.ro\/ro\/wp-content\/uploads\/2026\/08\/restrictii-de-trafic-1024&#215;576.jpghttps:\/\/renasterea.ro\/ro\/wp-content\/uploads\/2026\/08\/restrictii-de-trafic.jpg&#8221;] Restric\u021bii majore de trafic \u00een Timi\u0219oara, p\u00e2n\u0103 \u00een 30 septembrie La solicitarea mai multor organizatori de evenimente \u0219i a companiei Delgaz Grid, comisia de circula\u021bie din cadrul Prim\u0103riei Municipiului Timi\u0219oara a avizat restric\u021bionarea, sau, dup\u0103 caz, \u00eenchiderea circula\u021biei rutiere \u00een mai multe zone din ora\u0219, \u00eencep\u00e2nd de joi, 27.08.2026. Astfel, la solicitarea [&hellip;]<\/p>\n","protected":false},"author":1,"featured_media":0,"comment_status":"open","ping_status":"","sticky":false,"template":"","format":"standard","meta":{"footnotes":""},"categories":[89],"tags":[226,188],"class_list":["post-2107649","post","type-post","status-publish","format-standard","hentry","category-romania","tag-crawlmanager","tag-renasterea-ro"],"_links":{"self":[{"href":"https:\/\/analyse.optim.biz\/index.php?rest_route=\/wp\/v2\/posts\/2107649","targetHints":{"allow":["GET"]}}],"collection":[{"href":"https:\/\/analyse.optim.biz\/index.php?rest_route=\/wp\/v2\/posts"}],"about":[{"href":"https:\/\/analyse.optim.biz\/index.php?rest_route=\/wp\/v2\/types\/post"}],"author":[{"embeddable":true,"href":"https:\/\/analyse.optim.biz\/index.php?rest_route=\/wp\/v2\/users\/1"}],"replies":[{"embeddable":true,"href":"https:\/\/analyse.optim.biz\/index.php?rest_route=%2Fwp%2Fv2%2Fcomments&post=2107649"}],"version-history":[{"count":0,"href":"https:\/\/analyse.optim.biz\/index.php?rest_route=\/wp\/v2\/posts\/2107649\/revisions"}],"wp:attachment":[{"href":"https:\/\/analyse.optim.biz\/index.php?rest_route=%2Fwp%2Fv2%2Fmedia&parent=2107649"}],"wp:term":[{"taxonomy":"category","embeddable":true,"href":"https:\/\/analyse.optim.biz\/index.php?rest_route=%2Fwp%2Fv2%2Fcategories&post=2107649"},{"taxonomy":"post_tag","embeddable":true,"href":"https:\/\/analyse.optim.biz\/index.php?rest_route=%2Fwp%2Fv2%2Ftags&post=2107649"}],"curies":[{"name":"wp","href":"https:\/\/api.w.org\/{rel}","templated":true}]}}