{"id":2107646,"date":"2026-08-21T18:21:07","date_gmt":"2026-08-21T15:21:07","guid":{"rendered":"https:\/\/analyse.optim.biz\/?p=2107646"},"modified":"2026-08-21T18:21:07","modified_gmt":"2026-08-21T15:21:07","slug":"isu-timis-romania-sprijina-serbia-in-lupta-cu-incendiile-de-padure-elicopterul-black-hawk-resceu-pregatit","status":"publish","type":"post","link":"https:\/\/analyse.optim.biz\/?p=2107646","title":{"rendered":"ISU Timi\u0219: Rom\u00e2nia sprijin\u0103 Serbia \u00een lupta cu incendiile de p\u0103dure. Elicopterul Black Hawk rescEU, preg\u0103tit"},"content":{"rendered":"<p>[analyse_image type=&#8221;featured&#8221; src=&#8221;https:\/\/renasterea.ro\/ro\/wp-content\/uploads\/black-hawk.jpghttps:\/\/renasterea.ro\/ro\/wp-content\/uploads\/black-hawk.jpg&#8221;]<\/p>\n<div class=\"entry-content\"><img loading=\"lazy\" decoding=\"async\" width=\"604\" height=\"460\" src=\"https:\/\/renasterea.ro\/ro\/wp-content\/uploads\/black-hawk-604x460.jpg\" class=\"attachment-medium size-medium wp-post-image\" alt=\"ISU Timi\u0219: Rom\u00e2nia sprijin\u0103 Serbia \u00een lupta cu incendiile de p\u0103dure. Elicopterul Black Hawk rescEU, preg\u0103tit pentru prima misiune interna\u021bional\u0103\" title=\"ISU Timi\u0219: Rom\u00e2nia sprijin\u0103 Serbia \u00een lupta cu incendiile de p\u0103dure. Elicopterul Black Hawk rescEU, preg\u0103tit pentru prima misiune interna\u021bional\u0103 1\"><\/p>\n<h4>Rom\u00e2nia este preg\u0103tit\u0103 s\u0103 acorde sprijin Republicii Serbia pentru gestionarea incendiilor de p\u0103dure care afecteaz\u0103 Rezerva\u021bia Natural\u0103 Deliblato Sands, unde incendiile au cuprins peste 3.500 de hectare, \u00eentr-o zon\u0103 greu accesibil\u0103, a trimis, vineri sear\u0103, Inspectoratul pentru Situa\u021bii de Urgen\u021b\u0103 al Jude\u021bului Timi\u0219.<\/h4>\n<p>\u00cen contextul incendiilor de vegeta\u021bie uscat\u0103 \u0219i p\u0103dure, autorit\u0103\u021bile din Republica Serbia au solicitat sprijin prin Mecanismul de Protec\u021bie Civil\u0103 al Uniunii Europene.<\/p>\n<p>Ca urmare a solicit\u0103rii transmise de autorit\u0103\u021bile s\u00e2rbe, Comisia European\u0103, prin Centrul de Coordonare a R\u0103spunsului la Situa\u021bii de Urgen\u021b\u0103 (ERCC), a solicitat Rom\u00e2niei mobilizarea elicopterului Black Hawk S-70M din rezerva european\u0103 rescEU, pentru a sprijini opera\u021biunile de stingere a incendiilor.<\/p>\n<p>Rom\u00e2nia a r\u0103spuns apelului transmis prin Sistemul Comun de Comunicare \u0219i Informare \u00een Situa\u021bii de Urgen\u021b\u0103 (CECIS), exprim\u00e2ndu-\u0219i disponibilitatea de a participa la opera\u021biunile de interven\u021bie cu un elicopter Black Hawk S-70M, cu capabilit\u0103\u021bi pentru stingerea incendiilor de p\u0103dure, resurs\u0103 din rezerva european\u0103 rescEU a Mecanismului de Protec\u021bie Civil\u0103 al Uniunii Europene, aflat \u00een dotarea Inspectoratului General de Avia\u021bie al Ministerului Afacerilor Interne.<\/p>\n<p>\u201eLa propunerea Departamentului pentru Situa\u021bii de Urgen\u021b\u0103, Comitetul Na\u021bional pentru Situa\u021bii de Urgen\u021b\u0103 a aprobat acordarea, cu titlu gratuit, a asisten\u021bei interna\u021bionale pentru Republica Serbia.<\/p>\n<p>Pentru aceast\u0103 misiune, Rom\u00e2nia are preg\u0103tit un modul de interven\u021bie specializat \u00een stingerea incendiilor de p\u0103dure, format din 69 de persoane \u0219i 15 mijloace tehnice, din cadrul Inspectoratului General pentru Situa\u021bii de Urgen\u021b\u0103 \u0219i al unit\u0103\u021bilor subordonate.<\/p>\n<p>Astfel, Inspectoratul General de Avia\u021bie al Ministerului Afacerilor Interne asigur\u0103 componenta aerian\u0103 a misiunii, prin mobilizarea elicopterului Black Hawk S-70M rescEU, iar Inspectoratul General pentru Situa\u021bii de Urgen\u021b\u0103 asigur\u0103 modulul terestru de interven\u021bie, preg\u0103tit s\u0103 ac\u021bioneze pentru limitarea \u0219i lichidarea focarelor, \u00eempreun\u0103 cu for\u021bele de interven\u021bie din Republica Serbia.<\/p>\n<p>\u00cen acest moment, for\u021bele \u0219i mijloacele de interven\u021bie sunt preg\u0103tite pentru deplasare, urm\u00e2nd ca acestea s\u0103 fie mobilizate imediat ce autorit\u0103\u021bile din Republica Serbia \u00ee\u0219i exprim\u0103 acceptul \u0219i sunt stabilite detaliile privind desf\u0103\u0219urarea misiunii.<\/p>\n<p>Misiunea elicopterului Black Hawk rescEU \u00een Serbia va reprezenta prima sa misiune interna\u021bional\u0103, marc\u00e2nd un moment important pentru opera\u021bionalizarea acestei capacit\u0103\u021bi europene, g\u0103zduit\u0103 \u0219i operat\u0103 de Rom\u00e2nia.<\/p>\n<p>Capabilitatea aerian\u0103 va permite interven\u021bia \u00een zonele greu accesibile, contribuind la limitarea extinderii incendiilor \u0219i la protejarea comunit\u0103\u021bilor \u0219i a mediului\u201d, a transmis ISU Timi\u0219.<\/p>\n<h3>Solidaritate european\u0103 \u00een fa\u021ba situa\u021biilor de urgen\u021b\u0103<\/h3>\n<p>Sprijinul oferit Republicii Serbia se realizeaz\u0103 prin Mecanismul de Protec\u021bie Civil\u0103 al Uniunii Europene, instrument prin care statele participante pot solicita \u0219i oferi asisten\u021b\u0103 \u00een situa\u021bii de urgen\u021b\u0103 care dep\u0103\u0219esc capacit\u0103\u021bile na\u021bionale de r\u0103spuns.<\/p>\n<p>Prin intermediul Centrului de Coordonare a R\u0103spunsului la Situa\u021bii de Urgen\u021b\u0103 al Comisiei Europene (ERCC), solicit\u0103rile de asisten\u021b\u0103 sunt transmise statelor participante, iar r\u0103spunsul interna\u021bional este coordonat la nivel european. Capacit\u0103\u021bile rescEU pot fi mobilizate pentru consolidarea r\u0103spunsului european \u00een cazul unor dezastre de amploare.<\/p>\n<h2>CITE\u0218TE \u0218I: <span><a href=\"https:\/\/renasterea.ro\/apel-de-solidaritate-pentru-sprijinirea-comunitatilor-din-grebenac-si-kajtasovo-grav-afectate-de-incendii-druckeria-banatul-nu-se-termina-la-granita\/\">Apel de solidaritate pentru sprijinirea comunit\u0103\u021bilor din Grebenac \u0219i Kajtasovo, grav afectate de incendii. Druckeria: \u201eBanatul nu se termin\u0103 la grani\u021b\u0103\u201d<\/a><\/span><\/h2>\n<p>Elicopterul Black Hawk S-70M mobilizat de Rom\u00e2nia face parte din rezerva european\u0103 rescEU, o capacitate strategic\u0103 destinat\u0103 interven\u021biei rapide \u00een situa\u021bii de urgen\u021b\u0103, inclusiv \u00een cazul incendiilor de p\u0103dure.<\/p>\n<p>Prin disponibilitatea de a mobiliza elicopterul rescEU, al\u0103turi de pompierii \u0219i tehnica de interven\u021bie, Rom\u00e2nia contribuie concret la r\u0103spunsul european \u00een fa\u021ba incendiilor care afecteaz\u0103 Serbia \u0219i demonstreaz\u0103, \u00eenc\u0103 o dat\u0103, c\u0103 solidaritatea european\u0103 \u00eenseamn\u0103 ac\u021biune concret\u0103 atunci c\u00e2nd oamenii \u0219i comunit\u0103\u021bile au nevoie de sprijin.<\/p>\n<\/div>\n<p>[analyse_source url=&#8221;https:\/\/renasterea.ro\/isu-timis-romania-sprijina-serbia-in-lupta-cu-incendiile-de-padure-elicopterul-black-hawk-resceu-pregatit-pentru-prima-misiune-internationala\/&#8221;]<\/p>\n","protected":false},"excerpt":{"rendered":"<p>[analyse_image type=&#8221;featured&#8221; src=&#8221;https:\/\/renasterea.ro\/ro\/wp-content\/uploads\/black-hawk.jpghttps:\/\/renasterea.ro\/ro\/wp-content\/uploads\/black-hawk.jpg&#8221;] Rom\u00e2nia este preg\u0103tit\u0103 s\u0103 acorde sprijin Republicii Serbia pentru gestionarea incendiilor de p\u0103dure care afecteaz\u0103 Rezerva\u021bia Natural\u0103 Deliblato Sands, unde incendiile au cuprins peste 3.500 de hectare, \u00eentr-o zon\u0103 greu accesibil\u0103, a trimis, vineri sear\u0103, Inspectoratul pentru Situa\u021bii de Urgen\u021b\u0103 al Jude\u021bului Timi\u0219. \u00cen contextul incendiilor de vegeta\u021bie uscat\u0103 \u0219i p\u0103dure, autorit\u0103\u021bile [&hellip;]<\/p>\n","protected":false},"author":1,"featured_media":0,"comment_status":"open","ping_status":"","sticky":false,"template":"","format":"standard","meta":{"footnotes":""},"categories":[89],"tags":[226,188],"class_list":["post-2107646","post","type-post","status-publish","format-standard","hentry","category-romania","tag-crawlmanager","tag-renasterea-ro"],"_links":{"self":[{"href":"https:\/\/analyse.optim.biz\/index.php?rest_route=\/wp\/v2\/posts\/2107646","targetHints":{"allow":["GET"]}}],"collection":[{"href":"https:\/\/analyse.optim.biz\/index.php?rest_route=\/wp\/v2\/posts"}],"about":[{"href":"https:\/\/analyse.optim.biz\/index.php?rest_route=\/wp\/v2\/types\/post"}],"author":[{"embeddable":true,"href":"https:\/\/analyse.optim.biz\/index.php?rest_route=\/wp\/v2\/users\/1"}],"replies":[{"embeddable":true,"href":"https:\/\/analyse.optim.biz\/index.php?rest_route=%2Fwp%2Fv2%2Fcomments&post=2107646"}],"version-history":[{"count":0,"href":"https:\/\/analyse.optim.biz\/index.php?rest_route=\/wp\/v2\/posts\/2107646\/revisions"}],"wp:attachment":[{"href":"https:\/\/analyse.optim.biz\/index.php?rest_route=%2Fwp%2Fv2%2Fmedia&parent=2107646"}],"wp:term":[{"taxonomy":"category","embeddable":true,"href":"https:\/\/analyse.optim.biz\/index.php?rest_route=%2Fwp%2Fv2%2Fcategories&post=2107646"},{"taxonomy":"post_tag","embeddable":true,"href":"https:\/\/analyse.optim.biz\/index.php?rest_route=%2Fwp%2Fv2%2Ftags&post=2107646"}],"curies":[{"name":"wp","href":"https:\/\/api.w.org\/{rel}","templated":true}]}}