{"id":2107643,"date":"2026-08-21T09:05:07","date_gmt":"2026-08-21T06:05:07","guid":{"rendered":"https:\/\/analyse.optim.biz\/?p=2107643"},"modified":"2026-08-21T09:05:07","modified_gmt":"2026-08-21T06:05:07","slug":"timisorenii-nu-pot-respira-din-cauza-fumului-autoritatile-dorm-in-papuci","status":"publish","type":"post","link":"https:\/\/analyse.optim.biz\/?p=2107643","title":{"rendered":"Timi\u0219orenii nu pot respira din cauza fumului, autorit\u0103\u021bile dorm \u00een papuci"},"content":{"rendered":"<p>[analyse_image type=&#8221;featured&#8221; src=&#8221;https:\/\/renasterea.ro\/ro\/wp-content\/uploads\/2026\/08\/timisoara-fum.jpghttps:\/\/renasterea.ro\/ro\/wp-content\/uploads\/2026\/08\/timisoara-fum.jpg&#8221;]<\/p>\n<div class=\"entry-content\"><img loading=\"lazy\" decoding=\"async\" width=\"650\" height=\"386\" src=\"https:\/\/renasterea.ro\/ro\/wp-content\/uploads\/2026\/08\/timisoara-fum.jpg\" class=\"attachment-medium size-medium wp-post-image\" alt=\"Timi\u0219orenii nu pot respira din cauza fumului, autorit\u0103\u021bile dorm \u00een papuci\" title=\"Timi\u0219orenii nu pot respira din cauza fumului, autorit\u0103\u021bile dorm \u00een papuci 1\"><\/p>\n<h4>Timi\u0219orenii nu pot respira din cauza fumului, autorit\u0103\u021bile dorm \u00een papuci\u2026<\/h4>\n<p>Joi, 20 august, la primele ore ale dimine\u021bii, locuitorii din Timi\u0219oara au sesizat un nor de fum deasupra ora\u0219ului \u0219i un miros \u00eenec\u0103cios.\u00a0Situa\u021bia a fost semnalat\u0103 \u0219i \u00een anumite zone din \u00eempreujurimile ora\u0219ului.<\/p>\n<p>\u00cen urma numeroaselor apeluri telefonice c\u0103tre institu\u021biile publice locale, Inspectoratul pentru Situa\u021bii de Urgen\u021b\u0103 Timi\u0219 a fost prima institu\u021bie care a transmis imediat un punct de vedere legat de aceast\u0103 problem\u0103: \u00een urma verific\u0103rilor efectuate pe teren, cauza probabil\u0103 ar fi incendiile de vegeta\u021bie din zona Dobovac, Serbia.<\/p>\n<p>Aceea\u0219i institu\u021bie a furnizat, pe parcursul zilei, recomandarea c\u0103tre cet\u0103\u021beni de a evita, pe c\u00e2t posibil, expunerea \u00een aer liber.<\/p>\n<p>Spre orele amiezii, mirosul s-a estompat \u00een unele zone, iar \u00een altele nu s-a mai sim\u021bit deloc, \u00eent\u00e2mplarea fiind trecut\u0103 \u00een plan secund, ca un incident singular. Prim\u0103ria Timi\u0219oara, Prefectura Timi\u0219, Consiliul Jude\u021bean Timi\u0219 nu au transmis nimic oficial referitor la aceast\u0103 problem\u0103.<\/p>\n<p>Vineri diminea\u021b\u0103, episodul s-a repetat, de data aceasta av\u00e2nd o extindere mai mare \u00een alte localit\u0103\u021bi timi\u0219ene.<\/p>\n<p>Contactat\u0103 telefonic, \u0219efa G\u0103rzii de Mediu Timi\u0219, comisarul-\u0219ef Luci Mu\u0219uroi, ne-a declarat c\u0103 institu\u021bia pe care o conduce nu are atribu\u021bii specifice \u00een acest caz, fiind vorba de incendiu de vegeta\u021bie. Garda de Mediu Timi\u0219 nu a efectuat \u00eens\u0103 verific\u0103ri suplimentare pentru a stabili o posibil\u0103 cauz\u0103 a fumului, baz\u00e2ndu-se doar pe informarea ISU Timi\u0219. \u00cen plus, comisarul-\u0219ef a precizat c\u0103 nu intr\u0103 \u00een sarcinile institu\u021biei s\u0103 monitorizeze calitatea aerului \u00een aceast\u0103 situa\u021bie \u0219i c\u0103 responsabilitatea ar fi a Direc\u021biei de S\u0103n\u0103tate Public\u0103.<\/p>\n<p>Prin urmare, \u201dRena\u0219terea b\u0103n\u0103\u021bean\u0103\u201d a solicitat Direc\u021biei de S\u0103n\u0103tate Public\u0103 Timi\u0219 un punct de vedere cu privire la situa\u021bia semnalat\u0103. Institu\u021bia a transmis o serie de recomand\u0103ri c\u0103tre popula\u021bie (\u00eenchidierea geamurilor, evitarea deplas\u0103rilor \u0219i a desf\u0103\u0219ur\u0103rii activit\u0103\u021bilor \u00een exterior), preciz\u00e2nd, totodat\u0103, c\u0103 de monitorizarea calit\u0103\u021bii aerului se ocup\u0103 Direc\u021bia Jude\u021bean\u0103 de Mediu.<\/p>\n<p>Cu reprezentan\u021bii Direc\u021biei Jude\u021bene de Mediu Timi\u0219 nu am reu\u0219it \u00eens\u0103 s\u0103 lu\u0103m leg\u0103tura, numerele de telefon ale institu\u021biei fiind invalide. Ca atare, ne-am adresat Agen\u021biei Na\u021bionale pentru Arii \u0219i Medii Protejate. \u00cen m\u0103sura \u00een care vom primi r\u0103spuns solicit\u0103rii pe care am adresat-o, vom publica r\u0103spunsul \u00een cel mai scurt timp.<\/p>\n<p>Medicul pneumolog Cristian Oancea a avut, \u00eens\u0103, o interven\u021bie legat\u0103 de pericolul pentru s\u0103n\u0103tate a inhal\u0103rii fumului rezultat din incendiile de vegeta\u021bie. Pe pagina sa de Facebook, Cristian Oancea a atras aten\u021bia asupra gradului de toxicitate ridicat: \u201dFumul degajat \u00een timpul incendiilor de vegeta\u021bie nu \u00eenseamn\u0103 doar miros nepl\u0103cut \u0219i vizibilitate redus\u0103. Acesta con\u021bine un amestec de particule fine \u0219i gaze toxice care pot afecta aparatul respirator, inclusiv \u00een cazul persoanelor s\u0103n\u0103toase\u201d.<\/p>\n<p>La aceast\u0103 or\u0103 a amiezii, la fel ca \u00een ziua precedent\u0103, mirosul de fum \u00eencepe s\u0103 se estomepeze din nou \u00een Timi\u0219oara. Era bine m\u0103car dac\u0103, la orele dimine\u0163ii, trimiteau un mesaj RO-Alert, prin care s\u0103 transmit\u0103 popula\u0163iei din zonele afectate c\u00e2teva m\u0103suri de protec\u0163ie\u2026<\/p>\n<h3><span>UPDATE:<\/span> Direc\u021bia Jude\u021bean\u0103 de Mediu Timi\u0219 \u00eendeamn\u0103 cet\u0103\u021benii s\u0103 consulte buletinele privind calitatea aerului<\/h3>\n<p>Trezit\u0103, \u00eentr-un final, din apatie, Direc\u021bia Jude\u021bean\u0103 de Mediu Timi\u0219 a reac\u021bionat, \u00een urm\u0103 cu c\u00e2teva minute, dup\u0103 insisten\u021bele f\u0103cute de jurnali\u0219ti, \u00eentr-un mod inedit.<\/p>\n<p>\u00centr-o comunicare publicat\u0103 pe pagina de Facebook, institu\u021bia le transmite cet\u0103\u021benilor c\u0103 nu sunt motive de \u00eengrijorare:<\/p>\n<p>\u201dLa nivelul jude\u021bului Timi\u015f nu au fost \u00eenregistrate dep\u0103\u0219iri ale pragurilor de alert\u0103 pentru NO2 \u0219i SO2 \u0219i nici ale pragurilor de alert\u0103 \u0219i informare pentru ozon. Nu a fost \u00eenregistrat\u0103 dep\u0103\u0219irea valorii limit\u0103 zilnice pentru indicatorul particule \u00een suspensie (PM10).\u201d<\/p>\n<p>\u00cen acela\u0219i timp, \u00eens\u0103, Direc\u021bia Jude\u021bean\u0103 de Mediu Timi\u0219 le recomand\u0103 celor care vor s\u0103 fie la curent cu monitorizarea calit\u0103\u021bii aerului, s\u0103 consulte buletinele publicate pe platforma dedicat\u0103: <a href=\"https:\/\/djmtm.anmap.gov.ro\/buletine-calitate-aer-august...\/\" rel=\"noopener\">https:\/\/djmtm.anmap.gov.ro\/buletine-calitate-aer-august\u2026\/<\/a>, p\u0103r\u00e2nd c\u0103 \u00eei ceart\u0103 pe cei care nu au f\u0103cut-o \u00eenc\u0103, a\u0219tept\u00e2nd ca institu\u021bia s\u0103 le dea mur\u0103-n gur\u0103.<\/p>\n<p>Chiar \u0219i a\u0219a, interpretarea datelor va fi realizat\u0103 dup\u0103 specializarea \u0219i priceperea fiec\u0103ruia \u00eentr-ale chimiei \u0219i \u0219tiin\u021belor mediului\u2026<\/p>\n<h2>CITE\u015eTE \u015eI: <span><a href=\"https:\/\/renasterea.ro\/profilul-educational-al-timisoarei-opt-licee-teoretice-genereaza-80-din-mediile-9-la-bacalaureat\/\">Profilul educa\u021bional al Timi\u0219oarei: opt licee teoretice genereaz\u0103 80% din mediile 9+ la bacalaureat<\/a><\/span><\/h2>\n<p><em>Sursa foto: Facebook<\/em><\/p>\n<\/div>\n<p>[analyse_source url=&#8221;https:\/\/renasterea.ro\/timisorenii-nu-pot-respira-din-cauza-fumului-autoritatile-dorm-in-papuci\/&#8221;]<\/p>\n","protected":false},"excerpt":{"rendered":"<p>[analyse_image type=&#8221;featured&#8221; src=&#8221;https:\/\/renasterea.ro\/ro\/wp-content\/uploads\/2026\/08\/timisoara-fum.jpghttps:\/\/renasterea.ro\/ro\/wp-content\/uploads\/2026\/08\/timisoara-fum.jpg&#8221;] Timi\u0219orenii nu pot respira din cauza fumului, autorit\u0103\u021bile dorm \u00een papuci\u2026 Joi, 20 august, la primele ore ale dimine\u021bii, locuitorii din Timi\u0219oara au sesizat un nor de fum deasupra ora\u0219ului \u0219i un miros \u00eenec\u0103cios.\u00a0Situa\u021bia a fost semnalat\u0103 \u0219i \u00een anumite zone din \u00eempreujurimile ora\u0219ului. \u00cen urma numeroaselor apeluri telefonice c\u0103tre institu\u021biile publice [&hellip;]<\/p>\n","protected":false},"author":1,"featured_media":0,"comment_status":"open","ping_status":"","sticky":false,"template":"","format":"standard","meta":{"footnotes":""},"categories":[89],"tags":[226,188],"class_list":["post-2107643","post","type-post","status-publish","format-standard","hentry","category-romania","tag-crawlmanager","tag-renasterea-ro"],"_links":{"self":[{"href":"https:\/\/analyse.optim.biz\/index.php?rest_route=\/wp\/v2\/posts\/2107643","targetHints":{"allow":["GET"]}}],"collection":[{"href":"https:\/\/analyse.optim.biz\/index.php?rest_route=\/wp\/v2\/posts"}],"about":[{"href":"https:\/\/analyse.optim.biz\/index.php?rest_route=\/wp\/v2\/types\/post"}],"author":[{"embeddable":true,"href":"https:\/\/analyse.optim.biz\/index.php?rest_route=\/wp\/v2\/users\/1"}],"replies":[{"embeddable":true,"href":"https:\/\/analyse.optim.biz\/index.php?rest_route=%2Fwp%2Fv2%2Fcomments&post=2107643"}],"version-history":[{"count":0,"href":"https:\/\/analyse.optim.biz\/index.php?rest_route=\/wp\/v2\/posts\/2107643\/revisions"}],"wp:attachment":[{"href":"https:\/\/analyse.optim.biz\/index.php?rest_route=%2Fwp%2Fv2%2Fmedia&parent=2107643"}],"wp:term":[{"taxonomy":"category","embeddable":true,"href":"https:\/\/analyse.optim.biz\/index.php?rest_route=%2Fwp%2Fv2%2Fcategories&post=2107643"},{"taxonomy":"post_tag","embeddable":true,"href":"https:\/\/analyse.optim.biz\/index.php?rest_route=%2Fwp%2Fv2%2Ftags&post=2107643"}],"curies":[{"name":"wp","href":"https:\/\/api.w.org\/{rel}","templated":true}]}}