{"id":2107642,"date":"2026-08-21T06:56:56","date_gmt":"2026-08-21T03:56:56","guid":{"rendered":"https:\/\/analyse.optim.biz\/?p=2107642"},"modified":"2026-08-21T06:56:56","modified_gmt":"2026-08-21T03:56:56","slug":"comunicat-important-pentru-populatie-de-la-dsp-timis-legat-de-fumul-inecacios-care-a-acoperit-timisoara-si","status":"publish","type":"post","link":"https:\/\/analyse.optim.biz\/?p=2107642","title":{"rendered":"Comunicat important pentru popula\u0163ie, de la DSP Timi\u015f, legat de fumul \u00eenec\u0103cios care a acoperit Timi\u015foara \u015fi"},"content":{"rendered":"<p>[analyse_image type=&#8221;featured&#8221; src=&#8221;https:\/\/renasterea.ro\/ro\/wp-content\/uploads\/2026\/08\/fum-timisoara-1.jpghttps:\/\/renasterea.ro\/ro\/wp-content\/uploads\/2026\/08\/fum-timisoara-1.jpg&#8221;]<\/p>\n<div class=\"entry-content\"><img loading=\"lazy\" decoding=\"async\" width=\"780\" height=\"440\" src=\"https:\/\/renasterea.ro\/ro\/wp-content\/uploads\/2026\/08\/fum-timisoara-1.jpg\" class=\"attachment-medium size-medium wp-post-image\" alt=\"Comunicat important pentru popula\u0163ie, de la DSP Timi\u015f, legat de fumul \u00eenec\u0103cios care a acoperit Timi\u015foara \u015fi \u00eemprejurimile\" title=\"Comunicat important pentru popula\u0163ie, de la DSP Timi\u015f, legat de fumul \u00eenec\u0103cios care a acoperit Timi\u015foara \u015fi \u00eemprejurimile 1\"><\/p>\n<h4>Nori de fum veni\u0163i dinspre Serbia, unde sunt incendii de vegeta\u021bie, au f\u0103cut aerul irespirabil \u00een Timi\u0219oara \u015fi \u00eemprejurimi.<\/h4>\n<p>Inspectorii de mediu au constatat cre\u0219teri ale polu\u0103rii \u0219i monitorizeaz\u0103 permanent situa\u021bia. Autorit\u0103\u021bile le recomand\u0103 oamenilor s\u0103 \u021bin\u0103 ferestrele \u00eenchise \u0219i s\u0103 stea c\u00e2t mai pu\u021bin afar\u0103. M\u0103sur\u0103torile f\u0103cute de inspectorii Agen\u021biei de Mediu arat\u0103 cre\u0219terea polu\u0103rii cu particule, dar care nu impun alerte.<\/p>\n<p>Prezen\u021ba fumului \u00een Timi\u0219oara este posibil s\u0103 fie asociat\u0103 cu incendiile de vegeta\u021bie uscat\u0103 din Serbia, aflate \u00een apropierea grani\u021bei, \u00een condi\u021biile \u00een care fumul poate fi transportat de curen\u021bii de aer pe distan\u021be considerabile.<\/p>\n<p>Peste 40 de focare sunt active \u00een Serbia, iar fumul a ajuns p\u00e2n\u0103 \u00een capitala Bulgariei, Sofia.<\/p>\n<p>\u00cen condi\u021biile comunic\u0103rii Direc\u021biei Jude\u021bene de Mediu Timi\u0219, a recomand\u0103rilor Institutului Na\u021bional de S\u0103n\u0103tate Public\u0103 Bucure\u0219ti, referitor la fumul \u0219i mirosul din mai multe zone din Timi\u0219oara \u0219i \u00eemprejmuiri, Direc\u021bia de S\u0103n\u0103tate Public\u0103 a Jude\u021bului Timi\u0219, a emis o aten\u021bionare pentru popula\u021bia jude\u021bului Timi\u0219.<\/p>\n<p>\u201eAceast\u0103 situa\u021bie poate duce la accentuarea simptomatologiei respiratorii \u00een special la persoanele vulnerabile cu patologie respiratorie cronic\u0103 (astm bron\u0219ic, etc.) \u0219i cardiovascular\u0103. Facem o serie de recomandari:<\/p>\n<p>\u021aine\u021bi ferestrele \u00eenchise, \u00eencerca\u021bi s\u0103 va deplasa\u021bi c\u00e2t mai pu\u021bin \u00eentre localit\u0103\u021bi, chiar \u0219i cu mijloace de transport, pentru c\u0103 vizibilitatea poate fi foarte redus\u0103;<\/p>\n<p>S\u0103 desf\u0103\u0219ura\u021bi c\u00e2t mai pu\u021bine activit\u0103\u021bi \u00een aer liber, inclusiv munc\u0103 \u0219i, \u00een cazul \u00een care erau programate activit\u0103\u021bi la care s\u0103 participe un num\u0103r mare de oameni (manifest\u0103ri sportive, festivaluri, t\u00e2rguri, etc.), s\u0103 se ia \u00een considerare am\u00e2narea acestora pentru o dat\u0103 ulterioar\u0103;<\/p>\n<p>\u00cen special popula\u021bia v\u00e2rstnic\u0103 \u0219i p\u0103rin\u021bii care au \u00een \u00eengrijire copii minori s\u0103 limita\u021bi activit\u0103\u021bile \u00een aer liber, s\u0103 \u00eenchid\u0103 geamurile locuin\u021belor;<\/p>\n<p>Dac\u0103 sunte\u021bi persoane \u00een v\u00e2rst\u0103 \u0219i\/sau suferi\u021bi de boal\u0103 pulmonar\u0103 sau cardiovascular\u0103 cronic\u0103, nu desf\u0103\u0219ura\u021bi activit\u0103\u021bi \u00een exterior. Deplas\u0103rile \u00een aer liber se vor face \u00een m\u0103sura posibilit\u0103\u021bilor, cu purtarea unei m\u0103\u0219ti de protec\u021bie respiratorie;<\/p>\n<p>\u00cen cazul \u00een care ave\u021bi simptomatologie respiratorie care se manifest\u0103 prin dificult\u0103\u021bi \u00een respira\u021bie, tu\u0219e, \u015fuier\u0103turi \u00een piept, solicita\u021bi asisten\u021b\u0103 medical\u0103. Suntem \u00een str\u00e2ns\u0103 leg\u0103tur\u0103 cu Direc\u021bia Jude\u021bean\u0103 de Mediu Timi\u0219 care monitorizeaz\u0103 calitatea aerului \u0219i v\u0103 vom comunica, \u00een cel mai scurt timp, dac\u0103 exist\u0103 schimb\u0103ri \u0219i sunt necesare alte m\u0103suri\/recomand\u0103ri\u201d, a transmis DSP Timi\u0219.<\/p>\n<h2>CITE\u015eTE \u015eI: <span><a href=\"https:\/\/renasterea.ro\/nori-de-fum-si-un-miros-puternic-de-ars-au-acoperit-vineri-dimineata-timisoara-si-numeroase-localitati-din-judetul-timis\/\">Nori de fum \u0219i un miros puternic de ars au acoperit, vineri diminea\u021ba, Timi\u0219oara \u0219i alte localit\u0103\u021bi din jude\u021b<\/a><\/span><\/h2>\n<p><img loading=\"lazy\" decoding=\"async\" class=\"alignnone size-medium wp-image-304110\" src=\"https:\/\/renasterea.ro\/ro\/wp-content\/uploads\/2026\/08\/poluare-aer-timisoara-800x439.jpg\" alt=\"Comunicat important pentru popula\u0163ie, de la DSP Timi\u015f, legat de fumul \u00eenec\u0103cios care a acoperit Timi\u015foara \u015fi \u00eemprejurimile\" width=\"800\" height=\"439\" title=\"Comunicat important pentru popula\u0163ie, de la DSP Timi\u015f, legat de fumul \u00eenec\u0103cios care a acoperit Timi\u015foara \u015fi \u00eemprejurimile 2\"><\/p>\n<\/div>\n<p>[analyse_source url=&#8221;https:\/\/renasterea.ro\/comunicat-important-pentru-populatie-de-la-dsp-timis-legat-de-fumul-inecacios-care-a-acoperit-timisoara-si-imprejurimile\/&#8221;]<\/p>\n","protected":false},"excerpt":{"rendered":"<p>[analyse_image type=&#8221;featured&#8221; src=&#8221;https:\/\/renasterea.ro\/ro\/wp-content\/uploads\/2026\/08\/fum-timisoara-1.jpghttps:\/\/renasterea.ro\/ro\/wp-content\/uploads\/2026\/08\/fum-timisoara-1.jpg&#8221;] Nori de fum veni\u0163i dinspre Serbia, unde sunt incendii de vegeta\u021bie, au f\u0103cut aerul irespirabil \u00een Timi\u0219oara \u015fi \u00eemprejurimi. Inspectorii de mediu au constatat cre\u0219teri ale polu\u0103rii \u0219i monitorizeaz\u0103 permanent situa\u021bia. Autorit\u0103\u021bile le recomand\u0103 oamenilor s\u0103 \u021bin\u0103 ferestrele \u00eenchise \u0219i s\u0103 stea c\u00e2t mai pu\u021bin afar\u0103. M\u0103sur\u0103torile f\u0103cute de inspectorii Agen\u021biei de [&hellip;]<\/p>\n","protected":false},"author":1,"featured_media":0,"comment_status":"open","ping_status":"","sticky":false,"template":"","format":"standard","meta":{"footnotes":""},"categories":[89],"tags":[226,188],"class_list":["post-2107642","post","type-post","status-publish","format-standard","hentry","category-romania","tag-crawlmanager","tag-renasterea-ro"],"_links":{"self":[{"href":"https:\/\/analyse.optim.biz\/index.php?rest_route=\/wp\/v2\/posts\/2107642","targetHints":{"allow":["GET"]}}],"collection":[{"href":"https:\/\/analyse.optim.biz\/index.php?rest_route=\/wp\/v2\/posts"}],"about":[{"href":"https:\/\/analyse.optim.biz\/index.php?rest_route=\/wp\/v2\/types\/post"}],"author":[{"embeddable":true,"href":"https:\/\/analyse.optim.biz\/index.php?rest_route=\/wp\/v2\/users\/1"}],"replies":[{"embeddable":true,"href":"https:\/\/analyse.optim.biz\/index.php?rest_route=%2Fwp%2Fv2%2Fcomments&post=2107642"}],"version-history":[{"count":0,"href":"https:\/\/analyse.optim.biz\/index.php?rest_route=\/wp\/v2\/posts\/2107642\/revisions"}],"wp:attachment":[{"href":"https:\/\/analyse.optim.biz\/index.php?rest_route=%2Fwp%2Fv2%2Fmedia&parent=2107642"}],"wp:term":[{"taxonomy":"category","embeddable":true,"href":"https:\/\/analyse.optim.biz\/index.php?rest_route=%2Fwp%2Fv2%2Fcategories&post=2107642"},{"taxonomy":"post_tag","embeddable":true,"href":"https:\/\/analyse.optim.biz\/index.php?rest_route=%2Fwp%2Fv2%2Ftags&post=2107642"}],"curies":[{"name":"wp","href":"https:\/\/api.w.org\/{rel}","templated":true}]}}