{"id":2107640,"date":"2026-08-21T05:09:56","date_gmt":"2026-08-21T02:09:56","guid":{"rendered":"https:\/\/analyse.optim.biz\/?p=2107640"},"modified":"2026-08-21T05:09:56","modified_gmt":"2026-08-21T02:09:56","slug":"nori-de-fum-si-un-miros-puternic-de-ars-au-acoperit-vineri-dimineata-timisoara-si-alte-localitati-din","status":"publish","type":"post","link":"https:\/\/analyse.optim.biz\/?p=2107640","title":{"rendered":"Nori de fum \u0219i un miros puternic de ars au acoperit, vineri diminea\u021ba, Timi\u0219oara \u0219i alte localit\u0103\u021bi din"},"content":{"rendered":"<p>[analyse_image type=&#8221;featured&#8221; src=&#8221;https:\/\/renasterea.ro\/ro\/wp-content\/uploads\/2026\/08\/fum-dens.jpghttps:\/\/renasterea.ro\/ro\/wp-content\/uploads\/2026\/08\/fum-dens.jpg&#8221;]<\/p>\n<div class=\"entry-content\"><img loading=\"lazy\" decoding=\"async\" width=\"700\" height=\"393\" src=\"https:\/\/renasterea.ro\/ro\/wp-content\/uploads\/2026\/08\/fum-dens.jpg\" class=\"attachment-medium size-medium wp-post-image\" alt=\"Nori de fum \u0219i un miros puternic de ars au acoperit, vineri diminea\u021ba, Timi\u0219oara \u0219i alte localit\u0103\u021bi din jude\u021bul Timi\u0219\" title=\"Nori de fum \u0219i un miros puternic de ars au acoperit, vineri diminea\u021ba, Timi\u0219oara \u0219i alte localit\u0103\u021bi din jude\u021bul Timi\u0219 1\"><\/p>\n<h4>Nori de fum \u0219i un miros puternic de ars acoper\u0103, \u00een valuri, Timi\u0219oara \u0219i numeroase localit\u0103\u021bi din jude\u021bul Timi\u0219, vineri diminea\u021ba, pe fondul incendiilor masive de vegeta\u021bie uscat\u0103 \u0219i p\u0103dure care mistuie mii de hectare \u00een \u021bara vecin\u0103, Serbia.<\/h4>\n<p>Situa\u021bia a alertat popula\u021bia \u00eenc\u0103 de joi, gener\u00e2nd zeci de apeluri la num\u0103rul unic de urgen\u021b\u0103 112.<\/p>\n<p>Conform verific\u0103rilor oficiale efectuate de ISU Timi\u0219 \u0219i a datelor meteorologice, poluarea atmosferic\u0103 provine din Serbia. \u00cen \u021bara vecin\u0103 au fost \u00eenregistrate peste 45 de incendii de vegeta\u021bie. Cel mai violent se manifest\u0103 \u00een rezerva\u021bia natural\u0103 din zona nisipoas\u0103 Deliblato \u0219i localitatea Dubovac, unde fl\u0103c\u0103rile au mistuit deja aproximativ 3.500 de hectare.<\/p>\n<p>Curen\u021bii de aer puternici \u0219i direc\u021bia v\u00e2ntului au transportat masele mari de fum pe distan\u021be considerabile, \u00eemping\u00e2ndu-le direct peste jude\u021bul Timi\u0219.<\/p>\n<p>\u00cen Timi\u0219oara, cea\u021ba dens\u0103 \u0219i mirosul \u00een\u021bep\u0103tor au fost raportate \u00een mai toate cartierele. Poluarea a cuprins \u0219i localit\u0103\u021bile din jurul ora\u0219ului, printre care Giroc, Mo\u0219ni\u021ba Nou\u0103, \u0218ag etc.<\/p>\n<p>Dup\u0103 primele sesiz\u0103ri, ISU Timi\u0219 a trimis de urgen\u021b\u0103 echipaje de recunoa\u0219tere \u00een teren (din cadrul Deta\u0219amentelor 1 \u0219i 2 Timi\u0219oara) pentru a se asigura c\u0103 nu exist\u0103 focare active ascunse pe teritoriul rom\u00e2nesc. \u00cen urma verific\u0103rilor, nu au fost descoperite incendii locale.<\/p>\n<p>Reprezentan\u021bii Agen\u021biei Na\u021bionale pentru Protec\u021bia Mediului au anun\u021bat c\u0103 monitorizeaz\u0103 permanent sta\u021biile de m\u0103surare. De\u0219i mirosul de ars este extrem de nepl\u0103cut \u0219i aerul a devenit greu respirabil sub influen\u021ba c\u0103ldurii extreme, indicatorii oficiali de calitate a aerului nu au \u00eenregistrat dep\u0103\u0219iri alarmante ale limitelor de alert\u0103. De asemenea, autorit\u0103\u021bile s\u00e2rbe au transmis c\u0103 situa\u021bia este \u021binut\u0103 sub control \u0219i nu exist\u0103 un pericol direct ca fl\u0103c\u0103rile s\u0103 treac\u0103 grani\u021ba.<\/p>\n<p><strong>Pompierii recomand\u0103 cet\u0103\u0163enilor:<\/strong><br \/>\n\u2013 s\u0103 \u00ee\u0219i p\u0103streze calmul \u0219i s\u0103 nu se alarmeze \u00een cazul observ\u0103rii unor degaj\u0103ri de fum f\u0103r\u0103 surs\u0103;<br \/>\n\u2013 s\u0103 evite, pe c\u00e2t posibil, expunerea prelungit\u0103 \u00een aer liber \u00een zonele \u00een care fumul este mai dens;<br \/>\n\u2013 s\u0103 respecte recomand\u0103rile autorit\u0103\u021bilor \u0219i s\u0103 urm\u0103reasc\u0103 inform\u0103rile oficiale;<br \/>\n\u2013 \u00een cazul \u00een care observ\u0103 un focar de incendiu sau o situa\u021bie care poate pune \u00een pericol persoane ori bunuri, s\u0103 apeleze num\u0103rul unic de urgen\u021b\u0103 112.<\/p>\n<\/div>\n<p>[analyse_source url=&#8221;https:\/\/renasterea.ro\/nori-de-fum-si-un-miros-puternic-de-ars-au-acoperit-vineri-dimineata-timisoara-si-numeroase-localitati-din-judetul-timis\/&#8221;]<\/p>\n","protected":false},"excerpt":{"rendered":"<p>[analyse_image type=&#8221;featured&#8221; src=&#8221;https:\/\/renasterea.ro\/ro\/wp-content\/uploads\/2026\/08\/fum-dens.jpghttps:\/\/renasterea.ro\/ro\/wp-content\/uploads\/2026\/08\/fum-dens.jpg&#8221;] Nori de fum \u0219i un miros puternic de ars acoper\u0103, \u00een valuri, Timi\u0219oara \u0219i numeroase localit\u0103\u021bi din jude\u021bul Timi\u0219, vineri diminea\u021ba, pe fondul incendiilor masive de vegeta\u021bie uscat\u0103 \u0219i p\u0103dure care mistuie mii de hectare \u00een \u021bara vecin\u0103, Serbia. Situa\u021bia a alertat popula\u021bia \u00eenc\u0103 de joi, gener\u00e2nd zeci de apeluri la num\u0103rul [&hellip;]<\/p>\n","protected":false},"author":1,"featured_media":0,"comment_status":"open","ping_status":"","sticky":false,"template":"","format":"standard","meta":{"footnotes":""},"categories":[89],"tags":[226,188],"class_list":["post-2107640","post","type-post","status-publish","format-standard","hentry","category-romania","tag-crawlmanager","tag-renasterea-ro"],"_links":{"self":[{"href":"https:\/\/analyse.optim.biz\/index.php?rest_route=\/wp\/v2\/posts\/2107640","targetHints":{"allow":["GET"]}}],"collection":[{"href":"https:\/\/analyse.optim.biz\/index.php?rest_route=\/wp\/v2\/posts"}],"about":[{"href":"https:\/\/analyse.optim.biz\/index.php?rest_route=\/wp\/v2\/types\/post"}],"author":[{"embeddable":true,"href":"https:\/\/analyse.optim.biz\/index.php?rest_route=\/wp\/v2\/users\/1"}],"replies":[{"embeddable":true,"href":"https:\/\/analyse.optim.biz\/index.php?rest_route=%2Fwp%2Fv2%2Fcomments&post=2107640"}],"version-history":[{"count":0,"href":"https:\/\/analyse.optim.biz\/index.php?rest_route=\/wp\/v2\/posts\/2107640\/revisions"}],"wp:attachment":[{"href":"https:\/\/analyse.optim.biz\/index.php?rest_route=%2Fwp%2Fv2%2Fmedia&parent=2107640"}],"wp:term":[{"taxonomy":"category","embeddable":true,"href":"https:\/\/analyse.optim.biz\/index.php?rest_route=%2Fwp%2Fv2%2Fcategories&post=2107640"},{"taxonomy":"post_tag","embeddable":true,"href":"https:\/\/analyse.optim.biz\/index.php?rest_route=%2Fwp%2Fv2%2Ftags&post=2107640"}],"curies":[{"name":"wp","href":"https:\/\/api.w.org\/{rel}","templated":true}]}}