{"id":2107638,"date":"2026-08-22T11:23:23","date_gmt":"2026-08-22T08:23:23","guid":{"rendered":"https:\/\/analyse.optim.biz\/?p=2107638"},"modified":"2026-08-22T11:23:23","modified_gmt":"2026-08-22T08:23:23","slug":"pompierii-timiseni-au-plecat-in-sprijinul-autoritatilor-din-serbia-elicopterul-black-hawk-este-deja-in-zona","status":"publish","type":"post","link":"https:\/\/analyse.optim.biz\/?p=2107638","title":{"rendered":"Pompierii timi\u0219eni au plecat \u00een sprijinul autorit\u0103\u021bilor din Serbia! Elicopterul Black Hawk este deja \u00een zona"},"content":{"rendered":"<p>[analyse_image type=&#8221;featured&#8221; src=&#8221;https:\/\/renasterea.ro\/ro\/wp-content\/uploads\/2026\/08\/pompieri-timis.jpghttps:\/\/renasterea.ro\/ro\/wp-content\/uploads\/2026\/08\/pompieri-timis.jpg&#8221;]<\/p>\n<div class=\"entry-content\"><img loading=\"lazy\" decoding=\"async\" width=\"650\" height=\"365\" src=\"https:\/\/renasterea.ro\/ro\/wp-content\/uploads\/2026\/08\/pompieri-timis.jpg\" class=\"attachment-medium size-medium wp-post-image\" alt=\"Pompierii timi\u0219eni au plecat \u00een sprijinul autorit\u0103\u021bilor din Serbia! Elicopterul Black Hawk este deja \u00een zona afectat\u0103 de incendii\" title=\"Pompierii timi\u0219eni au plecat \u00een sprijinul autorit\u0103\u021bilor din Serbia! Elicopterul Black Hawk este deja \u00een zona afectat\u0103 de incendii 1\"><\/p>\n<h4>Pompierii timi\u0219eni au plecat \u00een sprijinul autorit\u0103\u021bilor din Serbia! Elicopterul Black Hawk este deja \u00een zona afectat\u0103 de incendii<\/h4>\n<p>Modulul terestru de interven\u021bie al Rom\u00e2niei a plecat, s\u00e2mb\u0103t\u0103 c\u0103tre Republica Serbia, pentru sprijinirea for\u021belor locale \u00een stingerea incendiilor de p\u0103dure, \u00een special \u00een Rezerva\u021bia Natural\u0103 Deliblato Sands, unde au fost afectate peste 3.500 de hectare.<\/p>\n<p>Din totalul de 69 de pompieri mobiliza\u021bi la nivel na\u021bional prin Mecanismul de Protec\u021bie Civil\u0103 al UE, Inspectoratul pentru Situa\u021bii de Urgen\u021b\u0103 \u201eBanat\u201d al jude\u021bului Timi\u0219 particip\u0103 la aceast\u0103 misiune interna\u021bional\u0103 cu: 12 pompieri (1 ofi\u021ber \u0219i 11 subofi\u021beri), 2 autospeciale de prim\u0103 interven\u021bie \u0219i comand\u0103, 1 autospecial\u0103 de stingere minibus \u0219i\u00a01 microbuz pentru transport personal.<\/p>\n<p>Opera\u021biunea beneficiaz\u0103 \u0219i de sprijin aerian, elicopterul Black Hawk (rescEU) al IGAv fiind deja la fa\u021ba locului pentru interven\u021bii \u00een zone greu accesibile.<\/p>\n<p>\u201eLe dorim mult succes \u00een misiune colegilor no\u0219tri \u0219i s\u0103 se \u00eentoarc\u0103 acas\u0103 \u00een num\u0103r complet!\u201d \u2013 este mesajul ISU Timi\u0219.<\/p>\n<h2>CITE\u0218TE \u0218I: <span><a href=\"https:\/\/renasterea.ro\/estul-timisului-isi-deschide-valorile-turistice-de-la-sopot-si-transluncani-la-surduc-si-poiana-rusca-foto\/\">Estul Timi\u0219ului \u00ee\u0219i deschide valorile turistice. De la \u0218opot \u0219i Transluncani, la Surduc \u0219i Poiana Rusc\u0103 (foto)<\/a><\/span><\/h2>\n<p><em>Foto: Flavius Bodnar<\/em><\/p>\n<\/div>\n<p>[analyse_source url=&#8221;https:\/\/renasterea.ro\/pompierii-timiseni-au-plecat-in-sprijinul-autoritatilor-din-serbia-elicopterul-black-hawk-este-deja-in-zona-afectata-de-incendii\/&#8221;]<\/p>\n","protected":false},"excerpt":{"rendered":"<p>[analyse_image type=&#8221;featured&#8221; src=&#8221;https:\/\/renasterea.ro\/ro\/wp-content\/uploads\/2026\/08\/pompieri-timis.jpghttps:\/\/renasterea.ro\/ro\/wp-content\/uploads\/2026\/08\/pompieri-timis.jpg&#8221;] Pompierii timi\u0219eni au plecat \u00een sprijinul autorit\u0103\u021bilor din Serbia! Elicopterul Black Hawk este deja \u00een zona afectat\u0103 de incendii Modulul terestru de interven\u021bie al Rom\u00e2niei a plecat, s\u00e2mb\u0103t\u0103 c\u0103tre Republica Serbia, pentru sprijinirea for\u021belor locale \u00een stingerea incendiilor de p\u0103dure, \u00een special \u00een Rezerva\u021bia Natural\u0103 Deliblato Sands, unde au fost afectate peste [&hellip;]<\/p>\n","protected":false},"author":1,"featured_media":0,"comment_status":"open","ping_status":"","sticky":false,"template":"","format":"standard","meta":{"footnotes":""},"categories":[89],"tags":[226,188],"class_list":["post-2107638","post","type-post","status-publish","format-standard","hentry","category-romania","tag-crawlmanager","tag-renasterea-ro"],"_links":{"self":[{"href":"https:\/\/analyse.optim.biz\/index.php?rest_route=\/wp\/v2\/posts\/2107638","targetHints":{"allow":["GET"]}}],"collection":[{"href":"https:\/\/analyse.optim.biz\/index.php?rest_route=\/wp\/v2\/posts"}],"about":[{"href":"https:\/\/analyse.optim.biz\/index.php?rest_route=\/wp\/v2\/types\/post"}],"author":[{"embeddable":true,"href":"https:\/\/analyse.optim.biz\/index.php?rest_route=\/wp\/v2\/users\/1"}],"replies":[{"embeddable":true,"href":"https:\/\/analyse.optim.biz\/index.php?rest_route=%2Fwp%2Fv2%2Fcomments&post=2107638"}],"version-history":[{"count":0,"href":"https:\/\/analyse.optim.biz\/index.php?rest_route=\/wp\/v2\/posts\/2107638\/revisions"}],"wp:attachment":[{"href":"https:\/\/analyse.optim.biz\/index.php?rest_route=%2Fwp%2Fv2%2Fmedia&parent=2107638"}],"wp:term":[{"taxonomy":"category","embeddable":true,"href":"https:\/\/analyse.optim.biz\/index.php?rest_route=%2Fwp%2Fv2%2Fcategories&post=2107638"},{"taxonomy":"post_tag","embeddable":true,"href":"https:\/\/analyse.optim.biz\/index.php?rest_route=%2Fwp%2Fv2%2Ftags&post=2107638"}],"curies":[{"name":"wp","href":"https:\/\/api.w.org\/{rel}","templated":true}]}}