{"id":210763,"date":"2014-02-28T18:12:55","date_gmt":"2014-02-28T15:12:55","guid":{"rendered":"https:\/\/analyse.optim.biz\/?p=210763"},"modified":"2014-02-28T18:12:55","modified_gmt":"2014-02-28T15:12:55","slug":"v-ponta-acuzatiile-pnl-privind-racolarea-de-parlamentari-liberali-reprezinta-doar-o-poveste","status":"publish","type":"post","link":"https:\/\/analyse.optim.biz\/?p=210763","title":{"rendered":"V. Ponta: Acuza\u0163iile PNL privind racolarea de parlamentari liberali reprezint\u0103 doar o poveste"},"content":{"rendered":"<div class=\"entry data-app-meta data-app-meta-article\" data-embed-base-url-canonical=\"https:\/\/www.digi24.ro\/embed\/stiri\/actualitate\/politica\/v-ponta-acuzatiile-pnl-privind-racolarea-de-parlamentari-liberali-reprezinta-doar-o-poveste-207659\">\n<p data-index=\"1\">\u00a0<img decoding=\"async\" src=\"https:\/\/analyse.optim.biz\/wp-content\/uploads\/2024\/09\/yjc5owexotjmotbiyme3nzm0otq3odqwzmuzymiz-thumb_.jpg\" data-skip-htmlfix=\"1\" title=\"yjc5owexotjmotbiyme3nzm0otq3odqwzmuzymiz-thumb_\"><\/p>\n<p data-index=\"2\">&#8220;Nu cred c\u0103 parlamentarii PNL vor vota \u00eempotriva revizuirii Constitu\u0163iei \u015fi a descentraliz\u0103rii&#8221;, a spus Ponta.<\/p>\n<p data-index=\"3\">PNL acuz\u0103 PSD c\u0103 a trasat sarcini fiec\u0103rei filiale social-democrate s\u0103 racoleze cel pu\u0163in c\u00e2te un parlamentar liberal, preciz\u00e2nd c\u0103 aceste informa\u0163ii au fost confirmate de reprezentan\u0163i ai PNL care au fost contacta\u0163i \u00een acest sens.\u00a0<\/p>\n<\/div>\n<p> Source URL: https:\/\/www.digi24.ro\/stiri\/actualitate\/politica\/v-ponta-acuzatiile-pnl-privind-racolarea-de-parlamentari-liberali-reprezinta-doar-o-poveste-207659<\/p>\n","protected":false},"excerpt":{"rendered":"<p>\u00a0 &#8220;Nu cred c\u0103 parlamentarii PNL vor vota \u00eempotriva revizuirii Constitu\u0163iei \u015fi a descentraliz\u0103rii&#8221;, a spus Ponta. PNL acuz\u0103 PSD c\u0103 a trasat sarcini fiec\u0103rei filiale social-democrate s\u0103 racoleze cel pu\u0163in c\u00e2te un parlamentar liberal, preciz\u00e2nd c\u0103 aceste informa\u0163ii au fost confirmate de reprezentan\u0163i ai PNL care au fost contacta\u0163i \u00een acest sens.\u00a0 Source URL: [&hellip;]<\/p>\n","protected":false},"author":1,"featured_media":210764,"comment_status":"open","ping_status":"","sticky":false,"template":"","format":"standard","meta":{"footnotes":""},"categories":[2],"tags":[11],"class_list":["post-210763","post","type-post","status-publish","format-standard","has-post-thumbnail","hentry","category-politics","tag-digi24"],"_links":{"self":[{"href":"https:\/\/analyse.optim.biz\/index.php?rest_route=\/wp\/v2\/posts\/210763","targetHints":{"allow":["GET"]}}],"collection":[{"href":"https:\/\/analyse.optim.biz\/index.php?rest_route=\/wp\/v2\/posts"}],"about":[{"href":"https:\/\/analyse.optim.biz\/index.php?rest_route=\/wp\/v2\/types\/post"}],"author":[{"embeddable":true,"href":"https:\/\/analyse.optim.biz\/index.php?rest_route=\/wp\/v2\/users\/1"}],"replies":[{"embeddable":true,"href":"https:\/\/analyse.optim.biz\/index.php?rest_route=%2Fwp%2Fv2%2Fcomments&post=210763"}],"version-history":[{"count":0,"href":"https:\/\/analyse.optim.biz\/index.php?rest_route=\/wp\/v2\/posts\/210763\/revisions"}],"wp:featuredmedia":[{"embeddable":true,"href":"https:\/\/analyse.optim.biz\/index.php?rest_route=\/wp\/v2\/media\/210764"}],"wp:attachment":[{"href":"https:\/\/analyse.optim.biz\/index.php?rest_route=%2Fwp%2Fv2%2Fmedia&parent=210763"}],"wp:term":[{"taxonomy":"category","embeddable":true,"href":"https:\/\/analyse.optim.biz\/index.php?rest_route=%2Fwp%2Fv2%2Fcategories&post=210763"},{"taxonomy":"post_tag","embeddable":true,"href":"https:\/\/analyse.optim.biz\/index.php?rest_route=%2Fwp%2Fv2%2Ftags&post=210763"}],"curies":[{"name":"wp","href":"https:\/\/api.w.org\/{rel}","templated":true}]}}