{"id":2107614,"date":"2026-08-22T08:00:32","date_gmt":"2026-08-22T05:00:32","guid":{"rendered":"https:\/\/analyse.optim.biz\/?p=2107614"},"modified":"2026-08-22T08:00:32","modified_gmt":"2026-08-22T05:00:32","slug":"o-dupa-amiaza-cu-herg-benet-trei-autori-si-cinci-carti-la-biaf-2026","status":"publish","type":"post","link":"https:\/\/analyse.optim.biz\/?p=2107614","title":{"rendered":"O dup\u0103-amiaz\u0103 cu Herg Benet: trei autori \u0219i cinci c\u0103r\u021bi la BIAF 2026"},"content":{"rendered":"<p>[analyse_image type=&#8221;featured&#8221; src=&#8221;https:\/\/opiniabuzau.ro\/wp-content\/uploads\/2026\/08\/SCRIITORI-LA-BIAF.webp&#8221;]<\/p>\n<div class=\"entry-content entry clearfix\">\n<blockquote>\n<p class=\"isSelectedEnd\"><strong>Centrul Muzeal \u201eIC Br\u0103tianu\u201d g\u0103zduie\u0219te s\u00e2mb\u0103t\u0103, 22 august, de la ora 16.30, o serie de evenimente dedicate literaturii \u00een cadrul BIAF 2026. Cu intrare liber\u0103, publicul este invitat s\u0103 participe la trei \u00eent\u00e2lniri organizate de Editura Herg Benet, care aduc \u00een prim-plan autori contemporani, lans\u0103ri de carte \u0219i dezbateri pe teme actuale<\/strong>.<\/p>\n<\/blockquote>\n<p class=\"isSelectedEnd\">Programul \u00eencepe cu lansarea volumului \u201eHerr Professor\u201d, semnat de Valentina Negoi\u021b\u0103. Evenimentul va include o prezentare, o discu\u021bie \u0219i o lectur\u0103 public\u0103, la care vor participa autoarea, al\u0103turi de scriitoarea Cristina Nemerovschi \u0219i de Alexandru Voicescu.<\/p>\n<p class=\"isSelectedEnd\">\u00cen continuare, Cristina Nemerovschi \u00ee\u0219i va \u00eent\u00e2lni cititorii \u00een jurul volumelor \u201eAici e inima mea\u201d \u0219i \u201eE\u0219ti lumea \u00eentreag\u0103. Eseu despre (re)construirea de sine\u201d. Dialogul va fi completat de interven\u021biile Valentinei Negoi\u021b\u0103 \u0219i ale lui Alexandru Voicescu.<\/p>\n<p class=\"isSelectedEnd\">Seria evenimentelor se va \u00eencheia cu dezbaterea \u201eFilosofie \u0219i literatur\u0103\u201d, dedicat\u0103 rolului filosofiei \u00een literatur\u0103 \u0219i \u00een societatea contemporan\u0103. Discu\u021bia va porni de la romanele \u201eMalad\u201d \u0219i \u201eFata de la nord de ziu\u0103\u201d, semnate de Alexandru Voicescu, \u0219i va aborda provoc\u0103rile condi\u021biei umane \u00een lumea de ast\u0103zi.<\/p>\n<p>Organizatorii \u00eei invit\u0103 pe iubitorii de carte s\u0103 participe la aceast\u0103 dup\u0103-amiaz\u0103 dedicat\u0103 lecturii, ideilor \u0219i dialogului cultural, \u00een cadrul Zilei C\u0103r\u021bii de la BIAF 2026.<\/p>\n<div class=\"stream-item stream-item-in-post stream-item-inline-post aligncenter\"><a href=\"https:\/\/vreaulanova.ro\/?utm_source=opiniabuzau&amp;utm_medium=image\" title target=\"_blank\"><img loading=\"lazy\" decoding=\"async\" data-od-unknown-tag data-od-xpath=\"\/HTML\/BODY\/DIV[@class=&apos;background-overlay&apos;]\/*[1][self::DIV]\/*[1][self::DIV]\/*[4][self::DIV]\/*[1][self::DIV]\/*[1][self::DIV]\/*[2][self::ARTICLE]\/*[3][self::DIV]\/*[7][self::DIV]\/*[1][self::A]\/*[1][self::IMG]\" src=\"https:\/\/opiniabuzau.ro\/wp-content\/smush-webp\/2022\/02\/MicrosoftTeams-image-4-1.jpg.webp\" alt width=\"728\" height=\"91\" class=\"perfmatters-lazy\"><img loading=\"lazy\" decoding=\"async\" data-od-unknown-tag data-od-xpath=\"\/HTML\/BODY\/DIV[@class=&apos;background-overlay&apos;]\/*[1][self::DIV]\/*[1][self::DIV]\/*[4][self::DIV]\/*[1][self::DIV]\/*[1][self::DIV]\/*[2][self::ARTICLE]\/*[3][self::DIV]\/*[7][self::DIV]\/*[1][self::A]\/*[1][self::IMG]\" src=\"https:\/\/opiniabuzau.ro\/wp-content\/smush-webp\/2022\/02\/MicrosoftTeams-image-4-1.jpg.webp\" alt width=\"728\" height=\"91\"><\/a><\/div>\n<p><img loading=\"lazy\" decoding=\"async\" data-od-unknown-tag data-od-xpath=\"\/HTML\/BODY\/DIV[@class=&apos;background-overlay&apos;]\/*[1][self::DIV]\/*[1][self::DIV]\/*[4][self::DIV]\/*[1][self::DIV]\/*[1][self::DIV]\/*[2][self::ARTICLE]\/*[3][self::DIV]\/*[8][self::P]\/*[1][self::IMG]\" class=\"alignnone wp-image-478176 size-large perfmatters-lazy\" src=\"https:\/\/opiniabuzau.ro\/wp-content\/uploads\/2026\/08\/AFIS-TARG-DE-CARTE-825x1024.webp\" alt width=\"825\" height=\"1024\"><\/p>\n<p><img loading=\"lazy\" decoding=\"async\" data-od-unknown-tag data-od-xpath=\"\/HTML\/BODY\/DIV[@class=&apos;background-overlay&apos;]\/*[1][self::DIV]\/*[1][self::DIV]\/*[4][self::DIV]\/*[1][self::DIV]\/*[1][self::DIV]\/*[2][self::ARTICLE]\/*[3][self::DIV]\/*[8][self::P]\/*[1][self::IMG]\" class=\"alignnone wp-image-478176 size-large\" src=\"https:\/\/opiniabuzau.ro\/wp-content\/uploads\/2026\/08\/AFIS-TARG-DE-CARTE-825x1024.webp\" alt width=\"825\" height=\"1024\"><\/div>\n<p>[analyse_source url=&#8221;https:\/\/opiniabuzau.ro\/o-dupa-amiaza-cu-herg-benet-trei-autori-si-cinci-carti-la-biaf-2026\/&#8221;]<\/p>\n","protected":false},"excerpt":{"rendered":"<p>[analyse_image type=&#8221;featured&#8221; src=&#8221;https:\/\/opiniabuzau.ro\/wp-content\/uploads\/2026\/08\/SCRIITORI-LA-BIAF.webp&#8221;] Centrul Muzeal \u201eIC Br\u0103tianu\u201d g\u0103zduie\u0219te s\u00e2mb\u0103t\u0103, 22 august, de la ora 16.30, o serie de evenimente dedicate literaturii \u00een cadrul BIAF 2026. Cu intrare liber\u0103, publicul este invitat s\u0103 participe la trei \u00eent\u00e2lniri organizate de Editura Herg Benet, care aduc \u00een prim-plan autori contemporani, lans\u0103ri de carte \u0219i dezbateri pe teme actuale. [&hellip;]<\/p>\n","protected":false},"author":1,"featured_media":0,"comment_status":"open","ping_status":"","sticky":false,"template":"","format":"standard","meta":{"footnotes":""},"categories":[2],"tags":[226,44],"class_list":["post-2107614","post","type-post","status-publish","format-standard","hentry","category-politics","tag-crawlmanager","tag-opiniabuzau-ro"],"_links":{"self":[{"href":"https:\/\/analyse.optim.biz\/index.php?rest_route=\/wp\/v2\/posts\/2107614","targetHints":{"allow":["GET"]}}],"collection":[{"href":"https:\/\/analyse.optim.biz\/index.php?rest_route=\/wp\/v2\/posts"}],"about":[{"href":"https:\/\/analyse.optim.biz\/index.php?rest_route=\/wp\/v2\/types\/post"}],"author":[{"embeddable":true,"href":"https:\/\/analyse.optim.biz\/index.php?rest_route=\/wp\/v2\/users\/1"}],"replies":[{"embeddable":true,"href":"https:\/\/analyse.optim.biz\/index.php?rest_route=%2Fwp%2Fv2%2Fcomments&post=2107614"}],"version-history":[{"count":0,"href":"https:\/\/analyse.optim.biz\/index.php?rest_route=\/wp\/v2\/posts\/2107614\/revisions"}],"wp:attachment":[{"href":"https:\/\/analyse.optim.biz\/index.php?rest_route=%2Fwp%2Fv2%2Fmedia&parent=2107614"}],"wp:term":[{"taxonomy":"category","embeddable":true,"href":"https:\/\/analyse.optim.biz\/index.php?rest_route=%2Fwp%2Fv2%2Fcategories&post=2107614"},{"taxonomy":"post_tag","embeddable":true,"href":"https:\/\/analyse.optim.biz\/index.php?rest_route=%2Fwp%2Fv2%2Ftags&post=2107614"}],"curies":[{"name":"wp","href":"https:\/\/api.w.org\/{rel}","templated":true}]}}