{"id":2107541,"date":"2026-08-23T09:05:34","date_gmt":"2026-08-23T06:05:34","guid":{"rendered":"https:\/\/analyse.optim.biz\/?p=2107541"},"modified":"2026-08-23T09:05:34","modified_gmt":"2026-08-23T06:05:34","slug":"festivalul-de-opera-si-opereta-patru-zile-de-spectacol-in-parcul-rozelor-intrarea-este-libera","status":"publish","type":"post","link":"https:\/\/analyse.optim.biz\/?p=2107541","title":{"rendered":"Festivalul de Oper\u0103 \u0219i Operet\u0103 &#8211; patru zile de spectacol \u00een Parcul Rozelor. Intrarea este liber\u0103"},"content":{"rendered":"<p>[analyse_image type=&#8221;featured&#8221; src=&#8221;https:\/\/renasterea.ro\/ro\/wp-content\/uploads\/2026\/08\/festivalul-de-opera-si-opereta.jpghttps:\/\/renasterea.ro\/ro\/wp-content\/uploads\/2026\/08\/festivalul-de-opera-si-opereta.jpg&#8221;]<\/p>\n<div class=\"entry-content\"><img loading=\"lazy\" decoding=\"async\" width=\"797\" height=\"402\" src=\"https:\/\/renasterea.ro\/ro\/wp-content\/uploads\/2026\/08\/festivalul-de-opera-si-opereta.jpg\" class=\"attachment-medium size-medium wp-post-image\" alt=\"Festivalul de Oper\u0103 \u0219i Operet\u0103 - patru zile de spectacol \u00een Parcul Rozelor. Intrarea este liber\u0103\" title=\"Festivalul de Oper\u0103 \u0219i Operet\u0103 - patru zile de spectacol \u00een Parcul Rozelor. Intrarea este liber\u0103 1\"><\/p>\n<h4>Opera Na\u021bional\u0103 Rom\u00e2n\u0103 din Timi\u0219oara invit\u0103 publicul s\u0103 se bucure de patru seri de spectacol \u00een aer liber, reunite sub semnul \u201eMuzei vesele\u201d, \u00eentr-un festival care continu\u0103 tradi\u021bia uneia dintre cele mai importante manifest\u0103ri lirice ale ora\u0219ului.<\/h4>\n<p>De-a lungul celor 20 de ani de existen\u021b\u0103, Festivalul de Oper\u0103 \u0219i Operet\u0103 de la Timi\u0219oara s-a consacrat drept un eveniment cultural de anvergur\u0103, cu o important\u0103 deschidere interna\u021bional\u0103, reunind invita\u021bi de prestigiu \u0219i propun\u00e2nd un repertoriu de interes pentru publicul din Rom\u00e2nia \u0219i din str\u0103in\u0103tate.<\/p>\n<p>\u00cen perioada <strong>27\u201330 august 2026<\/strong>, <strong>Parcul Rozelor din Timi\u0219oara<\/strong> va g\u0103zdui o nou\u0103 edi\u021bie a Festivalului de Oper\u0103 \u0219i Operet\u0103, unul dintre reperele importante ale calendarului cultural al ora\u0219ului.<\/p>\n<p>Programul a fost conceput pentru a atrage un public c\u00e2t mai divers \u0219i, \u00een special, pentru a crea oportunit\u0103\u021bi de \u00eent\u00e2lnire cu opera, opereta \u0219i musicalul pentru noi categorii de spectatori.<\/p>\n<p><strong>Programul Festivalului:<\/strong><\/p>\n<p>Joi, 27 august 2026, ora 20:00<br \/>\nGala de Oper\u0103 \u0219i Operet\u0103<\/p>\n<p>Vineri, 28 august 2026, ora 20:00<br \/>\n\u201eSilvia\u201d de Emmerich K\u00e1lm\u00e1n \u2013 operet\u0103<\/p>\n<p>S\u00e2mb\u0103t\u0103, 29 august 2026, ora 20:00<br \/>\n\u201eMy Fair Lady\u201d de Frederick Loewe \u2013 musical<\/p>\n<p>Duminic\u0103, 30 august 2026, ora 20:00<br \/>\n\u201eLiliacul\u201d de Johann Strauss \u2013 operet\u0103<\/p>\n<p><strong>Accesul publicului este liber la toate evenimentele festivalului.<\/strong><\/p>\n<p>\u00cen cazul condi\u021biilor meteorologice nefavorabile, evenimentele se vor desf\u0103\u0219ura \u00een sala Operei Na\u021bionale Rom\u00e2ne din Timi\u0219oara, la acelea\u0219i date \u0219i ore programate ini\u021bial.<\/p>\n<h2>CITE\u0218TE \u0218I: <span><a href=\"https:\/\/renasterea.ro\/estul-timisului-isi-deschide-valorile-turistice-de-la-sopot-si-transluncani-la-surduc-si-poiana-rusca-foto\/\">Estul Timi\u0219ului \u00ee\u0219i deschide valorile turistice. De la \u0218opot \u0219i Transluncani, la Surduc \u0219i Poiana Rusc\u0103 (foto)<\/a><\/span><\/h2>\n<p>Eveniment finan\u021bat de Ministerul Culturii, Municipiul Timi\u0219oara prin Centrul de Proiecte Timi\u0219oara \u0219i Consiliul Jude\u021bean Timi\u0219 prin programul TimCultura2026. Partener: Casa de Cultur\u0103 a Municipiului Timi\u0219oara.<\/p>\n<\/div>\n<p>[analyse_source url=&#8221;https:\/\/renasterea.ro\/festivalul-de-opera-si-opereta-patru-zile-de-spectacol-in-parcul-rozelor-intrarea-este-libera\/&#8221;]<\/p>\n","protected":false},"excerpt":{"rendered":"<p>[analyse_image type=&#8221;featured&#8221; src=&#8221;https:\/\/renasterea.ro\/ro\/wp-content\/uploads\/2026\/08\/festivalul-de-opera-si-opereta.jpghttps:\/\/renasterea.ro\/ro\/wp-content\/uploads\/2026\/08\/festivalul-de-opera-si-opereta.jpg&#8221;] Opera Na\u021bional\u0103 Rom\u00e2n\u0103 din Timi\u0219oara invit\u0103 publicul s\u0103 se bucure de patru seri de spectacol \u00een aer liber, reunite sub semnul \u201eMuzei vesele\u201d, \u00eentr-un festival care continu\u0103 tradi\u021bia uneia dintre cele mai importante manifest\u0103ri lirice ale ora\u0219ului. De-a lungul celor 20 de ani de existen\u021b\u0103, Festivalul de Oper\u0103 \u0219i Operet\u0103 de la [&hellip;]<\/p>\n","protected":false},"author":1,"featured_media":0,"comment_status":"open","ping_status":"","sticky":false,"template":"","format":"standard","meta":{"footnotes":""},"categories":[89],"tags":[226,188],"class_list":["post-2107541","post","type-post","status-publish","format-standard","hentry","category-romania","tag-crawlmanager","tag-renasterea-ro"],"_links":{"self":[{"href":"https:\/\/analyse.optim.biz\/index.php?rest_route=\/wp\/v2\/posts\/2107541","targetHints":{"allow":["GET"]}}],"collection":[{"href":"https:\/\/analyse.optim.biz\/index.php?rest_route=\/wp\/v2\/posts"}],"about":[{"href":"https:\/\/analyse.optim.biz\/index.php?rest_route=\/wp\/v2\/types\/post"}],"author":[{"embeddable":true,"href":"https:\/\/analyse.optim.biz\/index.php?rest_route=\/wp\/v2\/users\/1"}],"replies":[{"embeddable":true,"href":"https:\/\/analyse.optim.biz\/index.php?rest_route=%2Fwp%2Fv2%2Fcomments&post=2107541"}],"version-history":[{"count":0,"href":"https:\/\/analyse.optim.biz\/index.php?rest_route=\/wp\/v2\/posts\/2107541\/revisions"}],"wp:attachment":[{"href":"https:\/\/analyse.optim.biz\/index.php?rest_route=%2Fwp%2Fv2%2Fmedia&parent=2107541"}],"wp:term":[{"taxonomy":"category","embeddable":true,"href":"https:\/\/analyse.optim.biz\/index.php?rest_route=%2Fwp%2Fv2%2Fcategories&post=2107541"},{"taxonomy":"post_tag","embeddable":true,"href":"https:\/\/analyse.optim.biz\/index.php?rest_route=%2Fwp%2Fv2%2Ftags&post=2107541"}],"curies":[{"name":"wp","href":"https:\/\/api.w.org\/{rel}","templated":true}]}}