{"id":2107539,"date":"2026-08-23T06:42:53","date_gmt":"2026-08-23T03:42:53","guid":{"rendered":"https:\/\/analyse.optim.biz\/?p=2107539"},"modified":"2026-08-23T06:42:53","modified_gmt":"2026-08-23T03:42:53","slug":"stories-on-wheels-revine-in-banatul-de-campie-o-noua-tura-pe-bicicleta-pe-traseul-jimbolia","status":"publish","type":"post","link":"https:\/\/analyse.optim.biz\/?p=2107539","title":{"rendered":"&#8220;Stories on Wheels&#8221; revine \u00een Banatul de c\u00e2mpie. O nou\u0103 tur\u0103 pe biciclet\u0103, pe traseul Jimbolia \u2013"},"content":{"rendered":"<p>[analyse_image type=&#8221;featured&#8221; src=&#8221;https:\/\/renasterea.ro\/ro\/wp-content\/uploads\/2026\/08\/stories-on-wheels.jpghttps:\/\/renasterea.ro\/ro\/wp-content\/uploads\/2026\/08\/stories-on-wheels.jpg&#8221;]<\/p>\n<div class=\"entry-content\"><img loading=\"lazy\" decoding=\"async\" width=\"650\" height=\"433\" src=\"https:\/\/renasterea.ro\/ro\/wp-content\/uploads\/2026\/08\/stories-on-wheels.jpg\" class=\"attachment-medium size-medium wp-post-image\" alt=\"&quot;Stories on Wheels&quot; revine \u00een Banatul de c\u00e2mpie. O nou\u0103 tur\u0103 pe biciclet\u0103, pe traseul Jimbolia \u2013 Graba\u021b \u2013 Gottlob \u2013 Tomnatic \u2013 retur, despre memorie, plec\u0103ri \u0219i pove\u0219tile care r\u0103m\u00e2n\" title=\"&quot;Stories on Wheels&quot; revine \u00een Banatul de c\u00e2mpie. O nou\u0103 tur\u0103 pe biciclet\u0103, pe traseul Jimbolia \u2013 Graba\u021b \u2013 Gottlob \u2013 Tomnatic \u2013 retur, despre memorie, plec\u0103ri \u0219i pove\u0219tile care r\u0103m\u00e2n 1\"><\/p>\n<h4>Asocia\u021bia Col\u021b de Banat continu\u0103 seria de ture cultural-velo \u201eStories on Wheels\u201d, o ini\u021biativ\u0103 care \u00eembin\u0103 mi\u0219carea pe biciclet\u0103 cu descoperirea patrimoniului local \u0219i a pove\u0219tilor comunit\u0103\u021bilor din vestul jude\u021bului Timi\u0219.<\/h4>\n<p>Pe 29 august 2026, participan\u021bii sunt invita\u021bi \u00eentr-o nou\u0103 experien\u021b\u0103 pe dou\u0103 ro\u021bi, pe traseul Jimbolia \u2013 Graba\u021b \u2013 Gottlob \u2013 Tomnatic \u2013 retur, o c\u0103l\u0103torie de aproximativ 50 de kilometri prin peisajul specific Banatului de c\u00e2mpie.<\/p>\n<p>Tema acestei edi\u021bii este \u201eSeptembrie \u201945: plec\u0103ri, sf\u00e2r\u0219ituri \u0219i \u00eenceputuri \u00een Banatul de c\u00e2mpie\u201d, o incursiune \u00een perioada de dup\u0103 finalul celui de-al Doilea R\u0103zboi Mondial, c\u00e2nd comunit\u0103\u021bile b\u0103n\u0103\u021bene au trecut prin transform\u0103ri profunde, marcate de schimb\u0103ri politice, plec\u0103ri \u0219i rea\u0219ez\u0103ri sociale.<\/p>\n<p>Stories on Wheels nu este doar despre biciclet\u0103 \u0219i kilometri parcur\u0219i. Este despre a redescoperi locurile prin pove\u0219tile oamenilor care le-au construit \u0219i le-au dat sens. Credem c\u0103 memoria comunit\u0103\u021bilor este o resurs\u0103 important\u0103 pentru viitor, iar bicicleta este un mijloc extraordinar de a apropia oamenii de aceste pove\u0219ti.<\/p>\n<p>Punctul central al turei va fi Tomnatic, unde participan\u021bii vor avea parte de o sta\u021bie de pove\u0219ti dedicat\u0103 istoriei locale \u0219i memoriei comunit\u0103\u021bii. Evenimentul va include o conversa\u021bie special\u0103 cu <strong>Smaranda Vultur<\/strong>, cercet\u0103toare a memoriei \u0219i istoriei orale a Banatului, care va vorbi despre oameni, identitate \u0219i felul \u00een care trecutul continu\u0103 s\u0103 fie p\u0103strat prin pove\u0219tile comunit\u0103\u021bilor.<\/p>\n<p>Prin aceast\u0103 \u00eent\u00e2lnire ne dorim s\u0103 cre\u0103m un spa\u021biu de dialog despre felul \u00een care comunit\u0103\u021bile \u00ee\u0219i p\u0103streaz\u0103 memoria \u0219i despre cum locurile prin care trecem pe biciclet\u0103 poart\u0103 urmele unor istorii personale \u0219i colective.<\/p>\n<p>Tura face parte din proiectul \u201eStories on Wheels \u2013 communities in motion\u201d, prin care Asocia\u021bia Col\u021b de Banat \u00ee\u0219i propune s\u0103 dezvolte turismul velo \u0219i s\u0103 conecteze comunit\u0103\u021bile din zona de frontier\u0103 a jude\u021bului Timi\u0219 prin pove\u0219ti locale, patrimoniu cultural \u0219i mobilitate sustenabil\u0103.<\/p>\n<p>Participan\u021bii vor avea ocazia s\u0103 descopere localit\u0103\u021bi precum Graba\u021b, Gottlob \u0219i Tomnatic, s\u0103 interac\u021bioneze cu oamenii locului \u0219i s\u0103 experimenteze un alt fel de a c\u0103l\u0103tori: mai lent, mai atent \u0219i mai conectat la comunitate.<\/p>\n<p>\u00censcrierea la eveniment este obligatorie:<br \/><a href=\"https:\/\/forms.gle\/r6jR3dtT1b3AVsm28\" rel=\"noopener\">https:\/\/forms.gle\/r6jR3dtT1b3AVsm28<\/a><\/p>\n<p>Activitatea face parte din proiectul \u201eStories on Wheels \u2013 communities in motion\u201d, finan\u021bat prin Fondul RO Bike Valley, gestionat de Funda\u021bia Comunitar\u0103 Timi\u0219oara \u0219i sus\u021binut de Decathlon Rom\u00e2nia. Proiectul este implementat de Asocia\u021bia Col\u021b de Banat, al\u0103turi de partenerii s\u0103i locali \u0219i regionali.<\/p>\n<\/div>\n<p>[analyse_source url=&#8221;https:\/\/renasterea.ro\/stories-on-wheels-revine-in-banatul-de-campie-o-noua-tura-pe-bicicleta-pe-traseul-jimbolia-grabat-gottlob-tomnatic-retur-despre-memorie-plecari-si-poves\/&#8221;]<\/p>\n","protected":false},"excerpt":{"rendered":"<p>[analyse_image type=&#8221;featured&#8221; src=&#8221;https:\/\/renasterea.ro\/ro\/wp-content\/uploads\/2026\/08\/stories-on-wheels.jpghttps:\/\/renasterea.ro\/ro\/wp-content\/uploads\/2026\/08\/stories-on-wheels.jpg&#8221;] Asocia\u021bia Col\u021b de Banat continu\u0103 seria de ture cultural-velo \u201eStories on Wheels\u201d, o ini\u021biativ\u0103 care \u00eembin\u0103 mi\u0219carea pe biciclet\u0103 cu descoperirea patrimoniului local \u0219i a pove\u0219tilor comunit\u0103\u021bilor din vestul jude\u021bului Timi\u0219. Pe 29 august 2026, participan\u021bii sunt invita\u021bi \u00eentr-o nou\u0103 experien\u021b\u0103 pe dou\u0103 ro\u021bi, pe traseul Jimbolia \u2013 Graba\u021b \u2013 Gottlob \u2013 [&hellip;]<\/p>\n","protected":false},"author":1,"featured_media":0,"comment_status":"open","ping_status":"","sticky":false,"template":"","format":"standard","meta":{"footnotes":""},"categories":[89],"tags":[226,188],"class_list":["post-2107539","post","type-post","status-publish","format-standard","hentry","category-romania","tag-crawlmanager","tag-renasterea-ro"],"_links":{"self":[{"href":"https:\/\/analyse.optim.biz\/index.php?rest_route=\/wp\/v2\/posts\/2107539","targetHints":{"allow":["GET"]}}],"collection":[{"href":"https:\/\/analyse.optim.biz\/index.php?rest_route=\/wp\/v2\/posts"}],"about":[{"href":"https:\/\/analyse.optim.biz\/index.php?rest_route=\/wp\/v2\/types\/post"}],"author":[{"embeddable":true,"href":"https:\/\/analyse.optim.biz\/index.php?rest_route=\/wp\/v2\/users\/1"}],"replies":[{"embeddable":true,"href":"https:\/\/analyse.optim.biz\/index.php?rest_route=%2Fwp%2Fv2%2Fcomments&post=2107539"}],"version-history":[{"count":0,"href":"https:\/\/analyse.optim.biz\/index.php?rest_route=\/wp\/v2\/posts\/2107539\/revisions"}],"wp:attachment":[{"href":"https:\/\/analyse.optim.biz\/index.php?rest_route=%2Fwp%2Fv2%2Fmedia&parent=2107539"}],"wp:term":[{"taxonomy":"category","embeddable":true,"href":"https:\/\/analyse.optim.biz\/index.php?rest_route=%2Fwp%2Fv2%2Fcategories&post=2107539"},{"taxonomy":"post_tag","embeddable":true,"href":"https:\/\/analyse.optim.biz\/index.php?rest_route=%2Fwp%2Fv2%2Ftags&post=2107539"}],"curies":[{"name":"wp","href":"https:\/\/api.w.org\/{rel}","templated":true}]}}