{"id":2107536,"date":"2026-08-23T08:44:47","date_gmt":"2026-08-23T05:44:47","guid":{"rendered":"https:\/\/analyse.optim.biz\/?p=2107536"},"modified":"2026-08-23T08:44:47","modified_gmt":"2026-08-23T05:44:47","slug":"povestea-ei-a-inceput-demult","status":"publish","type":"post","link":"https:\/\/analyse.optim.biz\/?p=2107536","title":{"rendered":"Povestea ei a \u00eenceput demult"},"content":{"rendered":"<p>[analyse_image type=&#8221;featured&#8221; src=&#8221;https:\/\/renasterea.ro\/ro\/wp-content\/uploads\/2026\/08\/romanita-stoiciu.jpghttps:\/\/renasterea.ro\/ro\/wp-content\/uploads\/2026\/08\/romanita-stoiciu.jpg&#8221;]<\/p>\n<div class=\"entry-content\"><img loading=\"lazy\" decoding=\"async\" width=\"650\" height=\"400\" src=\"https:\/\/renasterea.ro\/ro\/wp-content\/uploads\/2026\/08\/romanita-stoiciu.jpg\" class=\"attachment-medium size-medium wp-post-image\" alt=\"Povestea ei a \u00eenceput demult\" title=\"Povestea ei a \u00eenceput demult 1\"><\/p>\n<h4>Cu mult \u00eenainte ca Romani\u021ba Stoiciu s\u0103-\u0219i caute r\u0103d\u0103cinile, povestea ei fusese deja a\u0219ezat\u0103 pe p\u00e2nz\u0103, \u00een atelierul lui Carol Wolff, cunoscut \u0219i ca Wolff K\u00e1roly, unul dintre str\u0103mo\u0219ii s\u0103i.<\/h4>\n<p>\u201dFormat la M\u00fcnchen \u0219i la Baia Mare, artistul devenise unul dintre portreti\u0219tii c\u0103uta\u021bi ai Banatului, chemat de familiile burgheze \u0219i aristocrate s\u0103 le p\u0103streze chipurile dincolo de timp. \u00cen 1923, municipalitatea Aradului i-a comandat portretele regelui Ferdinand \u0219i reginei Maria, \u00een m\u0103rime natural\u0103 \u0219i \u00een ve\u0219mintele \u00eencoron\u0103rii.<\/p>\n<p>Renumele c\u00e2\u0219tigat prin aceste lucr\u0103ri a determinat-o pe Ir\u00e9n S\u00fct\u0151, sora lui L\u00e1szl\u00f3 Sz\u00e9kely, arhitectul-\u0219ef al Timi\u0219oarei, s\u0103-i \u00eencredin\u021beze propriul portret, realizat \u00een jurul anului 1928.<\/p>\n<p>\u00cen 2019, dou\u0103 portrete semnate de Wolff K\u00e1roly au intrat \u00een patrimoniul Muzeului Na\u021bional al Banatului. Pornind pe urmele arborelui genealogic, doamna Romani\u021ba Stoiciu \u0219i so\u021bul s\u0103u, prof. dr. ing. Dan Stoiciu, au descoperit un clip al muzeului \u00een care colegul nostru, muzeograful Marius Cornea prezenta chiar una din lucr\u0103rile \u00eenainta\u0219ului ei.<\/p>\n<p><img loading=\"lazy\" decoding=\"async\" class=\"alignnone size-medium wp-image-304324\" src=\"https:\/\/renasterea.ro\/ro\/wp-content\/uploads\/2026\/08\/poveste-534x460.jpg\" alt=\"Povestea ei a \u00eenceput demult\" width=\"534\" height=\"460\" title=\"Povestea ei a \u00eenceput demult 2\"><\/p>\n<p>\u00cen col\u021bul unui tablou \u00eei a\u0219tepta o semn\u0103tur\u0103: &lt;&lt;Wolff K.&gt;&gt; Au scris muzeului \u0219i au venit la Bastion, unde Marius le-a deschis catalogul la portretele regale care \u00eei aduseser\u0103 pictorului renumele. Veniser\u0103 pentru c\u00e2teva informa\u021bii \u0219i au primit \u00een dar un capitol \u00eentreg din povestea familiei.<\/p>\n<p>\u00centre familia de ast\u0103zi \u0219i pictorul de odinioar\u0103 se a\u0219ezase muzeul, ca o punte.\u00a0 Povestea Romani\u021bei Stoiciu a \u00eenceput demult, \u00een atelierul unui artist care picta timpul, \u201d au transmis cei de la MNaB.<\/p>\n<\/div>\n<p>[analyse_source url=&#8221;https:\/\/renasterea.ro\/povestea-ei-a-inceput-demult\/&#8221;]<\/p>\n","protected":false},"excerpt":{"rendered":"<p>[analyse_image type=&#8221;featured&#8221; src=&#8221;https:\/\/renasterea.ro\/ro\/wp-content\/uploads\/2026\/08\/romanita-stoiciu.jpghttps:\/\/renasterea.ro\/ro\/wp-content\/uploads\/2026\/08\/romanita-stoiciu.jpg&#8221;] Cu mult \u00eenainte ca Romani\u021ba Stoiciu s\u0103-\u0219i caute r\u0103d\u0103cinile, povestea ei fusese deja a\u0219ezat\u0103 pe p\u00e2nz\u0103, \u00een atelierul lui Carol Wolff, cunoscut \u0219i ca Wolff K\u00e1roly, unul dintre str\u0103mo\u0219ii s\u0103i. \u201dFormat la M\u00fcnchen \u0219i la Baia Mare, artistul devenise unul dintre portreti\u0219tii c\u0103uta\u021bi ai Banatului, chemat de familiile burgheze \u0219i aristocrate s\u0103 [&hellip;]<\/p>\n","protected":false},"author":1,"featured_media":0,"comment_status":"open","ping_status":"","sticky":false,"template":"","format":"standard","meta":{"footnotes":""},"categories":[89],"tags":[226,188],"class_list":["post-2107536","post","type-post","status-publish","format-standard","hentry","category-romania","tag-crawlmanager","tag-renasterea-ro"],"_links":{"self":[{"href":"https:\/\/analyse.optim.biz\/index.php?rest_route=\/wp\/v2\/posts\/2107536","targetHints":{"allow":["GET"]}}],"collection":[{"href":"https:\/\/analyse.optim.biz\/index.php?rest_route=\/wp\/v2\/posts"}],"about":[{"href":"https:\/\/analyse.optim.biz\/index.php?rest_route=\/wp\/v2\/types\/post"}],"author":[{"embeddable":true,"href":"https:\/\/analyse.optim.biz\/index.php?rest_route=\/wp\/v2\/users\/1"}],"replies":[{"embeddable":true,"href":"https:\/\/analyse.optim.biz\/index.php?rest_route=%2Fwp%2Fv2%2Fcomments&post=2107536"}],"version-history":[{"count":0,"href":"https:\/\/analyse.optim.biz\/index.php?rest_route=\/wp\/v2\/posts\/2107536\/revisions"}],"wp:attachment":[{"href":"https:\/\/analyse.optim.biz\/index.php?rest_route=%2Fwp%2Fv2%2Fmedia&parent=2107536"}],"wp:term":[{"taxonomy":"category","embeddable":true,"href":"https:\/\/analyse.optim.biz\/index.php?rest_route=%2Fwp%2Fv2%2Fcategories&post=2107536"},{"taxonomy":"post_tag","embeddable":true,"href":"https:\/\/analyse.optim.biz\/index.php?rest_route=%2Fwp%2Fv2%2Ftags&post=2107536"}],"curies":[{"name":"wp","href":"https:\/\/api.w.org\/{rel}","templated":true}]}}