{"id":2107533,"date":"2026-08-23T06:26:15","date_gmt":"2026-08-23T03:26:15","guid":{"rendered":"https:\/\/analyse.optim.biz\/?p=2107533"},"modified":"2026-08-23T06:26:15","modified_gmt":"2026-08-23T03:26:15","slug":"incendiu-la-un-centru-medical-a-fost-activat-planul-rosu-de-interventie-mai-multe-victime-video","status":"publish","type":"post","link":"https:\/\/analyse.optim.biz\/?p=2107533","title":{"rendered":"Incendiu la un centru medical. A fost activat Planul Ro\u0219u de interven\u021bie. Mai multe victime (video)"},"content":{"rendered":"<p>[analyse_image type=&#8221;featured&#8221; src=&#8221;https:\/\/renasterea.ro\/ro\/wp-content\/uploads\/2026\/08\/incendiu-arad-1.jpghttps:\/\/renasterea.ro\/ro\/wp-content\/uploads\/2026\/08\/incendiu-arad-1.jpg&#8221;]<\/p>\n<div class=\"entry-content\"><img loading=\"lazy\" decoding=\"async\" width=\"650\" height=\"404\" src=\"https:\/\/renasterea.ro\/ro\/wp-content\/uploads\/2026\/08\/incendiu-arad-1.jpg\" class=\"attachment-medium size-medium wp-post-image\" alt=\"Incendiu la un centru medical. A fost activat Planul Ro\u0219u de interven\u021bie. Mai multe victime (video)\" title=\"Incendiu la un centru medical. A fost activat Planul Ro\u0219u de interven\u021bie. Mai multe victime (video) 1\"><\/p>\n<h4>\u00cen noaptea de s\u00e2mb\u0103t\u0103 spre duminic\u0103, pompierii militari au fost anun\u021ba\u021bi despre producerea unui incendiu la un centru medical \u00een municipiul Arad, Calea Aurel Vlaicu.<\/h4>\n<p>La locul interven\u021biei s-au deplasat for\u021be \u0219i mijloace din cadrul Deta\u0219amentului Arad cu dou\u0103 autospeciale de stingere, o autospecial\u0103 de interven\u021bie \u0219i salvare de la \u00een\u0103l\u021bime, 11 ambulan\u021be SMURD dintre care una de Terapie Intensiv\u0103 Mobil\u0103, o Autospecial\u0103 de Transport Personal \u0219i Victime Multiple. A fost ctivat Planul Ro\u0219u de Interven\u021bie.<\/p>\n<p>\u00cen momentul sosirii echipajelor la locul interven\u021biei, incendiul se manifesta la o saltea din interiorul unui salon.<\/p>\n<p>\u00cen urma incendiului au rezultat trei victime, pacien\u021bi, con\u0219tien\u021bi \u0219i cooperan\u021bi, evacuate de c\u0103tre pompierii militari \u0219i preluate de c\u0103tre echipajele medicale.<\/p>\n<p>Incendiul a fost stins rapid \u0219i spa\u021biul ventilat, nu s-a impus evacuarea altor bolnavi sau a cadrelor medicale, iar Planul Ro\u0219u a fost dezactivat.<\/p>\n<p>Cele trei victime, cu u\u0219oare intoxica\u021bii cu fum \u0219i atac de panic\u0103, au fost preluate de c\u0103tre echipajele medicale \u0219i transportate la UPU Arad pentru investiga\u021bii medicale suplimentare.<\/p>\n<iframe loading=\"lazy\" title=\"Incendiu centru medical Arad\" width=\"540\" height=\"960\" src=\"https:\/\/www.youtube.com\/embed\/BMjYTKtAP3o?feature=oembed\" frameborder allow=\"accelerometer; autoplay; clipboard-write; encrypted-media; gyroscope; picture-in-picture; web-share\" referrerpolicy=\"strict-origin-when-cross-origin\" allowfullscreen><\/iframe>\n<p><em>Sursa imagini: ISU Arad<\/em><\/p>\n<\/div>\n<p>[analyse_source url=&#8221;https:\/\/renasterea.ro\/incendiu-la-un-centru-medical-a-fost-activat-planul-rosu-de-interventie-mai-multe-victime-video\/&#8221;]<\/p>\n","protected":false},"excerpt":{"rendered":"<p>[analyse_image type=&#8221;featured&#8221; src=&#8221;https:\/\/renasterea.ro\/ro\/wp-content\/uploads\/2026\/08\/incendiu-arad-1.jpghttps:\/\/renasterea.ro\/ro\/wp-content\/uploads\/2026\/08\/incendiu-arad-1.jpg&#8221;] \u00cen noaptea de s\u00e2mb\u0103t\u0103 spre duminic\u0103, pompierii militari au fost anun\u021ba\u021bi despre producerea unui incendiu la un centru medical \u00een municipiul Arad, Calea Aurel Vlaicu. La locul interven\u021biei s-au deplasat for\u021be \u0219i mijloace din cadrul Deta\u0219amentului Arad cu dou\u0103 autospeciale de stingere, o autospecial\u0103 de interven\u021bie \u0219i salvare de la \u00een\u0103l\u021bime, 11 [&hellip;]<\/p>\n","protected":false},"author":1,"featured_media":0,"comment_status":"open","ping_status":"","sticky":false,"template":"","format":"standard","meta":{"footnotes":""},"categories":[89],"tags":[226,188],"class_list":["post-2107533","post","type-post","status-publish","format-standard","hentry","category-romania","tag-crawlmanager","tag-renasterea-ro"],"_links":{"self":[{"href":"https:\/\/analyse.optim.biz\/index.php?rest_route=\/wp\/v2\/posts\/2107533","targetHints":{"allow":["GET"]}}],"collection":[{"href":"https:\/\/analyse.optim.biz\/index.php?rest_route=\/wp\/v2\/posts"}],"about":[{"href":"https:\/\/analyse.optim.biz\/index.php?rest_route=\/wp\/v2\/types\/post"}],"author":[{"embeddable":true,"href":"https:\/\/analyse.optim.biz\/index.php?rest_route=\/wp\/v2\/users\/1"}],"replies":[{"embeddable":true,"href":"https:\/\/analyse.optim.biz\/index.php?rest_route=%2Fwp%2Fv2%2Fcomments&post=2107533"}],"version-history":[{"count":0,"href":"https:\/\/analyse.optim.biz\/index.php?rest_route=\/wp\/v2\/posts\/2107533\/revisions"}],"wp:attachment":[{"href":"https:\/\/analyse.optim.biz\/index.php?rest_route=%2Fwp%2Fv2%2Fmedia&parent=2107533"}],"wp:term":[{"taxonomy":"category","embeddable":true,"href":"https:\/\/analyse.optim.biz\/index.php?rest_route=%2Fwp%2Fv2%2Fcategories&post=2107533"},{"taxonomy":"post_tag","embeddable":true,"href":"https:\/\/analyse.optim.biz\/index.php?rest_route=%2Fwp%2Fv2%2Ftags&post=2107533"}],"curies":[{"name":"wp","href":"https:\/\/api.w.org\/{rel}","templated":true}]}}