{"id":2107531,"date":"2026-08-22T07:57:41","date_gmt":"2026-08-22T04:57:41","guid":{"rendered":"https:\/\/analyse.optim.biz\/?p=2107531"},"modified":"2026-08-22T07:57:41","modified_gmt":"2026-08-22T04:57:41","slug":"incendiu-la-doua-garaje-o-masina-si-o-casa-interventie-dificila-a-pompierilor-doua-persoane-au-suferit","status":"publish","type":"post","link":"https:\/\/analyse.optim.biz\/?p=2107531","title":{"rendered":"Incendiu la dou\u0103 garaje, o ma\u0219in\u0103 \u0219i o cas\u0103. Interven\u021bie dificil\u0103 a pompierilor. Dou\u0103 persoane au suferit"},"content":{"rendered":"<p>[analyse_image type=&#8221;featured&#8221; src=&#8221;https:\/\/renasterea.ro\/ro\/wp-content\/uploads\/2026\/08\/incendiu-arad.jpghttps:\/\/renasterea.ro\/ro\/wp-content\/uploads\/2026\/08\/incendiu-arad.jpg&#8221;]<\/p>\n<div class=\"entry-content\"><img loading=\"lazy\" decoding=\"async\" width=\"800\" height=\"432\" src=\"https:\/\/renasterea.ro\/ro\/wp-content\/uploads\/2026\/08\/incendiu-arad.jpg\" class=\"attachment-medium size-medium wp-post-image\" alt=\"Incendiu la dou\u0103 garaje, o ma\u0219in\u0103 \u0219i o cas\u0103. Interven\u021bie dificil\u0103 a pompierilor. Dou\u0103 persoane au suferit multiple arsuri\" title=\"Incendiu la dou\u0103 garaje, o ma\u0219in\u0103 \u0219i o cas\u0103. Interven\u021bie dificil\u0103 a pompierilor. Dou\u0103 persoane au suferit multiple arsuri 1\"><\/p>\n<h4>Pompierii militari din cadrul Deta\u0219amentului Arad au intervenit, s\u00e2mb\u0103t\u0103 diminea\u021ba, pentru stingerea unui incendiu izbucnit pe strada Junilor din municipiul Arad.<\/h4>\n<p>Fl\u0103c\u0103rile s-au manifestat ini\u021bial la materiale plastice din interiorul a dou\u0103 garaje. Ulterior, focul s-a propagat la un autovehicul parcat \u00een apropiere \u0219i la acoperi\u0219ul unei case de locuit.<\/p>\n<p>Suprafa\u021ba total\u0103 afectat\u0103 este de aproximativ 200 mp.<\/p>\n<p>\u00cen urma evenimentului au rezultat dou\u0103 victime care prezint\u0103 multiple arsuri. Acestea sunt con\u0219tiente \u0219i cooperante. Echipajele medicale le-au preluat \u0219i le-au transportat la spital pentru \u00eengrijiri de specialitate.<\/p>\n<p>Din cauza degaj\u0103rilor mari de fum, a fost transmis un mesaj RO-Alert pentru avertizarea \u0219i protec\u021bia popula\u021biei din zon\u0103.<\/p>\n<p>Pentru gestionarea situa\u021biei de urgen\u021b\u0103, ac\u021biunea salvatorilor fiind extrem de dificil\u0103, dispozitivul de interven\u021bie a fost suplimentat: 4 autospeciale de stingere cu ap\u0103 \u0219i spum\u0103, 2 ambulan\u021be SMURD.<\/p>\n<h2>CITE\u0218TE \u0218I: <span><a href=\"https:\/\/renasterea.ro\/tragedie-la-sacalaz-incendiu-la-un-complex-de-locuinte-sociale-persoana-scoasa-din-flacari-tavan-prabusit-peste-o-alta-care-a-decedat\/\">Tragedie la S\u0103c\u0103laz. Incendiu la un complex de locuin\u021be sociale, persoan\u0103 scoas\u0103 din fl\u0103c\u0103ri, tavan pr\u0103bu\u0219it peste o alta, care a decedat<\/a><\/span><\/h2>\n<\/div>\n<p>[analyse_source url=&#8221;https:\/\/renasterea.ro\/incendiu-la-doua-garaje-o-masina-si-o-casa-interventie-dificila-a-pompierilor-doua-persoane-au-suferit-multiple-arsuri\/&#8221;]<\/p>\n","protected":false},"excerpt":{"rendered":"<p>[analyse_image type=&#8221;featured&#8221; src=&#8221;https:\/\/renasterea.ro\/ro\/wp-content\/uploads\/2026\/08\/incendiu-arad.jpghttps:\/\/renasterea.ro\/ro\/wp-content\/uploads\/2026\/08\/incendiu-arad.jpg&#8221;] Pompierii militari din cadrul Deta\u0219amentului Arad au intervenit, s\u00e2mb\u0103t\u0103 diminea\u021ba, pentru stingerea unui incendiu izbucnit pe strada Junilor din municipiul Arad. Fl\u0103c\u0103rile s-au manifestat ini\u021bial la materiale plastice din interiorul a dou\u0103 garaje. Ulterior, focul s-a propagat la un autovehicul parcat \u00een apropiere \u0219i la acoperi\u0219ul unei case de locuit. Suprafa\u021ba total\u0103 [&hellip;]<\/p>\n","protected":false},"author":1,"featured_media":0,"comment_status":"open","ping_status":"","sticky":false,"template":"","format":"standard","meta":{"footnotes":""},"categories":[89],"tags":[226,188],"class_list":["post-2107531","post","type-post","status-publish","format-standard","hentry","category-romania","tag-crawlmanager","tag-renasterea-ro"],"_links":{"self":[{"href":"https:\/\/analyse.optim.biz\/index.php?rest_route=\/wp\/v2\/posts\/2107531","targetHints":{"allow":["GET"]}}],"collection":[{"href":"https:\/\/analyse.optim.biz\/index.php?rest_route=\/wp\/v2\/posts"}],"about":[{"href":"https:\/\/analyse.optim.biz\/index.php?rest_route=\/wp\/v2\/types\/post"}],"author":[{"embeddable":true,"href":"https:\/\/analyse.optim.biz\/index.php?rest_route=\/wp\/v2\/users\/1"}],"replies":[{"embeddable":true,"href":"https:\/\/analyse.optim.biz\/index.php?rest_route=%2Fwp%2Fv2%2Fcomments&post=2107531"}],"version-history":[{"count":0,"href":"https:\/\/analyse.optim.biz\/index.php?rest_route=\/wp\/v2\/posts\/2107531\/revisions"}],"wp:attachment":[{"href":"https:\/\/analyse.optim.biz\/index.php?rest_route=%2Fwp%2Fv2%2Fmedia&parent=2107531"}],"wp:term":[{"taxonomy":"category","embeddable":true,"href":"https:\/\/analyse.optim.biz\/index.php?rest_route=%2Fwp%2Fv2%2Fcategories&post=2107531"},{"taxonomy":"post_tag","embeddable":true,"href":"https:\/\/analyse.optim.biz\/index.php?rest_route=%2Fwp%2Fv2%2Ftags&post=2107531"}],"curies":[{"name":"wp","href":"https:\/\/api.w.org\/{rel}","templated":true}]}}