{"id":2107530,"date":"2026-08-22T08:34:59","date_gmt":"2026-08-22T05:34:59","guid":{"rendered":"https:\/\/analyse.optim.biz\/?p=2107530"},"modified":"2026-08-22T08:34:59","modified_gmt":"2026-08-22T05:34:59","slug":"estul-timisului-isi-deschide-valorile-turistice-de-la-sopot-si-transluncani-la-surduc-si-poiana-rusca-foto","status":"publish","type":"post","link":"https:\/\/analyse.optim.biz\/?p=2107530","title":{"rendered":"Estul Timi\u0219ului \u00ee\u0219i deschide valorile turistice. De la \u0218opot \u0219i Transluncani, la Surduc \u0219i Poiana Rusc\u0103 (foto)"},"content":{"rendered":"<p>[analyse_image type=&#8221;featured&#8221; src=&#8221;https:\/\/renasterea.ro\/ro\/wp-content\/uploads\/2026\/08\/turism-timis.jpghttps:\/\/renasterea.ro\/ro\/wp-content\/uploads\/2026\/08\/turism-timis.jpg&#8221;]<\/p>\n<div class=\"entry-content\"><img loading=\"lazy\" decoding=\"async\" width=\"715\" height=\"460\" src=\"https:\/\/renasterea.ro\/ro\/wp-content\/uploads\/2026\/08\/turism-timis-715x460.jpg\" class=\"attachment-medium size-medium wp-post-image\" alt=\"Estul Timi\u0219ului \u00ee\u0219i deschide valorile turistice. De la \u0218opot \u0219i Transluncani, la Surduc \u0219i Poiana Rusc\u0103 (foto)\" title=\"Estul Timi\u0219ului \u00ee\u0219i deschide valorile turistice. De la \u0218opot \u0219i Transluncani, la Surduc \u0219i Poiana Rusc\u0103 (foto) 1\"><\/p>\n<h4>Estul jude\u021bului Timi\u0219 \u00eencepe s\u0103 fie privit ca o singur\u0103 destina\u021bie, nu ca o sum\u0103 de obiective risipite pe hart\u0103. Vizita de lucru din 21 august a pus la aceea\u0219i mas\u0103 Consiliul Jude\u021bean Timi\u0219, primarii din zon\u0103 \u0219i Visit Timi\u0219, \u00eentr-un moment \u00een care drumurile, amenaj\u0103rile turistice, investi\u021biile private \u0219i proiectele de agrement pot schimba radical felul \u00een care este descoperit\u0103 Poiana Rusc\u0103.<\/h4>\n<p>Exist\u0103 un Timi\u0219 pe care imaginea clasic\u0103 a jude\u021bului de c\u00e2mpie \u00eel ascunde aproape complet. \u00cen est, asfaltul \u00eencepe s\u0103 urce printre p\u0103duri, satele se str\u00e2ng \u00een v\u0103i, st\u00e2nca apare l\u00e2ng\u0103 drum, iar la distan\u021be surprinz\u0103tor de mici se \u00eent\u00e2lnesc cascade, pe\u0219teri, biserici de lemn vechi de secole, lacuri, izvoare cunoscute mai ales de localnici \u0219i drumuri montane care deschid perspective nea\u0219teptate asupra Banatului. Problema acestei zone nu a fost niciodat\u0103 lipsa locurilor care merit\u0103 v\u0103zute, ci faptul c\u0103 ele au r\u0103mas prea mult timp fiecare cu povestea sa, insuficient legate \u00eentre ele. Acum \u00eencepe partea mai dificil\u0103, mai exact transformarea geografiei \u00eentr-o destina\u021bie, a frumuse\u021bii naturale \u00eentr-o economie local\u0103 \u0219i a unui drum de weekend \u00eentr-un motiv pentru care turistul s\u0103 r\u0103m\u00e2n\u0103.<\/p>\n<p><strong>Un alt Timi\u0219, la poalele Mun\u021bilor Poiana Rusc\u0103<\/strong><\/p>\n<p>Timi\u0219ul nu \u00eenseamn\u0103 doar c\u00e2mpia care se deschide din jurul Timi\u0219oarei spre vestul jude\u021bului. La extremitatea sa estic\u0103, peisajul se schimb\u0103 aproape f\u0103r\u0103 avertisment. Apar culmile \u00eemp\u0103durite ale Mun\u021bilor Poiana Rusc\u0103, v\u0103ile \u00eenguste, cascadele, pe\u0219terile \u0219i satele a\u0219ezate \u00eentre dealuri, \u00eentr-un areal care p\u0103streaz\u0103 \u00eenc\u0103 mult din Banatul montan mai pu\u021bin cunoscut publicului larg.<\/p>\n<p>Aici a ajuns, \u00een 21 august, conducerea Consiliului Jude\u021bean Timi\u0219. <strong>Alfred Simonis<\/strong>, pre\u0219edintele CJ, \u0219i vicepre\u0219edin\u021bii Alexandru Iovescu \u0219i Alin Popoviciu au parcurs zona al\u0103turi de <strong>Costel Medelean<\/strong>, primarul comunei Tome\u0219ti, Virgil Victor Ciocea, primarul comunei Pietroasa, \u0219i reprezentan\u021bii Asocia\u021biei pentru Promovarea \u0219i Dezvoltarea Turismului \u2013 Visit Timi\u0219.<\/p>\n<p>Formula delega\u021biei spune, de fapt, care a fost miza deplas\u0103rii: administra\u021bia jude\u021bean\u0103, primarii care cunosc \u0219i \u00eentre\u021bin aceste locuri \u0219i speciali\u0219tii \u00een promovare turistic\u0103 au \u00eencercat s\u0103 priveasc\u0103 \u00eempreun\u0103 estul Timi\u0219ului nu ca pe o succesiune de obiective r\u0103zle\u021be, ci ca pe un teritoriu care poate deveni o destina\u021bie \u00een sine.<\/p>\n<p>Vizita nu urm\u0103rea descoperirea unor locuri noi, ci g\u0103sirea formulei prin care obiective cunoscute p\u00e2n\u0103 acum mai ales local s\u0103 \u00eenceap\u0103 s\u0103 func\u021bioneze \u00eempreun\u0103, \u00eentr-un circuit coerent \u0219i recognoscibil.<\/p>\n<p><img loading=\"lazy\" decoding=\"async\" class=\"alignnone size-full wp-image-304245\" src=\"https:\/\/renasterea.ro\/ro\/wp-content\/uploads\/2026\/08\/costel-medelean-si-alfred-simonis.jpg\" alt=\"Estul Timi\u0219ului \u00ee\u0219i deschide valorile turistice. De la \u0218opot \u0219i Transluncani la Surduc \u0219i Poiana Rusc\u0103 (foto)\" width=\"650\" height=\"365\" title=\"Estul Timi\u0219ului \u00ee\u0219i deschide valorile turistice. De la \u0218opot \u0219i Transluncani, la Surduc \u0219i Poiana Rusc\u0103 (foto) 2\"><\/p>\n<p><strong>De la Surduc la \u0218opot. O zon\u0103 care are aproape tot ce \u00eei trebuie unui turist<\/strong><\/p>\n<p>Privit\u0103 pe hart\u0103, zona pare o succesiune de puncte r\u0103sp\u00e2ndite \u00een estul jude\u021bului. \u00cen teren, \u00eens\u0103, ele \u00eencep s\u0103 se lege firesc, pe traseul dintre Lacul Surduc, Tome\u0219ti, Rom\u00e2ne\u0219ti \u0219i Valea lui Liman, Luncanii \u0219i spectaculosul drum Transluncani, apoi Pietroasa, Poieni, Cascada \u0218opot \u0219i, deasupra tuturor, culmile \u00eemp\u0103durite ale Mun\u021bilor Poiana Rusc\u0103. Pe distan\u021be relativ mici se \u00eent\u00e2lnesc agrementul pe ap\u0103, traseele montane, pe\u0219terile, patrimoniul religios \u0219i rural, locurile de campare \u0219i drumurile panoramice.<\/p>\n<p>Alfred Simonis vede tocmai aceast\u0103 concentrare de resurse ca baza unui proiect care trebuie construit \u00een timp. \u201eTot ceea ce se \u00eent\u00e2mpl\u0103 \u00een aceast\u0103 zon\u0103 \u2013 Lacul Surduc, Transluncani, Tome\u0219ti, Pietroasa, Pietrele Cohului, Cascada \u0218opot, unde am fost mai devreme \u2013 face parte dintr-o strategie a noastr\u0103, \u00eentins\u0103 pe mai mul\u021bi ani, de a investi \u00een infrastructura acestei zone pentru a aduce turi\u0219ti\u201d, a declarat pre\u0219edintele CJ Timi\u0219.<\/p>\n<p>Aici intervine \u0219i rolul Visit Timi\u0219. Nu doar s\u0103 promoveze separat o cascad\u0103, un lac sau un drum spectaculos, ci s\u0103 le adune \u00eentr-o poveste comun\u0103, u\u0219or de recunoscut \u0219i de parcurs. Miza este ca estul jude\u021bului s\u0103 nu mai fie perceput ca o colec\u021bie de locuri frumoase, ci ca o destina\u021bie turistic\u0103 \u00een sine.<\/p>\n<p><strong>Pietroasa: Cascada \u0218opot, natur\u0103 spectaculoas\u0103 \u0219i patrimoniu vechi de secole<\/strong><\/p>\n<p>La Pietroasa, turismul \u00eencepe din p\u0103dure. Cascada \u0218opot este cel mai cunoscut reper natural al comunei, dar nu este singurul. \u00cen acela\u0219i areal se afl\u0103 Pe\u0219tera Albastr\u0103, cunoscut\u0103 \u0219i drept Pe\u0219tera Pietroasa, spectaculoasele Pietre ale Cohului \u0219i traseul montan Poieni \u2013 Lunca Larg\u0103 \u2013 B\u0103tr\u00e2na, care urc\u0103 prin p\u0103durile Poianei Rusc\u0103. Naturii i se adaug\u0103 un patrimoniu religios remarcabil, prin bisericile de lemn din Pietroasa, Poieni \u0219i, mai ales, cea din Crivina de Sus, ridicat\u0103 \u00een 1676, una dintre piesele excep\u021bionale ale vechii arhitecturi biserice\u0219ti b\u0103n\u0103\u021bene.<\/p>\n<p>La \u0218opot se vede \u00eens\u0103 \u0219i munca f\u0103cut\u0103 pentru ca frumuse\u021bea locului s\u0103 poat\u0103 fi descoperit\u0103 \u00een condi\u021bii civilizate. Primarul <strong>Virgil Victor Ciocea<\/strong> \u0219i oamenii din Pietroasa au amenajat accesul spre cascad\u0103 cu sc\u0103ri \u0219i pun\u021bi din lemn, spa\u021bii pentru popas \u0219i campare, mese \u0219i grupuri sanitare moderne, dotate cu WC-uri, chiuvete \u0219i consumabile pentru igien\u0103. \u00centre\u021binerea traseului \u0219i a amenaj\u0103rilor r\u0103m\u00e2ne \u00een grija Prim\u0103riei Pietroasa. Iar acest pas spre civiliza\u021bie este o premier\u0103 pentru turismul din jude\u021b.<\/p>\n<p><img loading=\"lazy\" decoding=\"async\" class=\"alignnone size-medium wp-image-304251\" src=\"https:\/\/renasterea.ro\/ro\/wp-content\/uploads\/2026\/08\/Virgil-Ciocea-456x460.jpg\" alt=\"Estul Timi\u0219ului \u00ee\u0219i deschide valorile turistice. De la \u0218opot \u0219i Transluncani la Surduc \u0219i Poiana Rusc\u0103 (foto)\" width=\"456\" height=\"460\" title=\"Estul Timi\u0219ului \u00ee\u0219i deschide valorile turistice. De la \u0218opot \u0219i Transluncani, la Surduc \u0219i Poiana Rusc\u0103 (foto) 3\"><\/p>\n<p>Exist\u0103 \u0219i o component\u0103 important\u0103 de siguran\u021b\u0103. \u00centr-un relief montan \u00een care, pe suprafe\u021be \u00eentinse, semnalul telefoniei mobile lipse\u0219te sau este slab, prezen\u021ba salvatorilor montani \u0219i comunica\u021biile radio pot face diferen\u021ba \u00een cazul unei interven\u021bii.<\/p>\n<p>La \u0218opot, diferen\u021ba dintre o frumuse\u021be natural\u0103 \u0219i un obiectiv turistic \u00eencepe s\u0103 fie f\u0103cut\u0103 tocmai de aceste interven\u021bii aparent m\u0103runte: acces, cur\u0103\u021benie, siguran\u021b\u0103 \u0219i un minim confort pentru cel care vine.<\/p>\n<p><strong>Izvorul din St\u00e2njeni, unul dintre micile secrete din Tome\u0219ti<\/strong><\/p>\n<p>Timi\u0219ul are o veche leg\u0103tur\u0103 cu izvoarele \u0219i apele minerale, de la Buzia\u0219 \u0219i C\u0103lacea p\u00e2n\u0103 la sursele cunoscute de la B\u0103r\u0103teaz sau Saco\u0219u Mare. Mult mai pu\u021bin mediatizat este \u00eens\u0103 izvorul din zona St\u00e2njeni, din arealul Tome\u0219tiului, cunoscut p\u00e2n\u0103 acum mai ales de localnici \u0219i de cei care au aflat, din om \u00een om, despre calitatea apei.<\/p>\n<p>Primarul Costel Medelean spune c\u0103 izvorul atrage deja oameni din afara jude\u021bului. \u201eInclusiv din jude\u021bul Arad vin foarte mul\u021bi dup\u0103 ap\u0103, de pe Valea Mure\u0219ului\u201d, explic\u0103 edilul, care aminte\u0219te \u0219i faptul c\u0103 \u00eemprejurimile sunt folosite pentru campare.<\/p>\n<p>Potrivit primarului, apa a fost verificat\u0103 \u00een mai multe laboratoare<strong>. <\/strong>\u201e\u00cen urma analizelor f\u0103cute la mai multe laboratoare, s-a constatat c\u0103 este foarte pur\u0103\u201d, afirm\u0103 Medelean. Cu sus\u021binerea buletinelor de analiz\u0103 \u00een documenta\u021bia consultat\u0103, aceste caracteristici ridic\u0103 miza pentru amenajarea acestui izvor.<\/p>\n<p>Tocmai reputa\u021bia deja c\u00e2\u0219tigat\u0103 de izvorul St\u00e2njeni a determinat Prim\u0103ria Tome\u0219ti s\u0103 ia \u00een calcul amenajarea locului \u0219i integrarea lui \u00een circuitul turistic al comunei. Ar fi \u00eenc\u0103 un exemplu de resurs\u0103 local\u0103 discret\u0103, cunoscut\u0103 de ani de zile de comunitate, dar care poate deveni un nou punct de interes pentru cei care descoper\u0103 estul Timi\u0219ului.<\/p>\n<p><strong>Aproape dou\u0103 decenii \u00een care Tome\u0219tiul a \u00eenv\u0103\u021bat s\u0103-\u0219i valorifice muntele<\/strong><\/p>\n<p>La Tome\u0219ti, dezvoltarea turistic\u0103 nu \u00eencepe cu vizita din 21 august. Costel Medelean vorbe\u0219te despre aceast\u0103 direc\u021bie \u00eenc\u0103 din 2008, iar comuna a \u00eencercat treptat s\u0103 transforme relieful \u00eentr-o ofert\u0103 coerent\u0103. Cel mai vizibil exemplu este Transluncani, fost drum agricol de aproape cinci kilometri, asfaltat \u0219i transformat \u00eentr-o \u0219osea montan\u0103 care urc\u0103 spre 700 de metri, cu aproape doi kilometri de serpentine s\u0103pate \u00een st\u00e2nc\u0103.<\/p>\n<p>Oferta este \u00eens\u0103 mai larg\u0103 \u0219i include Valea lui Liman, Pe\u0219tera Rom\u00e2ne\u0219ti \u0219i concertele sale, M\u0103n\u0103stirea Izvorul Miron, St\u00e2nca lui Florian, apropierea de Pade\u0219, muzeul privat al sticlei din Colonia Tome\u0219ti, p\u0103str\u0103v\u0103ria din Luncanii de Jos \u0219i produsele gospod\u0103riilor locale. Din 2025, li se adaug\u0103 o pist\u0103 montan\u0103 de biciclete de 2,5 kilometri, \u00eentre Balo\u0219e\u0219ti \u0219i DJ 684, finan\u021bat\u0103 prin PNRR.<\/p>\n<p><strong>Costel Medelean<\/strong> spune \u00eens\u0103 c\u0103 o destina\u021bie se construie\u0219te \u0219i prin lucrurile mici: \u201eDe la Rom\u00e2ne\u0219ti p\u00e2n\u0103 la Luncani, fiecare poieni\u021b\u0103 [\u2026] am avut grij\u0103 s\u0103 o cosim, s\u0103 o \u00eentre\u021binem, s\u0103 adun\u0103m gunoaiele. Turistul, c\u00e2nd vine, trebuie s\u0103 aib\u0103 o pl\u0103cere, o atrac\u021bie\u201d. Administra\u021bia deserve\u0219te \u0219ase localit\u0103\u021bi cu zece angaja\u021bi, plus primarul \u0219i viceprimarul.<\/p>\n<p>Transluncani a devenit, \u00eentre timp, dovada c\u0103 accesul, \u00eentre\u021binerea \u0219i promovarea pot schimba vizibil destinul unei zone montane.<\/p>\n<p><img decoding=\"async\" loading=\"lazy\" class=\"alignnone size-full wp-image-304246\" src=\"https:\/\/renasterea.ro\/ro\/wp-content\/uploads\/2026\/08\/Costel-Medelean.jpg\" alt=\"Estul Timi\u0219ului \u00ee\u0219i deschide valorile turistice. De la \u0218opot \u0219i Transluncani la Surduc \u0219i Poiana Rusc\u0103 (foto)\" width=\"600\" height=\"450\" title=\"Estul Timi\u0219ului \u00ee\u0219i deschide valorile turistice. De la \u0218opot \u0219i Transluncani, la Surduc \u0219i Poiana Rusc\u0103 (foto) 4\"><\/p>\n<p><strong>Transluncani a fost \u00eenceputul. DJ 684 schimb\u0103 complet dimensiunea proiectului<\/strong><\/p>\n<p>Dac\u0103 Transluncani a demonstrat ce poate produce, la scar\u0103 local\u0103, un drum care deschide muntele c\u0103tre turi\u0219ti, modernizarea DJ 684 mut\u0103 proiectul \u00eentr-o cu totul alt\u0103 categorie. Nu mai este vorba doar despre accesul la c\u00e2teva obiective, ci despre un coridor rutier capabil s\u0103 lege zona montan\u0103 a Timi\u0219ului de Cara\u0219-Severin \u0219i Hunedoara \u0219i s\u0103 aduc\u0103 mai aproape autostrada A1 de comunit\u0103\u021bile de peste munte.<\/p>\n<p>La 15 iulie, Alfred Simonis anun\u021ba semnarea contractului pentru primul tronson: \u201eAm semnat contractul de execu\u021bie pentru primul tronson al Drumului Jude\u021bean 684, Luncanii de Jos \u2013 limit\u0103 Cara\u0219-Severin, parte a celei mai spectaculoase \u0219osele care une\u0219te trei jude\u021be, Timi\u0219, Cara\u0219 \u0219i Hunedoara\u201d.<\/p>\n<p>Sectorul are 16,5 kilometri, traverseaz\u0103 una dintre cele mai pitore\u0219ti zone montane ale jude\u021bului, iar lucr\u0103rile ar trebui finalizate la \u00eenceputul anului 2028. \u00centregul proiect rutier, estimat la aproximativ 100 de milioane de euro, are \u00eens\u0103 o miz\u0103 care dep\u0103\u0219e\u0219te infrastructura: poate deschide c\u0103tre turism \u0219i investi\u021bii o zon\u0103 p\u00e2n\u0103 acum greu accesibil\u0103 \u0219i poate crea un flux nou de vizitatori \u00eentre cele trei jude\u021be.<\/p>\n<p>Efectul \u00eencepe deja s\u0103 se vad\u0103 la scar\u0103 mai mic\u0103. Primarul Medelean spune c\u0103 pe Transluncani \u00eent\u00e2lne\u0219te acum numeroase ma\u0219ini venite din Cara\u0219-Severin \u0219i Hunedoara, semn c\u0103 traseul a dep\u0103\u0219it de mult interesul strict local.<\/p>\n<p>DJ 684 poate transforma aceast\u0103 tendin\u021b\u0103 \u00eentr-un fenomen regional: ceea ce Transluncani a \u00eenceput ca atrac\u021bie turistic\u0103, noul drum poate continua ca infrastructur\u0103 de dezvoltare.<\/p>\n<p><strong>Valea F\u0103r\u0103\u0219e\u0219ti, un festival cu 52 de edi\u021bii \u0219i un proiect pentru urm\u0103toarele decenii<\/strong><\/p>\n<p>La Tome\u0219ti, turismul nu \u00eenseamn\u0103 doar trasee, pe\u0219teri \u0219i peisaj montan. \u00cen Valea F\u0103r\u0103\u0219e\u0219ti, tradi\u021bia comunit\u0103\u021bii se \u00eent\u00e2lne\u0219te cu unul dintre proiectele de dezvoltare preg\u0103tite pentru urm\u0103torii ani. Aici va avea loc, \u00een 29 \u0219i 30 august, cea de-a 52-a edi\u021bie a Nedeii Rom\u00e2nilor de Pretutindeni, eveniment mutat \u00een ultimii ani de la Valea lui Liman \u0219i devenit deja parte din identitatea noii loca\u021bii.<\/p>\n<p>Primarul Costel Medelean anun\u021b\u0103 pentru s\u00e2mb\u0103t\u0103 un program dedicat \u00een special tinerilor, iar duminic\u0103 manifest\u0103ri de folclor, dansuri, tradi\u021bii \u0219i port popular rom\u00e2nesc. Dincolo de festival, \u00eens\u0103, Valea F\u0103r\u0103\u0219e\u0219ti este preg\u0103tit\u0103 s\u0103 devin\u0103 o zon\u0103 de agrement permanent\u0103.<\/p>\n<p>Consiliul Jude\u021bean Timi\u0219 \u0219i Prim\u0103ria Tome\u0219ti au aprobat un parteneriat pentru reamenajarea arealului, iar proiectul se afl\u0103 \u00een etapa ob\u021binerii ultimelor avize. \u201eExist\u0103 un proiect extrem, extrem de ambi\u021bios acolo\u201d, spune Alfred Simonis, care vorbe\u0219te despre o viitoare zon\u0103 de camping, piscin\u0103 \u0219i spa\u021biu dedicat festivalurilor \u0219i evenimentelor. Dup\u0103 finalizarea aviz\u0103rii, administra\u021bia jude\u021bean\u0103 inten\u021bioneaz\u0103 s\u0103 preg\u0103teasc\u0103 licita\u021bia pentru realizarea investi\u021biei.<\/p>\n<p>Valea F\u0103r\u0103\u0219e\u0219ti exprim\u0103, poate cel mai clar, filosofia \u00eentregii strategii pentru estul jude\u021bului, unde infrastructura trebuie s\u0103 ofere locul, iar evenimentele s\u0103-i dea via\u021b\u0103.<\/p>\n<p><strong>Surduc, ancora de agrement a estului Timi\u0219ului<\/strong><\/p>\n<p>Dac\u0103 Poiana Rusc\u0103 ofer\u0103 muntele, p\u0103durea \u0219i traseele, Lacul Surduc poate deveni marea ancor\u0103 de agrement pe ap\u0103 a estului Timi\u0219ului. Consiliul Jude\u021bean a trecut \u00een aceast\u0103 var\u0103 de la inten\u021bii la primele investi\u021bii majore, studiul de fezabilitate pentru amenajarea malului este finalizat, iar administra\u021bia jude\u021bean\u0103 a lansat procedurile pentru proiectare, execu\u021bie \u0219i dot\u0103ri.<\/p>\n<p>Proiectul prevede o teras\u0103-deck de p\u00e2n\u0103 la 500 de metri p\u0103tra\u021bi, piscin\u0103, \u0219ezlonguri \u0219i baldachine, spa\u021bii pentru alimenta\u021bie public\u0103, bar, vestiare, du\u0219uri \u0219i grupuri sanitare, alei pietonale \u0219i zone verzi. O punte va lega malul de un ponton plutitor, iar oferta va fi completat\u0103 cu un cort de tip dome, dou\u0103 b\u0103rci \u0219i un teren gonflabil de sport pe ap\u0103. Separat, CJ Timi\u0219 a scos la licita\u021bie, pentru 1,06 milioane de lei f\u0103r\u0103 TVA, dot\u0103rile zonei: pontonul, mobilierul de plaj\u0103, cortul \u0219i platforma sportiv\u0103 acvatic\u0103 de 200 de metri p\u0103tra\u021bi.<\/p>\n<p>Pentru Alfred Simonis, investi\u021bia public\u0103 trebuie s\u0103 func\u021bioneze \u0219i ca semnal pentru capitalul privat. \u201eDe-abia am \u00eenceput investi\u021biile. Lacul Surduc, tot ce \u00eenseamn\u0103 acolo investi\u021bii de milioane de euro \u00een urm\u0103torii ani, cu infrastructur\u0103, cu asfalt, cu re\u021bele [\u2026] \u0219i propun ca anul viitor, la \u00eenceputul verii, s\u0103 deschidem efectiv acea piscin\u0103 \u0219i celelalte locuri [\u2026] pentru a demonstra priva\u021bilor c\u0103 merit\u0103 s\u0103 faci astfel de investi\u021bii\u201d, a declarat pre\u0219edintele CJ Timi\u0219.<\/p>\n<p>Primele semne exist\u0103 deja \u00een apropiere. Simonis remarc\u0103 apari\u021bia cabanelor, construc\u021biilor de tip A-frame \u0219i a altor investi\u021bii private \u00een zona Tome\u0219ti, pe fondul cre\u0219terii interesului turistic.<\/p>\n<p>\u00cen aceast\u0103 logic\u0103, Surducul nu este o destina\u021bie separat\u0103 de munte, ci complementul lui. O zi pe ap\u0103 poate continua cu Rom\u00e2ne\u0219ti, Transluncani, Luncani sau \u0218opot. Tocmai aceast\u0103 combina\u021bie \u2013 lac, munte, agrement \u0219i patrimoniu \u00eentr-un areal relativ compact \u2013 poate transforma estul Timi\u0219ului dintr-o destina\u021bie de excursie \u00eentr-una de weekend.<\/p>\n<p><img decoding=\"async\" loading=\"lazy\" class=\"alignnone size-full wp-image-304247\" src=\"https:\/\/renasterea.ro\/ro\/wp-content\/uploads\/2026\/08\/turism-timis-1.jpg\" alt=\"Estul Timi\u0219ului \u00ee\u0219i deschide valorile turistice. De la \u0218opot \u0219i Transluncani la Surduc \u0219i Poiana Rusc\u0103 (foto)\" width=\"600\" height=\"449\" title=\"Estul Timi\u0219ului \u00ee\u0219i deschide valorile turistice. De la \u0218opot \u0219i Transluncani, la Surduc \u0219i Poiana Rusc\u0103 (foto) 5\"><\/p>\n<p><strong>Pentru Visit Timi\u0219 urm\u0103torul pas este s\u0103 transforme locurile \u00eentr-o destina\u021bie<\/strong><\/p>\n<p>Prezen\u021ba reprezentan\u021bilor Visit Timi\u0219 la deplasarea din 21 august nu a avut doar un rol de documentare. Miza este preg\u0103tirea unei promov\u0103ri care s\u0103 lege obiectivele estului jude\u021bului \u00eentr-o experien\u021b\u0103 coerent\u0103. \u0218opotul, Pietroasa, Transluncani, Rom\u00e2ne\u0219tiul, Valea lui Liman, Surducul \u0219i culmile Poianei Rusc\u0103 nu c\u00e2\u0219tig\u0103 suficient dac\u0103 sunt promovate separat.<\/p>\n<p>O destina\u021bie func\u021bioneaz\u0103 atunci c\u00e2nd turistul \u0219tie ce poate vedea diminea\u021ba, unde poate m\u00e2nca, ce traseu poate parcurge, unde poate campa sau r\u0103m\u00e2ne peste noapte, ce monument poate vizita, ce eveniment g\u0103se\u0219te \u00een zon\u0103 \u0219i unde merit\u0103 s\u0103 ajung\u0103 a doua zi.<\/p>\n<p>\u201eTuri\u0219tii nu \u00eei aduci a\u0219a, de pe o zi pe alta. \u00cei aduci cu o strategie, cu evenimente\u201d, rezum\u0103 Alfred Simonis una dintre ideile centrale ale proiectului.<\/p>\n<p>Estul Timi\u0219ului nu trebuie inventat ca destina\u021bie turistic\u0103. Muntele, apa, p\u0103durile, satele, patrimoniul \u0219i oamenii care \u021bin aceste locuri vii exist\u0103 deja. Provocarea urm\u0103torilor ani este ca drumurile, investi\u021biile \u0219i promovarea s\u0103 le lege suficient de bine \u00eenc\u00e2t ceea ce ast\u0103zi pare \u00eenc\u0103 un col\u021b frumos \u0219i pu\u021bin cunoscut al jude\u021bului s\u0103 devin\u0103 un motiv \u00een sine pentru a veni \u00een Timi\u0219.<\/p>\n<div id=\"gallery-1\" class=\"gallery galleryid-304243 gallery-columns-1 gallery-size-full\">\n<figure class=\"gallery-item\">\n<div class=\"gallery-icon landscape\"><a href=\"https:\/\/renasterea.ro\/ro\/wp-content\/uploads\/2026\/08\/cascada-sopot.jpg\" title data-rl_title class=\"rl-gallery-link\" data-rl_caption data-rel=\"lightbox-gallery-1\"><img decoding=\"async\" loading=\"lazy\" width=\"600\" height=\"450\" src=\"https:\/\/renasterea.ro\/ro\/wp-content\/uploads\/2026\/08\/cascada-sopot.jpg\" class=\"attachment-full size-full\" alt=\"Estul Timi\u0219ului \u00ee\u0219i deschide valorile turistice. De la \u0218opot \u0219i Transluncani la Surduc \u0219i Poiana Rusc\u0103 (foto)\" title=\"Estul Timi\u0219ului \u00ee\u0219i deschide valorile turistice. De la \u0218opot \u0219i Transluncani, la Surduc \u0219i Poiana Rusc\u0103 (foto) 6\"><\/a><\/div>\n<\/figure>\n<figure class=\"gallery-item\">\n<div class=\"gallery-icon landscape\"><a href=\"https:\/\/renasterea.ro\/ro\/wp-content\/uploads\/2026\/08\/turism-timis-2.jpg\" title data-rl_title class=\"rl-gallery-link\" data-rl_caption data-rel=\"lightbox-gallery-1\"><img decoding=\"async\" loading=\"lazy\" width=\"600\" height=\"450\" src=\"https:\/\/renasterea.ro\/ro\/wp-content\/uploads\/2026\/08\/turism-timis-2.jpg\" class=\"attachment-full size-full\" alt=\"Estul Timi\u0219ului \u00ee\u0219i deschide valorile turistice. De la \u0218opot \u0219i Transluncani la Surduc \u0219i Poiana Rusc\u0103 (foto)\" title=\"Estul Timi\u0219ului \u00ee\u0219i deschide valorile turistice. De la \u0218opot \u0219i Transluncani, la Surduc \u0219i Poiana Rusc\u0103 (foto) 7\"><\/a><\/div>\n<\/figure>\n<figure class=\"gallery-item\">\n<div class=\"gallery-icon landscape\"><a href=\"https:\/\/renasterea.ro\/ro\/wp-content\/uploads\/2026\/08\/turism-timis-3.jpg\" title data-rl_title class=\"rl-gallery-link\" data-rl_caption data-rel=\"lightbox-gallery-1\"><img decoding=\"async\" loading=\"lazy\" width=\"600\" height=\"400\" src=\"https:\/\/renasterea.ro\/ro\/wp-content\/uploads\/2026\/08\/turism-timis-3.jpg\" class=\"attachment-full size-full\" alt=\"Estul Timi\u0219ului \u00ee\u0219i deschide valorile turistice. De la \u0218opot \u0219i Transluncani la Surduc \u0219i Poiana Rusc\u0103 (foto)\" title=\"Estul Timi\u0219ului \u00ee\u0219i deschide valorile turistice. De la \u0218opot \u0219i Transluncani, la Surduc \u0219i Poiana Rusc\u0103 (foto) 8\"><\/a><\/div>\n<\/figure>\n<\/div>\n<h2>CITE\u0218TE \u0218I: <span><a href=\"https:\/\/renasterea.ro\/cj-timis-accelereaza-lucrarile-la-deponeul-ghizela-celula-3-este-gata-in-proportie-de-86-foto\/\">CJ Timi\u0219 accelereaz\u0103 lucr\u0103rile la Deponeul Ghizela. Celula 3 este gata \u00een propor\u021bie de 86% (foto)<\/a><\/span><\/h2>\n<\/div>\n<p>[analyse_source url=&#8221;https:\/\/renasterea.ro\/estul-timisului-isi-deschide-valorile-turistice-de-la-sopot-si-transluncani-la-surduc-si-poiana-rusca-foto\/&#8221;]<\/p>\n","protected":false},"excerpt":{"rendered":"<p>[analyse_image type=&#8221;featured&#8221; src=&#8221;https:\/\/renasterea.ro\/ro\/wp-content\/uploads\/2026\/08\/turism-timis.jpghttps:\/\/renasterea.ro\/ro\/wp-content\/uploads\/2026\/08\/turism-timis.jpg&#8221;] Estul jude\u021bului Timi\u0219 \u00eencepe s\u0103 fie privit ca o singur\u0103 destina\u021bie, nu ca o sum\u0103 de obiective risipite pe hart\u0103. Vizita de lucru din 21 august a pus la aceea\u0219i mas\u0103 Consiliul Jude\u021bean Timi\u0219, primarii din zon\u0103 \u0219i Visit Timi\u0219, \u00eentr-un moment \u00een care drumurile, amenaj\u0103rile turistice, investi\u021biile private \u0219i proiectele de [&hellip;]<\/p>\n","protected":false},"author":1,"featured_media":0,"comment_status":"open","ping_status":"","sticky":false,"template":"","format":"standard","meta":{"footnotes":""},"categories":[89],"tags":[226,188],"class_list":["post-2107530","post","type-post","status-publish","format-standard","hentry","category-romania","tag-crawlmanager","tag-renasterea-ro"],"_links":{"self":[{"href":"https:\/\/analyse.optim.biz\/index.php?rest_route=\/wp\/v2\/posts\/2107530","targetHints":{"allow":["GET"]}}],"collection":[{"href":"https:\/\/analyse.optim.biz\/index.php?rest_route=\/wp\/v2\/posts"}],"about":[{"href":"https:\/\/analyse.optim.biz\/index.php?rest_route=\/wp\/v2\/types\/post"}],"author":[{"embeddable":true,"href":"https:\/\/analyse.optim.biz\/index.php?rest_route=\/wp\/v2\/users\/1"}],"replies":[{"embeddable":true,"href":"https:\/\/analyse.optim.biz\/index.php?rest_route=%2Fwp%2Fv2%2Fcomments&post=2107530"}],"version-history":[{"count":0,"href":"https:\/\/analyse.optim.biz\/index.php?rest_route=\/wp\/v2\/posts\/2107530\/revisions"}],"wp:attachment":[{"href":"https:\/\/analyse.optim.biz\/index.php?rest_route=%2Fwp%2Fv2%2Fmedia&parent=2107530"}],"wp:term":[{"taxonomy":"category","embeddable":true,"href":"https:\/\/analyse.optim.biz\/index.php?rest_route=%2Fwp%2Fv2%2Fcategories&post=2107530"},{"taxonomy":"post_tag","embeddable":true,"href":"https:\/\/analyse.optim.biz\/index.php?rest_route=%2Fwp%2Fv2%2Ftags&post=2107530"}],"curies":[{"name":"wp","href":"https:\/\/api.w.org\/{rel}","templated":true}]}}