{"id":2107529,"date":"2026-08-21T17:32:43","date_gmt":"2026-08-21T14:32:43","guid":{"rendered":"https:\/\/analyse.optim.biz\/?p=2107529"},"modified":"2026-08-21T17:32:43","modified_gmt":"2026-08-21T14:32:43","slug":"cj-timis-accelereaza-lucrarile-la-deponeul-ghizela-celula-3-este-gata-in-proportie-de-86-foto","status":"publish","type":"post","link":"https:\/\/analyse.optim.biz\/?p=2107529","title":{"rendered":"CJ Timi\u0219 accelereaz\u0103 lucr\u0103rile la Deponeul Ghizela. Celula 3 este gata \u00een propor\u021bie de 86% (foto)"},"content":{"rendered":"<p>[analyse_image type=&#8221;featured&#8221; src=&#8221;https:\/\/renasterea.ro\/ro\/wp-content\/uploads\/2026\/08\/deponeu-ghizela.jpghttps:\/\/renasterea.ro\/ro\/wp-content\/uploads\/2026\/08\/deponeu-ghizela.jpg&#8221;]<\/p>\n<div class=\"entry-content\"><img loading=\"lazy\" decoding=\"async\" width=\"650\" height=\"411\" src=\"https:\/\/renasterea.ro\/ro\/wp-content\/uploads\/2026\/08\/deponeu-ghizela.jpg\" class=\"attachment-medium size-medium wp-post-image\" alt=\"CJ Timi\u0219 accelereaz\u0103 lucr\u0103rile la Deponeul Ghizela. Celula 3 este gata \u00een propor\u021bie de 86% (foto)\" title=\"CJ Timi\u0219 accelereaz\u0103 lucr\u0103rile la Deponeul Ghizela. Celula 3 este gata \u00een propor\u021bie de 86% (foto) 1\"><\/p>\n<h4>Deponeul de De\u0219euri Nepericuloase de la Ghizela intr\u0103 \u00eentr-o etap\u0103 decisiv\u0103. Vineri, 21 august, pre\u0219edintele CJ Timi\u0219, Alfred Simonis, a prezentat stadiul lucr\u0103rilor, pe teren, la Celula 3 \u0219i schimb\u0103rile din activitatea deponeului dup\u0103 preluarea de c\u0103tre Eco Serv Timi\u0219. La vizit\u0103 au participat vicepre\u0219edin\u021bii Consiliului Jude\u021bean, consilieri jude\u021beni \u0219i reprezentan\u021bi ai societ\u0103\u021bii Eco Serv Timi\u0219.<\/h4>\n<p>Miza este readucerea depozit\u0103rii de\u0219eurilor nepericuloase \u00een Timi\u0219 \u0219i reducerea costurilor generate de transportul c\u0103tre alte jude\u021be. \u00cen paralel, CJ Timi\u0219 vrea la Ghizela un sistem performant, complex, cu sortare, tratare mecano-biologic\u0103, valorificarea reciclabilelor \u0219i, \u00een perspectiv\u0103, producere de energie.<\/p>\n<h3><strong>Celula 3, investi\u021bie de aproape 46 de milioane de lei<\/strong><\/h3>\n<p>Lucr\u0103rile au \u00eenceput \u00een februarie, iar dup\u0103 aproximativ \u0219ase luni execu\u021bia a ajuns la 86%. Investi\u021bia este de aproape 46 de milioane de lei, din bugetul CJ Timi\u0219. Terasamentele, digurile \u0219i straturile de impermeabilizare sunt finalizate.<\/p>\n<p>\u201eAnul acesta, \u00een februarie, am emis ordinul de \u00eencepere pentru Celula 3. Suntem la un progres de aproximativ 86%, dup\u0103 doar \u0219ase luni de la ordinul de \u00eencepere. Ne a\u0219tept\u0103m s\u0103 termin\u0103m chiar \u00eenainte de termen sau, oricum, \u00een termen. Opt luni de zile a fost termenul pentru executarea acestor lucr\u0103ri. Lucrurile evolueaz\u0103 foarte, foarte bine. Ne a\u0219tept\u0103m ca anul acesta s\u0103 depozit\u0103m aici deja de\u0219euri, astfel \u00eenc\u00e2t tarifele pentru ceea ce \u00eenseamn\u0103 de\u0219euri s\u0103 scad\u0103 \u00een jude\u021b\u201d, a declarat Alfred Simonis.<\/p>\n<p>\u201eAcest depozit a costat sau va costa, c\u00e2nd va fi gata, undeva la aproximativ 46 de milioane de lei, buget propriu al jude\u021bului Timi\u0219. O sum\u0103 \u00eensemnat\u0103, dublat\u0103 de tunelurile de uscare, tratarea mecano-biologic\u0103, retehnologizarea sta\u021biei, tratarea levigatului \u0219i toate celelalte investi\u021bii care se \u00eent\u00e2mpl\u0103 \u00een Ghizela sau se vor \u00eent\u00e2mpla anul acesta \u0219i anul viitor\u201d, a mai spus pre\u0219edintele CJ Timi\u0219.<\/p>\n<h3><strong>Eco Serv Timi\u0219: activitatea deponeului a fost reorganizat\u0103<\/strong><\/h3>\n<p>Dincolo de \u0219antier, Eco Serv Timi\u0219 afirm\u0103 c\u0103 a reorganizat opera\u021biunile, cu accent pe respectarea cerin\u021belor de mediu \u0219i diminuarea impactului asupra zonei.<\/p>\n<p>\u201ePrin efortul sus\u021binut al echipei Eco Serv Timi\u0219, activitatea deponeului a fost reorganizat\u0103, cu respectarea legisla\u021biei de mediu \u00een vigoare \u0219i cu o aten\u021bie permanent\u0103 acordat\u0103 desf\u0103\u0219ur\u0103rii corespunz\u0103toare a activit\u0103\u021bilor \u0219i reducerii impactului asupra mediului \u0219i comunit\u0103\u021bilor din zon\u0103\u201d, au transmis reprezentan\u021bii companiei.<\/p>\n<p>Simonis a insistat asupra unei schimb\u0103ri u\u0219or de observat \u00eenc\u0103 de la apropierea de deponeu: \u201ePrima constatare pe care o facem c\u00e2nd ne apropiem de depozit este c\u0103 nu mai miroase a\u0219a cum mirosea de la kilometri distan\u021b\u0103. Asta \u00eenseamn\u0103 c\u0103 nu se mai arunc\u0103 concentratul pe depozit, fundamental de acolo era mirosul acela extrem de greu de suportat, \u0219i evident o \u00eentre\u021binere mai bun\u0103 a \u00eentregului depozit la Ghizela\u201d.<\/p>\n<h3><strong>Mai mult\u0103 sortare \u0219i mai multe reciclabile<\/strong><\/h3>\n<p>Eco Serv Timi\u0219 pune accent pe cre\u0219terea cantit\u0103\u021bii de materiale recuperate \u00eenainte de depozitare, astfel \u00eenc\u00e2t mai pu\u021bine de\u0219euri s\u0103 ajung\u0103 \u00een celule.<\/p>\n<p>\u201eSortarea \u0219i valorificarea de\u0219eurilor reciclabile reprezint\u0103 o prioritate pentru noi. De\u0219eurile reciclabile sunt sortate pe categorii, iar echipa noastr\u0103 depune eforturi pentru recuperarea \u0219i direc\u021bionarea c\u0103tre reciclare a unei cantit\u0103\u021bi c\u00e2t mai mari, reduc\u00e2nd astfel volumul de de\u0219euri care ajunge la depozitare. Totodat\u0103, ne propunem dezvoltarea activit\u0103\u021bii Eco Serv Timi\u0219 \u0219i \u00een alte ramuri, ca parte a unui sistem integrat de gestionare a de\u0219eurilor\u201d, au transmis reprezentan\u021bii societ\u0103\u021bii.<\/p>\n<p>Simonis spune c\u0103 efectele se v\u0103d deja: \u201eA crescut extrem de mult cantitatea de\u0219eurilor reciclabile, ceea ce \u00eenseamn\u0103 c\u0103 acestea sunt v\u00e2ndute \u0219i vin sume suplimentare. Vreau s\u0103 le mul\u021bumesc timi\u0219enilor pentru c\u0103, \u00een primul r\u00e2nd, este meritul lor c\u0103 trateaz\u0103 mai mult, depoziteaz\u0103 selectiv mai mult, dar \u0219i modul \u00een care s-au organizat cei de la Eco Serv aici a f\u0103cut s\u0103 avem de\u0219euri reciclabile mai multe\u201d.<\/p>\n<h3><strong>Transportul \u00een alte jude\u021be apas\u0103 asupra tarifelor<\/strong><\/h3>\n<p>\u00cen prezent, de\u0219eurile din Timi\u0219 sunt transferate c\u0103tre alte jude\u021be, iar costurile de transport se reflect\u0103 \u00een tarife. Celula 3 ar trebui s\u0103 reduc\u0103 aceste cheltuieli.<\/p>\n<p>\u201eAcestea au crescut \u00een mare m\u0103sur\u0103 din cauza faptului c\u0103 trebuie s\u0103 transport\u0103m de\u0219euri, cu un pre\u021b pe motorin\u0103 extrem de ridicat \u0219i tot mai ridicat \u00een fiecare zi, p\u00e2n\u0103 la Hunedoara, p\u00e2n\u0103 la Arad \u0219i, mai nou, p\u00e2n\u0103 la Mehedin\u021bi. Adic\u0103 103 kilometri de transport ori un cost pe motorin\u0103 ridicat \u00eenseamn\u0103 costuri suplimentare care sunt \u00een tariful perceput\u201d, a explicat Simonis.<\/p>\n<h3><strong>CJ Timi\u0219 vrea s\u0103 recupereze costurile suplimentare<\/strong><\/h3>\n<p>Alfred Simonis a anun\u021bat c\u0103 CJ Timi\u0219 inten\u021bioneaz\u0103 s\u0103 cear\u0103 \u00een instan\u021b\u0103 fostului operator recuperarea sumelor pl\u0103tite suplimentar pentru transportul de\u0219eurilor \u00een afara jude\u021bului.<\/p>\n<p>\u201eFiecare leu care s-a pl\u0103tit \u00een plus din cauza fostului operator de la Ghizela va fi imputat \u00een instan\u021b\u0103 atunci c\u00e2nd vom avea o sum\u0103 \u0219i aceast\u0103 sum\u0103 va fi cuantificat\u0103 \u00een momentul \u00een care vom finaliza transportul, vom finaliza Celula 3, vom depozita pe Celula 3 de\u0219euri \u0219i atunci vom calcula toate diferen\u021bele dintre c\u00e2t erau costurile \u00eenainte \u0219i c\u00e2t este suma care s-a pl\u0103tit suplimentar de c\u0103tre cet\u0103\u021beni prin transportul \u00een alte jude\u021be\u201d, a declarat liderul jude\u021bean.<\/p>\n<p>\u201eContractul spunea c\u0103, dac\u0103 din cauza operatorului nu se mai poate depozita \u0219i trebuie s\u0103 ducem \u00een alt\u0103 parte de\u0219euri, toate costurile vor fi suportate de c\u0103tre operator. A\u0219a scria contractul. Prin urmare, ne a\u0219tept\u0103m ca \u00een perioada urm\u0103toare, dup\u0103 ce vom \u0219ti exact care este acea sum\u0103, s\u0103 o cerem \u00een instan\u021b\u0103 fostului operator\u201d.<\/p>\n<h3><strong>Urmeaz\u0103 24 de tuneluri, levigat, sortare \u0219i energie<\/strong><\/h3>\n<p>Planurile nu se opresc la Celula 3. CJ Timi\u0219 preg\u0103te\u0219te investi\u021bii \u00een tratarea mecano-biologic\u0103, instala\u021biile pentru levigat \u0219i sortare.<\/p>\n<p>\u201e\u00cen paralel, lucr\u0103m la o nou\u0103 instala\u021bie de tratare mecano-biologic\u0103, 24 de tuneluri. Sper ca \u00een urm\u0103toarele dou\u0103-trei s\u0103pt\u0103m\u00e2ni, o lun\u0103, s\u0103 scoatem la licita\u021bie aceste 24 de tuneluri de uscare, pentru c\u0103, odat\u0103 de\u0219eul uscat, depozitat pe celul\u0103, pe de o parte este mai pu\u021bin, pe de alt\u0103 parte nu mai miroase pentru c\u0103 nu mai este acea cantitate de levigat\u201d, a explicat Simonis.<\/p>\n<p>Urmeaz\u0103 \u0219i interven\u021bii asupra instala\u021biilor existente: \u201eTrebuie s\u0103 retehnologiz\u0103m \u0219i instala\u021biile de tratare a levigatului. Acestea trebuie \u0219i recertificate \u0219i mai sunt alte chestiuni care trebuie f\u0103cute. Discut\u0103m despre o nou\u0103 instala\u021bie de sortare, c\u00e2teva componente ale unei instala\u021bii de sortare eficiente \u0219i chiar de achizi\u021bia unei instala\u021bii noi de sortare\u201d.<\/p>\n<p>\u00centr-o etap\u0103 ulterioar\u0103, CJ Timi\u0219 vrea \u0219i o solu\u021bie de valorificare energetic\u0103. Simonis a vorbit despre un studiu de fezabilitate pentru o instala\u021bie care s\u0103 produc\u0103 energie electric\u0103 prin ardere sau descompunere, tehnologia urm\u00e2nd s\u0103 fie stabilit\u0103 ulterior.<\/p>\n<h3><strong>2028, orizontul pentru un sistem modernizat<\/strong><\/h3>\n<p>Eco Serv Timi\u0219 afirm\u0103 c\u0103 obiectivul este dezvoltarea unui sistem integrat, \u00een care sortarea, reciclarea, tratarea \u0219i depozitarea s\u0103 func\u021bioneze \u00eempreun\u0103.<\/p>\n<p>\u201eLa Eco Serv Timi\u0219 continu\u0103m s\u0103 lucr\u0103m zi de zi, cu responsabilitate, pentru ca Deponeul de la Ghizela s\u0103 func\u021bioneze la standardele necesare, s\u0103 reducem c\u00e2t mai mult impactul activit\u0103\u021bii asupra zonei \u0219i s\u0103 contribuim la un sistem integrat de gestionare a de\u0219eurilor. Rezultatele se construiesc prin munc\u0103, iar progresul din teren este cea mai bun\u0103 dovad\u0103\u201d, au mai anun\u021bat reprezentan\u021bii societ\u0103\u021bii.<\/p>\n<p>Simonis a anun\u021bat c\u0103 vor fi prezentate public \u0219i datele financiare ale Eco Serv Timi\u0219, despre care afirm\u0103 c\u0103 este pe profit \u00een fiecare trimestru, \u00een pofida investi\u021biilor aflate \u00een derulare.<\/p>\n<p>\u201eConcluzia este c\u0103, probabil anul viitor pe vremea asta \u2014 hai s\u0103 nu fim foarte optimi\u0219ti \u2014 undeva \u00een anul 2028, probabil c\u0103 Timi\u0219ul va avea cel mai modern depozit de de\u0219euri \u0219i cel mai modern sistem de tratare a de\u0219eurilor din Rom\u00e2nia\u201d, a spus pre\u0219edintele CJ Timi\u0219.<\/p>\n<p>P\u00e2n\u0103 atunci, testul concret r\u0103m\u00e2ne finalizarea Celulei 3, readucerea de\u0219eurilor Timi\u0219ului \u00een propriul sistem, reducerea costurilor de transport \u0219i transformarea investi\u021biilor anun\u021bate la Ghizela \u00eentr-un mecanism stabil \u0219i predictibil pentru \u00eentregul jude\u021b.<\/p>\n<div id=\"gallery-1\" class=\"gallery galleryid-304199 gallery-columns-3 gallery-size-thumbnail\">\n<figure class=\"gallery-item\">\n<div class=\"gallery-icon landscape\"><a href=\"https:\/\/renasterea.ro\/ro\/wp-content\/uploads\/2026\/08\/deponeu-ghizela-2.jpg\" title data-rl_title class=\"rl-gallery-link\" data-rl_caption data-rel=\"lightbox-gallery-1\"><img loading=\"lazy\" decoding=\"async\" width=\"250\" height=\"250\" src=\"https:\/\/renasterea.ro\/ro\/wp-content\/uploads\/2026\/08\/deponeu-ghizela-2-250x250.jpg\" class=\"attachment-thumbnail size-thumbnail\" alt=\"CJ Timi\u0219 accelereaz\u0103 lucr\u0103rile la Deponeul Ghizela. Celula 3 este gata \u00een propor\u021bie de 86% (foto)\" title=\"CJ Timi\u0219 accelereaz\u0103 lucr\u0103rile la Deponeul Ghizela. Celula 3 este gata \u00een propor\u021bie de 86% (foto) 2\"><\/a><\/div>\n<\/figure>\n<figure class=\"gallery-item\">\n<div class=\"gallery-icon landscape\"><a href=\"https:\/\/renasterea.ro\/ro\/wp-content\/uploads\/2026\/08\/deponeu-ghizela-1.jpg\" title data-rl_title class=\"rl-gallery-link\" data-rl_caption data-rel=\"lightbox-gallery-1\"><img loading=\"lazy\" decoding=\"async\" width=\"250\" height=\"250\" src=\"https:\/\/renasterea.ro\/ro\/wp-content\/uploads\/2026\/08\/deponeu-ghizela-1-250x250.jpg\" class=\"attachment-thumbnail size-thumbnail\" alt=\"CJ Timi\u0219 accelereaz\u0103 lucr\u0103rile la Deponeul Ghizela. Celula 3 este gata \u00een propor\u021bie de 86% (foto)\" title=\"CJ Timi\u0219 accelereaz\u0103 lucr\u0103rile la Deponeul Ghizela. Celula 3 este gata \u00een propor\u021bie de 86% (foto) 3\"><\/a><\/div>\n<\/figure>\n<figure class=\"gallery-item\">\n<div class=\"gallery-icon landscape\"><a href=\"https:\/\/renasterea.ro\/ro\/wp-content\/uploads\/2026\/08\/deponeu-ghizela-3.jpg\" title data-rl_title class=\"rl-gallery-link\" data-rl_caption data-rel=\"lightbox-gallery-1\"><img decoding=\"async\" loading=\"lazy\" width=\"250\" height=\"250\" src=\"https:\/\/renasterea.ro\/ro\/wp-content\/uploads\/2026\/08\/deponeu-ghizela-3-250x250.jpg\" class=\"attachment-thumbnail size-thumbnail\" alt=\"CJ Timi\u0219 accelereaz\u0103 lucr\u0103rile la Deponeul Ghizela. Celula 3 este gata \u00een propor\u021bie de 86% (foto)\" title=\"CJ Timi\u0219 accelereaz\u0103 lucr\u0103rile la Deponeul Ghizela. Celula 3 este gata \u00een propor\u021bie de 86% (foto) 4\"><\/a><\/div>\n<\/figure>\n<\/div>\n<\/div>\n<p>[analyse_source url=&#8221;https:\/\/renasterea.ro\/cj-timis-accelereaza-lucrarile-la-deponeul-ghizela-celula-3-este-gata-in-proportie-de-86-foto\/&#8221;]<\/p>\n","protected":false},"excerpt":{"rendered":"<p>[analyse_image type=&#8221;featured&#8221; src=&#8221;https:\/\/renasterea.ro\/ro\/wp-content\/uploads\/2026\/08\/deponeu-ghizela.jpghttps:\/\/renasterea.ro\/ro\/wp-content\/uploads\/2026\/08\/deponeu-ghizela.jpg&#8221;] Deponeul de De\u0219euri Nepericuloase de la Ghizela intr\u0103 \u00eentr-o etap\u0103 decisiv\u0103. Vineri, 21 august, pre\u0219edintele CJ Timi\u0219, Alfred Simonis, a prezentat stadiul lucr\u0103rilor, pe teren, la Celula 3 \u0219i schimb\u0103rile din activitatea deponeului dup\u0103 preluarea de c\u0103tre Eco Serv Timi\u0219. La vizit\u0103 au participat vicepre\u0219edin\u021bii Consiliului Jude\u021bean, consilieri jude\u021beni \u0219i reprezentan\u021bi ai [&hellip;]<\/p>\n","protected":false},"author":1,"featured_media":0,"comment_status":"open","ping_status":"","sticky":false,"template":"","format":"standard","meta":{"footnotes":""},"categories":[89],"tags":[226,188],"class_list":["post-2107529","post","type-post","status-publish","format-standard","hentry","category-romania","tag-crawlmanager","tag-renasterea-ro"],"_links":{"self":[{"href":"https:\/\/analyse.optim.biz\/index.php?rest_route=\/wp\/v2\/posts\/2107529","targetHints":{"allow":["GET"]}}],"collection":[{"href":"https:\/\/analyse.optim.biz\/index.php?rest_route=\/wp\/v2\/posts"}],"about":[{"href":"https:\/\/analyse.optim.biz\/index.php?rest_route=\/wp\/v2\/types\/post"}],"author":[{"embeddable":true,"href":"https:\/\/analyse.optim.biz\/index.php?rest_route=\/wp\/v2\/users\/1"}],"replies":[{"embeddable":true,"href":"https:\/\/analyse.optim.biz\/index.php?rest_route=%2Fwp%2Fv2%2Fcomments&post=2107529"}],"version-history":[{"count":0,"href":"https:\/\/analyse.optim.biz\/index.php?rest_route=\/wp\/v2\/posts\/2107529\/revisions"}],"wp:attachment":[{"href":"https:\/\/analyse.optim.biz\/index.php?rest_route=%2Fwp%2Fv2%2Fmedia&parent=2107529"}],"wp:term":[{"taxonomy":"category","embeddable":true,"href":"https:\/\/analyse.optim.biz\/index.php?rest_route=%2Fwp%2Fv2%2Fcategories&post=2107529"},{"taxonomy":"post_tag","embeddable":true,"href":"https:\/\/analyse.optim.biz\/index.php?rest_route=%2Fwp%2Fv2%2Ftags&post=2107529"}],"curies":[{"name":"wp","href":"https:\/\/api.w.org\/{rel}","templated":true}]}}