{"id":2107528,"date":"2026-08-21T11:05:07","date_gmt":"2026-08-21T08:05:07","guid":{"rendered":"https:\/\/analyse.optim.biz\/?p=2107528"},"modified":"2026-08-21T11:05:07","modified_gmt":"2026-08-21T08:05:07","slug":"circulatia-rutiera-de-pe-bulevardul-liviu-rebreanu-va-fi-deviata-temporar","status":"publish","type":"post","link":"https:\/\/analyse.optim.biz\/?p=2107528","title":{"rendered":"Circula\u021bia rutier\u0103 de pe Bulevardul Liviu Rebreanu va fi deviat\u0103 temporar"},"content":{"rendered":"<p>[analyse_image type=&#8221;featured&#8221; src=&#8221;https:\/\/renasterea.ro\/ro\/wp-content\/uploads\/2026\/08\/deviere-trafic.jpghttps:\/\/renasterea.ro\/ro\/wp-content\/uploads\/2026\/08\/deviere-trafic.jpg&#8221;]<\/p>\n<div class=\"entry-content\"><img loading=\"lazy\" decoding=\"async\" width=\"650\" height=\"345\" src=\"https:\/\/renasterea.ro\/ro\/wp-content\/uploads\/2026\/08\/deviere-trafic.jpg\" class=\"attachment-medium size-medium wp-post-image\" alt=\"Circula\u021bia rutier\u0103 de pe Bulevardul Liviu Rebreanu va fi deviat\u0103 temporar\" title=\"Circula\u021bia rutier\u0103 de pe Bulevardul Liviu Rebreanu va fi deviat\u0103 temporar 1\"><\/p>\n<h4>Lucr\u0103rile de modernizare a infrastructurii rutiere de pe bulevardul Liviu Rebreanu intr\u0103 \u00eentr-o nou\u0103 etap\u0103.<\/h4>\n<p>Pentru executarea lucr\u0103rilor de c\u0103tre Societatea Drumuri Municipale (SDM) pe tronsonul dintre Spitalul Jude\u021bean \u0219i Calea Martirilor, circula\u021bia rutier\u0103 de pe bulevardul Liviu Rebreanu va fi deviat\u0103 temporar pe sensul opus de mers, pe tronsonul cuprins \u00eentre strada Arie\u0219 \u0219i Aleea S\u0103n\u0103t\u0103\u021bii.<\/p>\n<p>Restric\u021biile vor fi instituite \u00een <strong>perioada 22.08.2026 (ora 7) \u2013 24.08.2026 (ora 24)<\/strong>, pentru lucr\u0103ri de \u00eenlocuire a covorului asfaltic \u00een intersec\u021bia bulevardului Liviu Rebreanu cu strada Arie\u0219, inclusiv \u00een zona dintre liniile de tramvai.<\/p>\n<h2>CITE\u015eTE \u015eI: <span><a href=\"https:\/\/renasterea.ro\/licitatie-anulata-primaria-timisoara-a-transmis-ca-revizuieste-proiectul-inelului-2-est-inainte-de-inceperea-lucrarilor\/\">Licita\u0163ie anulat\u0103! Prim\u0103ria Timi\u0219oara a transmis c\u0103 \u201erevizuie\u0219te\u201d proiectul Inelului 2 Est \u00eenainte de \u00eenceperea lucr\u0103rilor<\/a><\/span><\/h2>\n<p>Reamintim c\u0103, p\u00e2n\u0103 \u00een prezent, au fost finalizate lucr\u0103rile pe tronsonul cuprins \u00eentre strada Drubeta \u0219i Calea Martirilor, pe sensul de mers spre Spitalul Jude\u021bean.<\/p>\n<p>Totodat\u0103, trotuarele dintre sensul giratoriu AEM \u0219i bulevardul Sudului au fost ref\u0103cute integral, pe o lungime de aproximativ 1,5 kilometri, pe ambele sensuri de circula\u021bie. Lucr\u0103rile continu\u0103 pe tronsonul Rebreanu\u2013Averescu, programat pentru finalizare la \u00eenceputul lunii septembrie.<\/p>\n<\/div>\n<p>[analyse_source url=&#8221;https:\/\/renasterea.ro\/circulatia-rutiera-de-pe-bulevardul-liviu-rebreanu-va-fi-deviata-temporar\/&#8221;]<\/p>\n","protected":false},"excerpt":{"rendered":"<p>[analyse_image type=&#8221;featured&#8221; src=&#8221;https:\/\/renasterea.ro\/ro\/wp-content\/uploads\/2026\/08\/deviere-trafic.jpghttps:\/\/renasterea.ro\/ro\/wp-content\/uploads\/2026\/08\/deviere-trafic.jpg&#8221;] Lucr\u0103rile de modernizare a infrastructurii rutiere de pe bulevardul Liviu Rebreanu intr\u0103 \u00eentr-o nou\u0103 etap\u0103. Pentru executarea lucr\u0103rilor de c\u0103tre Societatea Drumuri Municipale (SDM) pe tronsonul dintre Spitalul Jude\u021bean \u0219i Calea Martirilor, circula\u021bia rutier\u0103 de pe bulevardul Liviu Rebreanu va fi deviat\u0103 temporar pe sensul opus de mers, pe tronsonul cuprins \u00eentre [&hellip;]<\/p>\n","protected":false},"author":1,"featured_media":0,"comment_status":"open","ping_status":"","sticky":false,"template":"","format":"standard","meta":{"footnotes":""},"categories":[89],"tags":[226,188],"class_list":["post-2107528","post","type-post","status-publish","format-standard","hentry","category-romania","tag-crawlmanager","tag-renasterea-ro"],"_links":{"self":[{"href":"https:\/\/analyse.optim.biz\/index.php?rest_route=\/wp\/v2\/posts\/2107528","targetHints":{"allow":["GET"]}}],"collection":[{"href":"https:\/\/analyse.optim.biz\/index.php?rest_route=\/wp\/v2\/posts"}],"about":[{"href":"https:\/\/analyse.optim.biz\/index.php?rest_route=\/wp\/v2\/types\/post"}],"author":[{"embeddable":true,"href":"https:\/\/analyse.optim.biz\/index.php?rest_route=\/wp\/v2\/users\/1"}],"replies":[{"embeddable":true,"href":"https:\/\/analyse.optim.biz\/index.php?rest_route=%2Fwp%2Fv2%2Fcomments&post=2107528"}],"version-history":[{"count":0,"href":"https:\/\/analyse.optim.biz\/index.php?rest_route=\/wp\/v2\/posts\/2107528\/revisions"}],"wp:attachment":[{"href":"https:\/\/analyse.optim.biz\/index.php?rest_route=%2Fwp%2Fv2%2Fmedia&parent=2107528"}],"wp:term":[{"taxonomy":"category","embeddable":true,"href":"https:\/\/analyse.optim.biz\/index.php?rest_route=%2Fwp%2Fv2%2Fcategories&post=2107528"},{"taxonomy":"post_tag","embeddable":true,"href":"https:\/\/analyse.optim.biz\/index.php?rest_route=%2Fwp%2Fv2%2Ftags&post=2107528"}],"curies":[{"name":"wp","href":"https:\/\/api.w.org\/{rel}","templated":true}]}}