{"id":2107527,"date":"2026-08-21T10:39:08","date_gmt":"2026-08-21T07:39:08","guid":{"rendered":"https:\/\/analyse.optim.biz\/?p=2107527"},"modified":"2026-08-21T10:39:08","modified_gmt":"2026-08-21T07:39:08","slug":"licitatie-anulata-primaria-timisoara-a-transmis-ca-revizuieste-proiectul-inelului-2-est-inainte-de","status":"publish","type":"post","link":"https:\/\/analyse.optim.biz\/?p=2107527","title":{"rendered":"Licita\u0163ie anulat\u0103! Prim\u0103ria Timi\u0219oara a transmis c\u0103 \u201erevizuie\u0219te\u201d proiectul Inelului 2 Est \u00eenainte de"},"content":{"rendered":"<p>[analyse_image type=&#8221;featured&#8221; src=&#8221;https:\/\/renasterea.ro\/ro\/wp-content\/uploads\/2026\/03\/inel2-1.pnghttps:\/\/renasterea.ro\/ro\/wp-content\/uploads\/2026\/03\/inel2-1.png&#8221;]<\/p>\n<div class=\"entry-content\"><img loading=\"lazy\" decoding=\"async\" width=\"650\" height=\"401\" src=\"https:\/\/renasterea.ro\/ro\/wp-content\/uploads\/2026\/03\/inel2-1.png\" class=\"attachment-medium size-medium wp-post-image\" alt=\"Licita\u0163ie anulat\u0103! Prim\u0103ria Timi\u0219oara a transmis c\u0103 \u201erevizuie\u0219te\u201d proiectul Inelului 2 Est \u00eenainte de \u00eenceperea lucr\u0103rilor\" title=\"Licita\u0163ie anulat\u0103! Prim\u0103ria Timi\u0219oara a transmis c\u0103 \u201erevizuie\u0219te\u201d proiectul Inelului 2 Est \u00eenainte de \u00eenceperea lucr\u0103rilor 1\"><\/p>\n<h4>Prim\u0103ria Municipiului Timi\u0219oara va realiza Inelul 2 Est pe baza unui proiect tehnic revizuit. Municipalitatea a luat decizia de a anula licita\u021bia pentru execu\u021bia lucr\u0103rilor, pentru completarea documenta\u021biei \u00eenainte de \u00eenceperea \u0219antierului, astfel \u00eenc\u00e2t s\u0103 fie evitate probleme care ar putea genera costuri \u0219i \u00eent\u00e2rzieri semnificative.<\/h4>\n<p>\u201eProcedura de achizi\u021bie public\u0103 va fi reluat\u0103 dup\u0103 actualizarea documenta\u021biei tehnice, care a fost donat\u0103 de c\u0103tre TAKE PROJECT SRL\u201d, a transmis Prim\u0103ria Timi\u015foara.<\/p>\n<p>Inelul 2 Est este una dintre investi\u021biile esen\u021biale pentru conectarea cartierelor f\u0103r\u0103 a depinde de traversarea zonei centrale. Proiectul municipalit\u0103\u021bii include construirea a dou\u0103 noi poduri peste Bega, \u00een zona ILSA\/ISHO, \u0219i amenajarea unui bulevard cu patru benzi \u00eentre strada Enric Baader \u0219i bulevardul Corneliu Coposu.<\/p>\n<p>Investi\u021bia Prim\u0103riei Timi\u0219oara include \u0219i reamenajarea unor artere secundare pe o lungime de peste 1,5 kilometri. Astfel, \u00een proiect au fost incluse str\u0103zile Enric Baader (tronson \u00cenfr\u0103\u021birii \u2013 Take Ionescu), bulevardul Take Ionescu (tronson Baader \u2013 \u00cenfr\u0103\u021birii \u2013 Acad. Dimitrie Gusti), strada Acad. Dimitrie Gusti (tronson Take Ionescu \u2013 Andrei Mocioni), Splaiul Protopop Mele\u021bie Dr\u0103ghici, strada Andrei Mocioni, Splaiul Nistrului (tronson Sfetca \u2013 Miclo\u0219i) \u0219i strada Acad. Corneliu Miclo\u0219i. De asemenea, investi\u021bia include modernizarea trotuarelor \u0219i amenajarea de piste de biciclete.<\/p>\n<h2>CITE\u015eTE \u015eI: <span><a href=\"https:\/\/renasterea.ro\/romania-cea-mai-mare-scumpire-a-carburantilor-din-uniunea-europeana\/\">Rom\u00e2nia, cea mai mare scumpire a carburan\u021bilor din Uniunea European\u0103<\/a><\/span><\/h2>\n<p>V\u0103 reamintim c\u0103 proiectul \u201eAmenajare Inel II de circula\u021bie, sector cuprins \u00eentre strada A. Demetriade \u0219i Bdul. J.H. Pestalozzi, construire pod rutier \u0219i pod pietonal peste canalul Bega\u201d, cod SMIS 357079 este co-finan\u021bat cu 77,9 milioane lei prin Programul Regional (PR) Vest 2021-2027, Interven\u021bia Regional\u0103 5.1B\u2013Decongestionare trafic. Valoarea total\u0103 a investi\u021biei este de 136,2 milioane lei (TVA inclus), iar municipalitatea contribuie cu 58,2 milioane lei din bugetul local.<\/p>\n<p><em>Imagine de arhiv\u0103<\/em><\/p>\n<\/div>\n<p>[analyse_source url=&#8221;https:\/\/renasterea.ro\/licitatie-anulata-primaria-timisoara-a-transmis-ca-revizuieste-proiectul-inelului-2-est-inainte-de-inceperea-lucrarilor\/&#8221;]<\/p>\n","protected":false},"excerpt":{"rendered":"<p>[analyse_image type=&#8221;featured&#8221; src=&#8221;https:\/\/renasterea.ro\/ro\/wp-content\/uploads\/2026\/03\/inel2-1.pnghttps:\/\/renasterea.ro\/ro\/wp-content\/uploads\/2026\/03\/inel2-1.png&#8221;] Prim\u0103ria Municipiului Timi\u0219oara va realiza Inelul 2 Est pe baza unui proiect tehnic revizuit. Municipalitatea a luat decizia de a anula licita\u021bia pentru execu\u021bia lucr\u0103rilor, pentru completarea documenta\u021biei \u00eenainte de \u00eenceperea \u0219antierului, astfel \u00eenc\u00e2t s\u0103 fie evitate probleme care ar putea genera costuri \u0219i \u00eent\u00e2rzieri semnificative. \u201eProcedura de achizi\u021bie public\u0103 va fi [&hellip;]<\/p>\n","protected":false},"author":1,"featured_media":0,"comment_status":"open","ping_status":"","sticky":false,"template":"","format":"standard","meta":{"footnotes":""},"categories":[89],"tags":[226,188],"class_list":["post-2107527","post","type-post","status-publish","format-standard","hentry","category-romania","tag-crawlmanager","tag-renasterea-ro"],"_links":{"self":[{"href":"https:\/\/analyse.optim.biz\/index.php?rest_route=\/wp\/v2\/posts\/2107527","targetHints":{"allow":["GET"]}}],"collection":[{"href":"https:\/\/analyse.optim.biz\/index.php?rest_route=\/wp\/v2\/posts"}],"about":[{"href":"https:\/\/analyse.optim.biz\/index.php?rest_route=\/wp\/v2\/types\/post"}],"author":[{"embeddable":true,"href":"https:\/\/analyse.optim.biz\/index.php?rest_route=\/wp\/v2\/users\/1"}],"replies":[{"embeddable":true,"href":"https:\/\/analyse.optim.biz\/index.php?rest_route=%2Fwp%2Fv2%2Fcomments&post=2107527"}],"version-history":[{"count":0,"href":"https:\/\/analyse.optim.biz\/index.php?rest_route=\/wp\/v2\/posts\/2107527\/revisions"}],"wp:attachment":[{"href":"https:\/\/analyse.optim.biz\/index.php?rest_route=%2Fwp%2Fv2%2Fmedia&parent=2107527"}],"wp:term":[{"taxonomy":"category","embeddable":true,"href":"https:\/\/analyse.optim.biz\/index.php?rest_route=%2Fwp%2Fv2%2Fcategories&post=2107527"},{"taxonomy":"post_tag","embeddable":true,"href":"https:\/\/analyse.optim.biz\/index.php?rest_route=%2Fwp%2Fv2%2Ftags&post=2107527"}],"curies":[{"name":"wp","href":"https:\/\/api.w.org\/{rel}","templated":true}]}}