{"id":2107525,"date":"2026-08-21T14:59:02","date_gmt":"2026-08-21T11:59:02","guid":{"rendered":"https:\/\/analyse.optim.biz\/?p=2107525"},"modified":"2026-08-21T14:59:02","modified_gmt":"2026-08-21T11:59:02","slug":"aeroportul-timisoara-preia-temporar-cursele-spre-antalya-de-la-arad-pe-fondul-caniculei","status":"publish","type":"post","link":"https:\/\/analyse.optim.biz\/?p=2107525","title":{"rendered":"Aeroportul Timi\u0219oara preia temporar cursele spre Antalya de la Arad, pe fondul caniculei"},"content":{"rendered":"<p>[analyse_image type=&#8221;featured&#8221; src=&#8221;https:\/\/orasul-timisoara.ro\/wp-content\/uploads\/2021\/11\/aeroportul-timisoara.jpg&#8221;]<\/p>\n<article id=\"post-40431\" class=\"td-post-template-7 post-40431 post type-post status-publish format-standard has-post-thumbnail category-featured category-stiri-timisoara category-turism tag-aeroportul-arad tag-aeroportul-timisoara-2 tag-antalya tag-aviatie tag-canicula-2 tag-curse-aeriene tag-stiri-timisoara-2 tag-timisoara-2 tag-zboruri td-container-wrap\">\n<div class=\"td-full-screen-header-image-wrap\">\n<div class=\"td-container td-post-header\">\n<div class=\"td-crumb-container\">\n<div class=\"entry-crumbs\"><span><a title=\"Vede\u021bi toate articolele \u00een \u0218tiri Locale\" class=\"entry-crumb\" href=\"https:\/\/orasul-timisoara.ro\/local-category\/stiri-timisoara\/\">\u0218tiri Locale<\/a><\/span><span class=\"td-bred-no-url-last\">Aeroportul Timi\u0219oara preia temporar cursele spre Antalya de la Arad, pe fondul&#8230;<\/span><\/div>\n<\/div>\n<div class=\"td-post-header-holder\">\n<div class=\"td-parallax-header\">\n<header class=\"td-post-title\">\n<ul class=\"td-category\">\n<li class=\"entry-category\"><a href=\"https:\/\/orasul-timisoara.ro\/local-category\/stiri-timisoara\/\">\u0218tiri Locale<\/a><\/li>\n<li class=\"entry-category\"><a href=\"https:\/\/orasul-timisoara.ro\/local-category\/turism\/\">Turism<\/a><\/li>\n<\/ul>\n<h1 class=\"entry-title\">Aeroportul Timi\u0219oara preia temporar cursele spre Antalya de la Arad, pe fondul caniculei<\/h1>\n<div class=\"td-module-meta-info\">\n<div class=\"td-post-author-name\">\n<div class=\"td-author-by\">De c\u0103tre<\/div>\n<p><a href=\"https:\/\/orasul-timisoara.ro\/author\/timisoara\/\">redactia<\/a><\/p>\n<div class=\"td-author-line\"> &#8211; <\/div>\n<\/div>\n<p><span class=\"td-post-date\"><time class=\"entry-date updated td-module-date\" datetime=\"2026-08-21T17:59:02+03:00\">21\/08\/2026<\/time><\/span><\/div>\n<\/header>\n<\/div>\n<\/div>\n<\/div>\n<div id=\"td-full-screen-header-image\" class=\"td-image-gradient-style7\"><img decoding=\"async\" class=\"td-backstretch\" src=\"https:\/\/orasul-timisoara.ro\/wp-content\/uploads\/2021\/11\/aeroportul-timisoara.jpg\"><\/div>\n<\/div>\n<div class=\"td-container\">\n<div class=\"td-pb-row\">\n<div class=\"td-pb-span8 td-main-content\" role=\"main\">\n<div class=\"td-ss-main-content\">\n<div class=\"td-post-sharing-top\">\n<div class=\"td-post-sharing-classic\"><iframe title=\"topFacebookLike\" frameborder src=\"https:\/\/www.facebook.com\/plugins\/like.php?href=https:\/\/orasul-timisoara.ro\/local-40431\/&amp;layout=button_count&amp;show_faces=false&amp;width=105&amp;action=like&amp;colorscheme=light&amp;height=21\"><\/iframe><\/div>\n<div id=\"td_social_sharing_article_top\" class=\"td-post-sharing td-ps-bg td-ps-notext td-post-sharing-style1 \">\n<div class=\"td-post-sharing-visible\"><a class=\"td-social-sharing-button td-social-sharing-button-js td-social-network td-social-facebook\" href=\"https:\/\/www.facebook.com\/sharer.php?u=https%3A%2F%2Forasul-timisoara.ro%2Flocal-40431%2F\" title=\"Facebook\"><\/p>\n<div class=\"td-social-but-text\">Facebook<\/div>\n<p><\/a><a class=\"td-social-sharing-button td-social-sharing-button-js td-social-network td-social-twitter\" href=\"https:\/\/twitter.com\/intent\/tweet?text=Aeroportul+Timi%C8%99oara+preia+temporar+cursele+spre+Antalya+de+la+Arad%2C+pe+fondul+caniculei&amp;url=https%3A%2F%2Forasul-timisoara.ro%2Flocal-40431%2F&amp;via=orasultm\" title=\"Twitter\"><\/p>\n<div class=\"td-social-but-text\">Twitter<\/div>\n<p><\/a><a class=\"td-social-sharing-button td-social-sharing-button-js td-social-network td-social-whatsapp\" href=\"https:\/\/api.whatsapp.com\/send?text=Aeroportul+Timi%C8%99oara+preia+temporar+cursele+spre+Antalya+de+la+Arad%2C+pe+fondul+caniculei%20%0A%0A%20https:\/\/orasul-timisoara.ro\/local-40431\/\" title=\"WhatsApp\"><\/p>\n<div class=\"td-social-but-text\">WhatsApp<\/div>\n<p><\/a><a class=\"td-social-sharing-button td-social-sharing-button-js td-social-network td-social-linkedin\" href=\"https:\/\/www.linkedin.com\/shareArticle?mini=true&amp;url=https:\/\/orasul-timisoara.ro\/local-40431\/&amp;title=Aeroportul+Timi%C8%99oara+preia+temporar+cursele+spre+Antalya+de+la+Arad%2C+pe+fondul+caniculei\" title=\"Linkedin\"><\/p>\n<div class=\"td-social-but-text\">Linkedin<\/div>\n<p><\/a><a class=\"td-social-sharing-button td-social-sharing-button-js td-social-network td-social-reddit\" href=\"https:\/\/reddit.com\/submit?url=https:\/\/orasul-timisoara.ro\/local-40431\/&amp;title=Aeroportul+Timi%C8%99oara+preia+temporar+cursele+spre+Antalya+de+la+Arad%2C+pe+fondul+caniculei\" title=\"ReddIt\"><\/p>\n<div class=\"td-social-but-text\">ReddIt<\/div>\n<p><\/a><a class=\"td-social-sharing-button td-social-sharing-button-js td-social-network td-social-mail\" href=\"mailto:?subject=Aeroportul%20Timi%C8%99oara%20preia%20temporar%20cursele%20spre%20Antalya%20de%20la%20Arad,%20pe%20fondul%20caniculei&amp;body=https:\/\/orasul-timisoara.ro\/local-40431\/\" title=\"Email\"><\/p>\n<div class=\"td-social-but-text\">Email<\/div>\n<p><\/a><a class=\"td-social-sharing-button td-social-sharing-button-js td-social-network td-social-print\" href=\"https:\/\/orasul-timisoara.ro\/local-40431\/\" title=\"Imprimare\"><\/p>\n<div class=\"td-social-but-text\">Imprimare<\/div>\n<p><\/a><\/div>\n<\/div>\n<\/div>\n<div class=\"td-post-content tagdiv-type\">\n<p class=\"wp-block-paragraph\">Aeroportul Interna\u021bional Timi\u0219oara a preluat temporar operarea zborurilor turistice spre Antalya care erau programate de pe Aeroportul Arad. Decizia operatorului vine \u00een contextul temperaturilor extreme din aceast\u0103 perioad\u0103, pista mai lung\u0103 a aeroportului timi\u0219orean oferind condi\u021bii mai bune pentru operarea aeronavelor \u00een zilele cu canicul\u0103.<\/p>\n<h2 class=\"wp-block-heading\">Aeroportul Timi\u0219oara preia temporar cursele spre Antalya<\/h2>\n<p class=\"wp-block-paragraph\">Aeronava care trebuia s\u0103 aterizeze miercuri la Arad, venind din Antalya, a mers direct la baza din Timi\u0219oara. O decizie similar\u0103 fusese luat\u0103 \u0219i \u00een 12 august, iar operatorul a informat Aeroportul Arad c\u0103 zborurile nu vor mai fi operate de acolo \u00een luna august.<\/p>\n<p class=\"wp-block-paragraph\">Principalul motiv invocat este reprezentat de temperaturile ridicate. \u00cen astfel de condi\u021bii, operarea aeronavelor poate fi influen\u021bat\u0103 de caracteristicile pistei \u0219i de condi\u021biile de decolare \u0219i aterizare. Aeroportul Interna\u021bional Timi\u0219oara beneficiaz\u0103 de o pist\u0103 mai lung\u0103 dec\u00e2t cea de la Arad, ceea ce permite condi\u021bii mai favorabile de operare atunci c\u00e2nd temperaturile exterioare sunt extreme.<\/p>\n<p class=\"wp-block-paragraph\">Mutarea este \u00eens\u0103 una temporar\u0103. Potrivit informa\u021biilor transmise de conducerea Aeroportului Arad, cursa turistic\u0103 spre Antalya ar urma s\u0103 revin\u0103 la baza ar\u0103dean\u0103 \u00eencep\u00e2nd cu <strong>2 septembrie 2026<\/strong>.<\/p>\n<h2 class=\"wp-block-heading\">Canicula influen\u021beaz\u0103 operarea zborurilor<\/h2>\n<p class=\"wp-block-paragraph\">Decizia de relocare nu este una determinat\u0103 de o problem\u0103 de func\u021bionare a Aeroportului Arad. Directorul opera\u021bional al aeroportului, Paul Popescu, a precizat c\u0103 aeroportul este deschis \u0219i opera\u021bional \u0219i dispune de stocurile necesare de kerosen.<\/p>\n<p class=\"wp-block-paragraph\">\u201eAeroportul nostru este opera\u021bional, deschis, exist\u0103 \u0219i stoc suficient de kerosen. Dorim s\u0103 preciz\u0103m c\u0103 aeroportul nu stabile\u0219te destina\u021biile zborurilor \u0219i nu poate modifica deciziile comerciale ale companiilor aeriene sau ale operatorilor de turism. Aceste decizii apar\u021bin exclusiv operatorilor care organizeaz\u0103 \u0219i execut\u0103 transportul aerian\u201d, a declarat Paul Popescu.<\/p>\n<p class=\"wp-block-paragraph\">\u00cen acest context, Aeroportul Interna\u021bional Timi\u0219oara devine pentru o perioad\u0103 scurt\u0103 punctul de operare pentru pasagerii care au achizi\u021bionat pachete turistice cu destina\u021bia Antalya \u0219i care aveau ini\u021bial programat\u0103 plecarea de la Arad.<\/p>\n<h2 class=\"wp-block-heading\">Aeroportul Interna\u021bional Timi\u0219oara, alternativ\u0103 pentru zona de vest<\/h2>\n<p class=\"wp-block-paragraph\">Relocarea temporar\u0103 a cursei spre Antalya eviden\u021biaz\u0103 \u0219i rolul Aeroportului Interna\u021bional Timi\u0219oara ca infrastructur\u0103 aerian\u0103 important\u0103 pentru vestul Rom\u00e2niei. Capacitatea de operare a aeroportului \u0219i caracteristicile pistei permit preluarea unor zboruri atunci c\u00e2nd condi\u021biile de pe alte aeroporturi din regiune determin\u0103 operatorii s\u0103 \u00ee\u0219i modifice temporar planurile.<\/p>\n<p class=\"wp-block-paragraph\">Pentru pasagerii care urmau s\u0103 c\u0103l\u0103toreasc\u0103 din Arad, schimbarea \u00eenseamn\u0103 \u00eens\u0103 deplasarea c\u0103tre Timi\u0219oara pentru efectuarea zborului. Conducerea Aeroportului Arad a transmis c\u0103 \u00een\u021belege disconfortul creat \u0219i consider\u0103 c\u0103 turi\u0219tii trebuie s\u0103 beneficieze de informa\u021bii complete \u0219i transmise din timp, precum \u0219i de solu\u021bii pentru a ajunge la destina\u021bia convenit\u0103 ini\u021bial.<\/p>\n<h2 class=\"wp-block-heading\">Cursele spre Antalya ar urma s\u0103 revin\u0103 la Arad<\/h2>\n<p class=\"wp-block-paragraph\">Conform informa\u021biilor disponibile \u00een prezent, relocarea este valabil\u0103 cel pu\u021bin pe durata lunii august. \u00cencep\u00e2nd cu <strong>2 septembrie<\/strong>, cursa turistic\u0103 spre Antalya ar urma s\u0103 revin\u0103 la Aeroportul Arad.<\/p>\n<p class=\"wp-block-paragraph\">P\u00e2n\u0103 atunci, Aeroportul Interna\u021bional Timi\u0219oara asigur\u0103 temporar operarea zborurilor care ar fi trebuit s\u0103 plece de la Arad, oferind operatorului condi\u021bii mai bune pentru desf\u0103\u0219urarea curselor \u00een perioada cu temperaturi ridicate.<\/p>\n<p class=\"wp-block-paragraph\">Relocarea este, astfel, una temporar\u0103 \u0219i are la baz\u0103 condi\u021biile tehnice de operare \u00een timpul caniculei, nu o suspendare a activit\u0103\u021bii Aeroportului Arad.<\/p>\n<\/div>\n<footer>\n<div class=\"td-post-source-tags\">\n<ul class=\"td-tags td-post-small-box clearfix\">\n<li><span>ETICHETE<\/span><\/li>\n<li><a href=\"https:\/\/orasul-timisoara.ro\/local-tag\/aeroportul-arad\/\">aeroportul arad<\/a><\/li>\n<li><a href=\"https:\/\/orasul-timisoara.ro\/local-tag\/aeroportul-timisoara-2\/\">Aeroportul Timi\u0219oara<\/a><\/li>\n<li><a href=\"https:\/\/orasul-timisoara.ro\/local-tag\/antalya\/\">antalya<\/a><\/li>\n<li><a href=\"https:\/\/orasul-timisoara.ro\/local-tag\/aviatie\/\">avia\u021bie<\/a><\/li>\n<li><a href=\"https:\/\/orasul-timisoara.ro\/local-tag\/canicula-2\/\">canicul\u0103<\/a><\/li>\n<li><a href=\"https:\/\/orasul-timisoara.ro\/local-tag\/curse-aeriene\/\">curse aeriene<\/a><\/li>\n<li><a href=\"https:\/\/orasul-timisoara.ro\/local-tag\/stiri-timisoara-2\/\">\u0219tiri Timi\u0219oara<\/a><\/li>\n<li><a href=\"https:\/\/orasul-timisoara.ro\/local-tag\/timisoara-2\/\">timi\u0219oara<\/a><\/li>\n<li><a href=\"https:\/\/orasul-timisoara.ro\/local-tag\/zboruri\/\">zboruri<\/a><\/li>\n<\/ul>\n<\/div>\n<div class=\"td-post-sharing-bottom\">\n<div class=\"td-post-sharing-classic\"><iframe title=\"bottomFacebookLike\" frameborder src=\"https:\/\/www.facebook.com\/plugins\/like.php?href=https:\/\/orasul-timisoara.ro\/local-40431\/&amp;layout=button_count&amp;show_faces=false&amp;width=105&amp;action=like&amp;colorscheme=light&amp;height=21\"><\/iframe><\/div>\n<div id=\"td_social_sharing_article_bottom\" class=\"td-post-sharing td-ps-bg td-ps-notext td-post-sharing-style1 \">\n<div class=\"td-post-sharing-visible\"><a class=\"td-social-sharing-button td-social-sharing-button-js td-social-network td-social-facebook\" href=\"https:\/\/www.facebook.com\/sharer.php?u=https%3A%2F%2Forasul-timisoara.ro%2Flocal-40431%2F\" title=\"Facebook\"><\/p>\n<div class=\"td-social-but-text\">Facebook<\/div>\n<p><\/a><a class=\"td-social-sharing-button td-social-sharing-button-js td-social-network td-social-twitter\" href=\"https:\/\/twitter.com\/intent\/tweet?text=Aeroportul+Timi%C8%99oara+preia+temporar+cursele+spre+Antalya+de+la+Arad%2C+pe+fondul+caniculei&amp;url=https%3A%2F%2Forasul-timisoara.ro%2Flocal-40431%2F&amp;via=orasultm\" title=\"Twitter\"><\/p>\n<div class=\"td-social-but-text\">Twitter<\/div>\n<p><\/a><a class=\"td-social-sharing-button td-social-sharing-button-js td-social-network td-social-whatsapp\" href=\"https:\/\/api.whatsapp.com\/send?text=Aeroportul+Timi%C8%99oara+preia+temporar+cursele+spre+Antalya+de+la+Arad%2C+pe+fondul+caniculei%20%0A%0A%20https:\/\/orasul-timisoara.ro\/local-40431\/\" title=\"WhatsApp\"><\/p>\n<div class=\"td-social-but-text\">WhatsApp<\/div>\n<p><\/a><a class=\"td-social-sharing-button td-social-sharing-button-js td-social-network td-social-linkedin\" href=\"https:\/\/www.linkedin.com\/shareArticle?mini=true&amp;url=https:\/\/orasul-timisoara.ro\/local-40431\/&amp;title=Aeroportul+Timi%C8%99oara+preia+temporar+cursele+spre+Antalya+de+la+Arad%2C+pe+fondul+caniculei\" title=\"Linkedin\"><\/p>\n<div class=\"td-social-but-text\">Linkedin<\/div>\n<p><\/a><a class=\"td-social-sharing-button td-social-sharing-button-js td-social-network td-social-reddit\" href=\"https:\/\/reddit.com\/submit?url=https:\/\/orasul-timisoara.ro\/local-40431\/&amp;title=Aeroportul+Timi%C8%99oara+preia+temporar+cursele+spre+Antalya+de+la+Arad%2C+pe+fondul+caniculei\" title=\"ReddIt\"><\/p>\n<div class=\"td-social-but-text\">ReddIt<\/div>\n<p><\/a><a class=\"td-social-sharing-button td-social-sharing-button-js td-social-network td-social-mail\" href=\"mailto:?subject=Aeroportul%20Timi%C8%99oara%20preia%20temporar%20cursele%20spre%20Antalya%20de%20la%20Arad,%20pe%20fondul%20caniculei&amp;body=https:\/\/orasul-timisoara.ro\/local-40431\/\" title=\"Email\"><\/p>\n<div class=\"td-social-but-text\">Email<\/div>\n<p><\/a><a class=\"td-social-sharing-button td-social-sharing-button-js td-social-network td-social-print\" href=\"https:\/\/orasul-timisoara.ro\/local-40431\/\" title=\"Imprimare\"><\/p>\n<div class=\"td-social-but-text\">Imprimare<\/div>\n<p><\/a><\/div>\n<\/div>\n<\/div>\n<div class=\"td-block-row td-post-next-prev\">\n<div class=\"td-block-span6 td-post-prev-post\">\n<div class=\"td-post-next-prev-content\"><span>Articolul precedent<\/span><a href=\"https:\/\/orasul-timisoara.ro\/local-40429\/\">Restric\u021bii de circula\u021bie \u00een Timi\u0219oara pentru lucr\u0103ri la re\u021belele de ap\u0103 \u0219i canalizare<\/a><\/div>\n<\/div>\n<div class=\"td-block-span6 td-post-next-post\">\n<div class=\"td-post-next-prev-content\"><span>Articolul urm\u0103tor<\/span><a href=\"https:\/\/orasul-timisoara.ro\/local-40433\/\">Primii kilometri de asfalt pe autostrada A1 Margina\u2013Holdea. Lucr\u0103rile au ajuns la 72% (video)<\/a><\/div>\n<\/div>\n<\/div>\n<div class=\"td-author-name vcard author\"><span class=\"fn\"><a href=\"https:\/\/orasul-timisoara.ro\/author\/timisoara\/\">redactia<\/a><\/span><\/div>\n<p><span class=\"td-page-meta\"><\/span><span class=\"td-page-meta\"><span class=\"td-page-meta\"><\/span><\/span><span class=\"td-page-meta\"><\/span><\/footer>\n<div class=\"td_block_wrap td_block_related_posts tdi_3 td_with_ajax_pagination td-pb-border-top td_block_template_8\" data-td-block-uid=\"tdi_3\">\n<h4 class=\"td-related-title td-block-title\"><a id=\"tdi_4\" class=\"td-related-left td-cur-simple-item\" data-td_filter_value data-td_block_id=\"tdi_3\" href=\"https:\/\/orasul-timisoara.ro\/local-40431\/\">ARTICOLE SIMILARE<\/a><a id=\"tdi_5\" class=\"td-related-right\" data-td_filter_value=\"td_related_more_from_author\" data-td_block_id=\"tdi_3\" href=\"https:\/\/orasul-timisoara.ro\/local-40431\/\">DE LA ACELA\u0218I AUTOR<\/a><\/h4>\n<div id=\"tdi_3\" class=\"td_block_inner\">\n<div class=\"td-related-row\">\n<div class=\"td-related-span4\">\n<div class=\"td_module_related_posts td-animation-stack td_mod_related_posts\">\n<div class=\"td-module-image\">\n<div class=\"td-module-thumb\"><a href=\"https:\/\/orasul-timisoara.ro\/local-40165\/\" rel=\"bookmark\" class=\"td-image-wrap \" title=\"ANM anun\u021b\u0103 canicul\u0103 \u00een Timi\u0219 \u0219i Arad. Mar\u021bi vine v\u00e2rful de c\u0103ldur\u0103\"><img loading=\"lazy\" decoding=\"async\" class=\"entry-thumb\" src=\"https:\/\/orasul-timisoara.ro\/wp-content\/uploads\/2022\/07\/vreme-termometru.jpg\" alt title=\"ANM anun\u021b\u0103 canicul\u0103 \u00een Timi\u0219 \u0219i Arad. Mar\u021bi vine v\u00e2rful de c\u0103ldur\u0103\" width=\"218\" height=\"150\"><\/a><\/div>\n<\/div>\n<div class=\"item-details\">\n<h3 class=\"entry-title td-module-title\"><a href=\"https:\/\/orasul-timisoara.ro\/local-40165\/\" rel=\"bookmark\" title=\"ANM anun\u021b\u0103 canicul\u0103 \u00een Timi\u0219 \u0219i Arad. Mar\u021bi vine v\u00e2rful de c\u0103ldur\u0103\">ANM anun\u021b\u0103 canicul\u0103 \u00een Timi\u0219 \u0219i Arad. Mar\u021bi vine v\u00e2rful de c\u0103ldur\u0103<\/a><\/h3>\n<\/div>\n<\/div>\n<\/div>\n<div class=\"td-related-span4\">\n<div class=\"td_module_related_posts td-animation-stack td_mod_related_posts\">\n<div class=\"td-module-image\">\n<div class=\"td-module-thumb\"><a href=\"https:\/\/orasul-timisoara.ro\/local-40147\/\" rel=\"bookmark\" class=\"td-image-wrap \" title=\"Consum record de ap\u0103 \u00een Timi\u0219oara. Aquatim a distribuit peste 2,5 milioane de metri cubi \u00een iulie\"><img loading=\"lazy\" decoding=\"async\" class=\"entry-thumb\" src=\"https:\/\/orasul-timisoara.ro\/wp-content\/uploads\/2026\/07\/femeie-bea-apa-4-436x300.jpg\" alt title=\"Consum record de ap\u0103 \u00een Timi\u0219oara. Aquatim a distribuit peste 2,5 milioane de metri cubi \u00een iulie\" width=\"218\" height=\"150\"><\/a><\/div>\n<\/div>\n<div class=\"item-details\">\n<h3 class=\"entry-title td-module-title\"><a href=\"https:\/\/orasul-timisoara.ro\/local-40147\/\" rel=\"bookmark\" title=\"Consum record de ap\u0103 \u00een Timi\u0219oara. Aquatim a distribuit peste 2,5 milioane de metri cubi \u00een iulie\">Consum record de ap\u0103 \u00een Timi\u0219oara. Aquatim a distribuit peste 2,5 milioane de metri cubi \u00een iulie<\/a><\/h3>\n<\/div>\n<\/div>\n<\/div>\n<div class=\"td-related-span4\">\n<div class=\"td_module_related_posts td-animation-stack td_mod_related_posts\">\n<div class=\"td-module-image\">\n<div class=\"td-module-thumb\"><a href=\"https:\/\/orasul-timisoara.ro\/local-40038\/\" rel=\"bookmark\" class=\"td-image-wrap \" title=\"ISU Timi\u0219 controleaz\u0103 spitalele dup\u0103 instituirea st\u0103rii de alert\u0103 \u0219i Codul Ro\u0219u de canicul\u0103\"><img loading=\"lazy\" decoding=\"async\" class=\"entry-thumb\" src=\"https:\/\/orasul-timisoara.ro\/wp-content\/uploads\/2026\/08\/cdfdf9c4-433e-47f1-8ada-8c72398f92dd-436x300.jpg\" alt title=\"ISU Timi\u0219 controleaz\u0103 spitalele dup\u0103 instituirea st\u0103rii de alert\u0103 \u0219i Codul Ro\u0219u de canicul\u0103\" width=\"218\" height=\"150\"><\/a><\/div>\n<\/div>\n<div class=\"item-details\">\n<h3 class=\"entry-title td-module-title\"><a href=\"https:\/\/orasul-timisoara.ro\/local-40038\/\" rel=\"bookmark\" title=\"ISU Timi\u0219 controleaz\u0103 spitalele dup\u0103 instituirea st\u0103rii de alert\u0103 \u0219i Codul Ro\u0219u de canicul\u0103\">ISU Timi\u0219 controleaz\u0103 spitalele dup\u0103 instituirea st\u0103rii de alert\u0103 \u0219i Codul Ro\u0219u de canicul\u0103<\/a><\/h3>\n<\/div>\n<\/div>\n<\/div>\n<\/div>\n<\/div>\n<\/div>\n<div class=\"comments\" id=\"comments\">\n<div id=\"respond\" class=\"comment-respond\">\n<h3 id=\"reply-title\" class=\"comment-reply-title\">L\u0102SA\u021aI UN MESAJ<\/h3>\n<div class=\"comment-form-input-wrap td-form-comment\">\n<div class=\"td-warning-comment\">V\u0103 rug\u0103m s\u0103 introduce\u021bi comentariul dvs.!<\/div>\n<\/div>\n<div class=\"comment-form-input-wrap td-form-author\">\n<div class=\"td-warning-author\">Introduce\u021bi aici numele dvs.<\/div>\n<\/div>\n<div class=\"comment-form-input-wrap td-form-email\">\n<div class=\"td-warning-email-error\">A\u021bi introdus o adres\u0103 de e-mail incorect\u0103!<\/div>\n<div class=\"td-warning-email\">V\u0103 rug\u0103m s\u0103 introduce\u021bi adresa dvs. de e-mail aici<\/div>\n<\/div>\n<\/div>\n<p class=\"akismet_comment_form_privacy_notice\">Acest site folose\u0219te Akismet pentru a reduce spamul. <a href=\"https:\/\/akismet.com\/privacy\/\" target=\"_blank\" rel=\"nofollow noopener\">Afl\u0103 cum sunt procesate datele comentariilor tale<\/a>.<\/p>\n<\/div>\n<\/div>\n<\/div>\n<div class=\"td-pb-span4 td-main-sidebar\" role=\"complementary\">\n<div class=\"td-ss-main-sidebar\">\n<aside id=\"block-4\" class=\"td_block_template_8 widget block-4 widget_block widget_media_image\">\n<figure class=\"wp-block-image size-full\"><img loading=\"lazy\" decoding=\"async\" width=\"336\" height=\"280\" src=\"https:\/\/orasul-timisoara.ro\/wp-content\/uploads\/2024\/11\/ReTIM-Abonamentul-Verde-Google-Ads-336x280px.gif\" alt class=\"wp-image-29257\"><\/figure>\n<\/aside>\n<div class=\"td_block_wrap td_block_social_counter td_block_widget tdi_6 td-social-style5 td-social-boxed td-pb-border-top td_block_template_8\">\n<div class=\"td-block-title-wrap\">\n<h4 class=\"td-block-title\"><span>Urm\u0103re\u0219te-ne pe Social Media<\/span><\/h4>\n<\/div>\n<div class=\"td-social-list\">\n<div class=\"td_social_type td-pb-margin-side td_social_facebook\">\n<div class=\"td-social-box\"><span class=\"td_social_info td_social_info_counter\">344,595<\/span><span class=\"td_social_info td_social_info_name\">Fani<\/span><span class=\"td_social_button\"><a href=\"https:\/\/www.facebook.com\/247timisoara\" target=\"_blank\" rel=\"nofollow\">\u00cemi place<\/a><\/span><\/div>\n<\/div>\n<div class=\"td_social_type td-pb-margin-side td_social_instagram\">\n<div class=\"td-social-box\"><span class=\"td_social_info td_social_info_counter\">4,416<\/span><span class=\"td_social_info td_social_info_name\">Cititori<\/span><span class=\"td_social_button\"><a href=\"https:\/\/instagram.com\/orasultimisoararo\/\" target=\"_blank\" rel=\"nofollow\">Conecta\u021bi-v\u0103<\/a><\/span><\/div>\n<\/div>\n<div class=\"td_social_type td-pb-margin-side td_social_rss\">\n<div class=\"td-social-box\"><span class=\"td_social_info td_social_info_counter\">12,506<\/span><span class=\"td_social_info td_social_info_name\">Cititori<\/span><span class=\"td_social_button\"><a href=\"https:\/\/orasul-timisoara.ro\/feed\/\" target=\"_blank\" rel=\"nofollow\">Conecta\u021bi-v\u0103<\/a><\/span><\/div>\n<\/div>\n<div class=\"td_social_type td-pb-margin-side td_social_tiktok\">\n<div class=\"td-social-box\"><span class=\"td_social_info td_social_info_counter\">1,500<\/span><span class=\"td_social_info td_social_info_name\">Cititori<\/span><span class=\"td_social_button\"><a href=\"https:\/\/www.tiktok.com\/@orasultimisoara\" target=\"_blank\" rel=\"nofollow\">Conecta\u021bi-v\u0103<\/a><\/span><\/div>\n<\/div>\n<div class=\"td_social_type td-pb-margin-side td_social_twitter\">\n<div class=\"td-social-box\"><span class=\"td_social_info td_social_info_counter\">1,595<\/span><span class=\"td_social_info td_social_info_name\">Cititori<\/span><span class=\"td_social_button\"><a href=\"https:\/\/twitter.com\/orasultm\" target=\"_blank\" rel=\"nofollow\">Conecta\u021bi-v\u0103<\/a><\/span><\/div>\n<\/div>\n<div class=\"td_social_type td-pb-margin-side td_social_youtube\">\n<div class=\"td-social-box\"><span class=\"td_social_info td_social_info_counter\">3,506<\/span><span class=\"td_social_info td_social_info_name\">Abona\u021bi<\/span><span class=\"td_social_button\"><a href=\"https:\/\/www.youtube.com\/channel\/UCQNsQvs2XCSIm1Z-AHRturw?sub_confirmation=1\" target=\"_blank\" rel=\"nofollow\">Abona\u021bi-v\u0103<\/a><\/span><\/div>\n<\/div>\n<\/div>\n<\/div>\n<aside id=\"text-7\" class=\"td_block_template_8 widget text-7 widget_text\">\n<h4 class=\"td-block-title\"><span>C\u0103ut\u0103ri populare pe OTM<\/span><\/h4>\n<div class=\"textwidget\"><a href=\"https:\/\/orasul-timisoara.ro\/?s=timisoara\"><span>Timisoara<\/span><\/a><a href=\"https:\/\/orasul-timisoara.ro\/?s=calin+dobra\"><span>Calin Dobra<\/span><\/a><a href=\"https:\/\/orasul-timisoara.ro\/?s=primaria+timisoara\"><span>Primaria Timisoara<\/span><\/a><a href=\"https:\/\/orasul-timisoara.ro\/?s=dominic+fritz\"><span>Dominic Fritz<\/span><\/a><a href=\"https:\/\/orasul-timisoara.ro\/?s=nicolae+robu\"><span>Nicolae Robu<\/span><\/a><a href=\"https:\/\/orasul-timisoara.ro\/?s=consiliul+local+timisoara\">Consiliul Local Timisoara<\/a><a href=\"https:\/\/orasul-timisoara.ro\/?s=consiliul+judetean+timis\"><span>Consiliul Judetean Timis<\/span><\/a><a href=\"https:\/\/orasul-timisoara.ro\/?s=cjt\"><span>CJT<\/span><\/a><a href=\"https:\/\/orasul-timisoara.ro\/?s=Alfred+Simonis\"><span>Alfred Simonis<\/span><\/a><a href=\"https:\/\/orasul-timisoara.ro\/?s=PNL\"><span>PNL<\/span><\/a><a href=\"https:\/\/orasul-timisoara.ro\/?s=coronavirus\"><span>coronavirus<\/span><\/a><a href=\"https:\/\/orasul-timisoara.ro\/?s=teatru+timisoara\">teatru Timisoara<\/a><a href=\"https:\/\/orasul-timisoara.ro\/?s=restaurante\"><span>restaurante Timisoara<\/span><\/a><a href=\"https:\/\/orasul-timisoara.ro\/?s=diskoteka\"><span>Diskoteka<\/span><\/a><a href=\"https:\/\/orasul-timisoara.ro\/?s=iulius+town\"><span>Iulius Town<\/span><\/a><a href=\"https:\/\/orasul-timisoara.ro\/?s=iulius+mall\"><span>Iulius Mall<\/span><\/a><a href=\"https:\/\/orasul-timisoara.ro\/?s=stpt\"><span>STPT<\/span><\/a><a href=\"https:\/\/orasul-timisoara.ro\/?s=alin+nica\"><span>Alin Nica<\/span><\/a><a href=\"https:\/\/orasul-timisoara.ro\/?s=psd\"><span>PSD<\/span><\/a><a href=\"https:\/\/orasul-timisoara.ro\/?s=aeroport\"><span>Aeroportul International Timisoara<\/span><\/a><a href=\"https:\/\/orasul-timisoara.ro\/?s=babes\"><span>Spitalul Victor Babes Timisoara<\/span><\/a><a href=\"https:\/\/orasul-timisoara.ro\/?s=poli\"><span>Poli Timi\u0219oara<\/span><\/a><a href=\"https:\/\/orasul-timisoara.ro\/?s=carantina\"><span>carantina<\/span><\/a><a href=\"https:\/\/orasul-timisoara.ro\/?s=aquatim\"><span>Aquatim<\/span><\/a><a href=\"https:\/\/orasul-timisoara.ro\/local-category\/stiri-timisoara\/\"><span>Stiri Timisoara<\/span><\/a><a href=\"https:\/\/orasul-timisoara.ro\/local-category\/investitii-in-timisoara\/\"><span>Investi\u021bii in Timi\u0219oara<\/span><\/a><a href=\"https:\/\/orasul-timisoara.ro\/local-9463\/\"><span>shaorma<\/span><\/a><a href=\"https:\/\/orasul-timisoara.ro\/?s=trafic\"><span>trafic rutier<\/span><\/a><a href=\"https:\/\/orasul-timisoara.ro\/?s=politia\"><span>politia locala timisoara<\/span><\/a><a href=\"https:\/\/orasul-timisoara.ro\/?s=roxana\"><span>Roxana Iliescu<\/span><\/a><a href=\"https:\/\/orasul-timisoara.ro\/?s=colterm\"><span>Colterm<\/span><\/a><a href=\"https:\/\/orasul-timisoara.ro\/?s=latcau\"><span>Ruben La\u021bc\u0103u<\/span><\/a><a href=\"https:\/\/orasul-timisoara.ro\/?s=timis\"><span>\u0218tiri din Timi\u0219<\/span><\/a><a href=\"https:\/\/orasul-timisoara.ro\/?s=spital\"><span>Spitale din Timi\u0219oara<\/span><\/a><a href=\"https:\/\/orasul-timisoara.ro\/?s=tabara\"><span>Cosmin Tab\u0103r\u0103<\/span><\/a><\/div>\n<\/aside>\n<aside id=\"rss-2\" class=\"td_block_template_8 widget rss-2 widget_rss\">\n<h4 class=\"td-block-title\"><span><a class=\"rsswidget rss-widget-feed\" href=\"https:\/\/fashionfridays.ro\/feed\"><img decoding=\"async\" class=\"rss-widget-icon\" width=\"14\" height=\"14\" src=\"https:\/\/orasul-timisoara.ro\/wp-includes\/images\/rss.png\" alt=\"Flux RSS: Fashion Fridays\" loading=\"lazy\"><\/a><a class=\"rsswidget rss-widget-title\" href=\"https:\/\/fashionfridays.ro\/\">Fashion Fridays<\/a><\/span><\/h4>\n<ul>\n<li><a class=\"rsswidget\" href=\"https:\/\/fashionfridays.ro\/romania-devine-a-29-a-piata-vogue-o-noua-era-pentru-industria-locala-de-moda\/\">Rom\u00e2nia devine a 29-a pia\u021b\u0103 Vogue: o nou\u0103 er\u0103 pentru industria local\u0103 de mod\u0103<\/a>\n<div class=\"rssSummary\">Revista Vogue \u00ee\u0219i extinde prezen\u021ba global\u0103 \u0219i va fi lansat\u0103 oficial \u00een Rom\u00e2nia \u00een prim\u0103vara anului 2027, marc\u00e2nd intrarea pe cea de-a 29-a pia\u021b\u0103 interna\u021bional\u0103. Proiectul este realizat \u00een parteneriat cu AEMME Publishing, o companie media recent \u00eenfiin\u021bat\u0103, care va publica edi\u021bia local\u0103 sub licen\u021b\u0103. Noua edi\u021bie, Vogue Rom\u00e2nia, \u00ee\u0219i propune s\u0103 combine autoritatea global\u0103 [\u2026]<\/div>\n<\/li>\n<\/ul>\n<\/aside>\n<aside id=\"rss-4\" class=\"td_block_template_8 widget rss-4 widget_rss\">\n<h4 class=\"td-block-title\"><span><a class=\"rsswidget rss-widget-feed\" href=\"https:\/\/emasini.ro\/feed\"><img decoding=\"async\" class=\"rss-widget-icon\" width=\"14\" height=\"14\" src=\"https:\/\/orasul-timisoara.ro\/wp-includes\/images\/rss.png\" alt=\"Flux RSS: eMasini\" loading=\"lazy\"><\/a><a class=\"rsswidget rss-widget-title\" href=\"https:\/\/emasini.ro\/\">eMasini<\/a><\/span><\/h4>\n<ul>\n<li><a class=\"rsswidget\" href=\"https:\/\/emasini.ro\/adio-bordurilor-pline-de-ecrane-mercedes-benz-readuce-butoanele-in-noile-masini-produse\/\">Adio bordurilor pline de ecrane? Mercedes-Benz readuce butoanele \u00een noile ma\u0219ini produse<\/a>\n<div class=\"rssSummary\">Mercedes-Benz \u00ee\u0219i schimb\u0103 direc\u021bia \u00een ceea ce prive\u0219te designul interioarelor \u0219i va readuce comenzile fizice pentru anumite func\u021bii importante. Constructorul german nu renun\u021b\u0103 la ecranele mari \u0219i la tehnologiile digitale, dar recunoa\u0219te c\u0103 a mers prea departe prin eliminarea unor butoane \u0219i comenzi tactile. Ola K\u00e4llenius, pre\u0219edintele Consiliului de Administra\u021bie al Mercedes-Benz Group \u0219i CEO [\u2026]<\/div>\n<\/li>\n<\/ul>\n<\/aside>\n<\/div>\n<\/div>\n<\/div>\n<\/div>\n<\/article>\n<div class=\"td-post-content tagdiv-type\">\n<p class=\"wp-block-paragraph\">Aeroportul Interna\u021bional Timi\u0219oara a preluat temporar operarea zborurilor turistice spre Antalya care erau programate de pe Aeroportul Arad. Decizia operatorului vine \u00een contextul temperaturilor extreme din aceast\u0103 perioad\u0103, pista mai lung\u0103 a aeroportului timi\u0219orean oferind condi\u021bii mai bune pentru operarea aeronavelor \u00een zilele cu canicul\u0103.<\/p>\n<h2 class=\"wp-block-heading\">Aeroportul Timi\u0219oara preia temporar cursele spre Antalya<\/h2>\n<p class=\"wp-block-paragraph\">Aeronava care trebuia s\u0103 aterizeze miercuri la Arad, venind din Antalya, a mers direct la baza din Timi\u0219oara. O decizie similar\u0103 fusese luat\u0103 \u0219i \u00een 12 august, iar operatorul a informat Aeroportul Arad c\u0103 zborurile nu vor mai fi operate de acolo \u00een luna august.<\/p>\n<p class=\"wp-block-paragraph\">Principalul motiv invocat este reprezentat de temperaturile ridicate. \u00cen astfel de condi\u021bii, operarea aeronavelor poate fi influen\u021bat\u0103 de caracteristicile pistei \u0219i de condi\u021biile de decolare \u0219i aterizare. Aeroportul Interna\u021bional Timi\u0219oara beneficiaz\u0103 de o pist\u0103 mai lung\u0103 dec\u00e2t cea de la Arad, ceea ce permite condi\u021bii mai favorabile de operare atunci c\u00e2nd temperaturile exterioare sunt extreme.<\/p>\n<p class=\"wp-block-paragraph\">Mutarea este \u00eens\u0103 una temporar\u0103. Potrivit informa\u021biilor transmise de conducerea Aeroportului Arad, cursa turistic\u0103 spre Antalya ar urma s\u0103 revin\u0103 la baza ar\u0103dean\u0103 \u00eencep\u00e2nd cu <strong>2 septembrie 2026<\/strong>.<\/p>\n<h2 class=\"wp-block-heading\">Canicula influen\u021beaz\u0103 operarea zborurilor<\/h2>\n<p class=\"wp-block-paragraph\">Decizia de relocare nu este una determinat\u0103 de o problem\u0103 de func\u021bionare a Aeroportului Arad. Directorul opera\u021bional al aeroportului, Paul Popescu, a precizat c\u0103 aeroportul este deschis \u0219i opera\u021bional \u0219i dispune de stocurile necesare de kerosen.<\/p>\n<p class=\"wp-block-paragraph\">\u201eAeroportul nostru este opera\u021bional, deschis, exist\u0103 \u0219i stoc suficient de kerosen. Dorim s\u0103 preciz\u0103m c\u0103 aeroportul nu stabile\u0219te destina\u021biile zborurilor \u0219i nu poate modifica deciziile comerciale ale companiilor aeriene sau ale operatorilor de turism. Aceste decizii apar\u021bin exclusiv operatorilor care organizeaz\u0103 \u0219i execut\u0103 transportul aerian\u201d, a declarat Paul Popescu.<\/p>\n<p class=\"wp-block-paragraph\">\u00cen acest context, Aeroportul Interna\u021bional Timi\u0219oara devine pentru o perioad\u0103 scurt\u0103 punctul de operare pentru pasagerii care au achizi\u021bionat pachete turistice cu destina\u021bia Antalya \u0219i care aveau ini\u021bial programat\u0103 plecarea de la Arad.<\/p>\n<h2 class=\"wp-block-heading\">Aeroportul Interna\u021bional Timi\u0219oara, alternativ\u0103 pentru zona de vest<\/h2>\n<p class=\"wp-block-paragraph\">Relocarea temporar\u0103 a cursei spre Antalya eviden\u021biaz\u0103 \u0219i rolul Aeroportului Interna\u021bional Timi\u0219oara ca infrastructur\u0103 aerian\u0103 important\u0103 pentru vestul Rom\u00e2niei. Capacitatea de operare a aeroportului \u0219i caracteristicile pistei permit preluarea unor zboruri atunci c\u00e2nd condi\u021biile de pe alte aeroporturi din regiune determin\u0103 operatorii s\u0103 \u00ee\u0219i modifice temporar planurile.<\/p>\n<p class=\"wp-block-paragraph\">Pentru pasagerii care urmau s\u0103 c\u0103l\u0103toreasc\u0103 din Arad, schimbarea \u00eenseamn\u0103 \u00eens\u0103 deplasarea c\u0103tre Timi\u0219oara pentru efectuarea zborului. Conducerea Aeroportului Arad a transmis c\u0103 \u00een\u021belege disconfortul creat \u0219i consider\u0103 c\u0103 turi\u0219tii trebuie s\u0103 beneficieze de informa\u021bii complete \u0219i transmise din timp, precum \u0219i de solu\u021bii pentru a ajunge la destina\u021bia convenit\u0103 ini\u021bial.<\/p>\n<h2 class=\"wp-block-heading\">Cursele spre Antalya ar urma s\u0103 revin\u0103 la Arad<\/h2>\n<p class=\"wp-block-paragraph\">Conform informa\u021biilor disponibile \u00een prezent, relocarea este valabil\u0103 cel pu\u021bin pe durata lunii august. \u00cencep\u00e2nd cu <strong>2 septembrie<\/strong>, cursa turistic\u0103 spre Antalya ar urma s\u0103 revin\u0103 la Aeroportul Arad.<\/p>\n<p class=\"wp-block-paragraph\">P\u00e2n\u0103 atunci, Aeroportul Interna\u021bional Timi\u0219oara asigur\u0103 temporar operarea zborurilor care ar fi trebuit s\u0103 plece de la Arad, oferind operatorului condi\u021bii mai bune pentru desf\u0103\u0219urarea curselor \u00een perioada cu temperaturi ridicate.<\/p>\n<p class=\"wp-block-paragraph\">Relocarea este, astfel, una temporar\u0103 \u0219i are la baz\u0103 condi\u021biile tehnice de operare \u00een timpul caniculei, nu o suspendare a activit\u0103\u021bii Aeroportului Arad.<\/p>\n<\/div>\n<p>[analyse_source url=&#8221;https:\/\/orasul-timisoara.ro\/local-40431\/&#8221;]<\/p>\n","protected":false},"excerpt":{"rendered":"<p>[analyse_image type=&#8221;featured&#8221; src=&#8221;https:\/\/orasul-timisoara.ro\/wp-content\/uploads\/2021\/11\/aeroportul-timisoara.jpg&#8221;] \u0218tiri LocaleAeroportul Timi\u0219oara preia temporar cursele spre Antalya de la Arad, pe fondul&#8230; \u0218tiri Locale Turism Aeroportul Timi\u0219oara preia temporar cursele spre Antalya de la Arad, pe fondul caniculei De c\u0103tre redactia &#8211; 21\/08\/2026 Facebook Twitter WhatsApp Linkedin ReddIt Email Imprimare Aeroportul Interna\u021bional Timi\u0219oara a preluat temporar operarea zborurilor turistice spre Antalya [&hellip;]<\/p>\n","protected":false},"author":1,"featured_media":0,"comment_status":"open","ping_status":"","sticky":false,"template":"","format":"standard","meta":{"footnotes":""},"categories":[89],"tags":[226,189],"class_list":["post-2107525","post","type-post","status-publish","format-standard","hentry","category-romania","tag-crawlmanager","tag-orasul-timisoara-ro"],"_links":{"self":[{"href":"https:\/\/analyse.optim.biz\/index.php?rest_route=\/wp\/v2\/posts\/2107525","targetHints":{"allow":["GET"]}}],"collection":[{"href":"https:\/\/analyse.optim.biz\/index.php?rest_route=\/wp\/v2\/posts"}],"about":[{"href":"https:\/\/analyse.optim.biz\/index.php?rest_route=\/wp\/v2\/types\/post"}],"author":[{"embeddable":true,"href":"https:\/\/analyse.optim.biz\/index.php?rest_route=\/wp\/v2\/users\/1"}],"replies":[{"embeddable":true,"href":"https:\/\/analyse.optim.biz\/index.php?rest_route=%2Fwp%2Fv2%2Fcomments&post=2107525"}],"version-history":[{"count":0,"href":"https:\/\/analyse.optim.biz\/index.php?rest_route=\/wp\/v2\/posts\/2107525\/revisions"}],"wp:attachment":[{"href":"https:\/\/analyse.optim.biz\/index.php?rest_route=%2Fwp%2Fv2%2Fmedia&parent=2107525"}],"wp:term":[{"taxonomy":"category","embeddable":true,"href":"https:\/\/analyse.optim.biz\/index.php?rest_route=%2Fwp%2Fv2%2Fcategories&post=2107525"},{"taxonomy":"post_tag","embeddable":true,"href":"https:\/\/analyse.optim.biz\/index.php?rest_route=%2Fwp%2Fv2%2Ftags&post=2107525"}],"curies":[{"name":"wp","href":"https:\/\/api.w.org\/{rel}","templated":true}]}}