{"id":2107354,"date":"2026-08-22T10:16:56","date_gmt":"2026-08-22T07:16:56","guid":{"rendered":"https:\/\/analyse.optim.biz\/?p=2107354"},"modified":"2026-08-22T10:16:56","modified_gmt":"2026-08-22T07:16:56","slug":"cate-cabinete-stomatologice-are-judetul-tulcea-si-cate-isi-spun-preturile","status":"publish","type":"post","link":"https:\/\/analyse.optim.biz\/?p=2107354","title":{"rendered":"C\u00e2te cabinete stomatologice are jude\u021bul Tulcea \u0219i c\u00e2te \u00ee\u0219i spun pre\u021burile"},"content":{"rendered":"<p>[analyse_image type=&#8221;featured&#8221; src=&#8221;https:\/\/infotulcea.ro\/wp-content\/uploads\/2026\/08\/ChatGPT-Image-22-aug.-2026-13_16_03.pnghttps:\/\/infotulcea.ro\/wp-content\/uploads\/2026\/08\/ChatGPT-Image-22-aug.-2026-13_16_03.png&#8221;]<\/p>\n<div id=\"content\" class=\"site-content container\">\n<div id=\"main-content-row\" class=\"tie-row main-content-row\">\n<div class=\"main-content tie-col-md-8 tie-col-xs-12\" role=\"main\">\n<article id=\"the-post\" class=\"container-wrapper post-content tie-standard\">\n<header class=\"entry-header-outer\">\n<nav id=\"breadcrumb\"><a href=\"https:\/\/infotulcea.ro\/\"> Home<\/a><em class=\"delimiter\">\/<\/em><a href=\"https:\/\/infotulcea.ro\/categorie\/sanatate\/\">S\u0103n\u0103tate<\/a><em class=\"delimiter\">\/<\/em><span class=\"current\">C\u00e2te cabinete stomatologice are jude\u021bul Tulcea \u0219i c\u00e2te \u00ee\u0219i spun pre\u021burile<\/span><\/nav>\n<div class=\"entry-header\"><span class=\"post-cat-wrap\"><a class=\"post-cat tie-cat-49\" href=\"https:\/\/infotulcea.ro\/categorie\/sanatate\/\">S\u0103n\u0103tate<\/a><\/span><\/p>\n<h1 class=\"post-title entry-title\">\n\t\t\tC\u00e2te cabinete stomatologice are jude\u021bul Tulcea \u0219i c\u00e2te \u00ee\u0219i spun pre\u021burile\t\t<\/h1>\n<div class=\"single-post-meta post-meta clearfix\"><span class=\"author-meta single-author no-avatars\"><span class=\"meta-item meta-author-wrapper meta-author-9\"><span class=\"meta-author\"><a href=\"https:\/\/infotulcea.ro\/author\/redactia-2\/\" class=\"author-name tie-icon\" title=\"Redactia\">Redactia<\/a><\/span><\/span><\/span><span class=\"date meta-item tie-icon\">22 august 2026<\/span><\/p>\n<div class=\"tie-alignright\"><span class=\"meta-comment tie-icon meta-item fa-before\">0<\/span><span class=\"meta-views meta-item \"> 251 <\/span><span class=\"meta-reading-time meta-item\"> 1 minute read<\/span><\/div>\n<\/div>\n<\/div>\n<\/header>\n<div class=\"entry-content entry clearfix\">\n<p><strong>Jude\u021bul Tulcea intr\u0103 pe DentalMap cu\u00a078 de cabinete stomatologice. 41 sunt \u00een re\u0219edin\u021ba de jude\u021b, Tulcea. Celelalte 37 sunt \u00een restul localit\u0103\u021bilor. La 28 dintre ele localitatea nu e completat\u0103 \u00een surs\u0103, a\u0219a c\u0103 apar doar la nivel<img loading=\"lazy\" decoding=\"async\" class=\"wp-image-40453 alignright lazyload\" src=\"https:\/\/infotulcea.ro\/wp-content\/uploads\/2026\/08\/ChatGPT-Image-22-aug.-2026-13_16_03-500x333.png\" alt width=\"477\" height=\"318\" data-max-width=\"477\"><\/strong><\/p>\n<p><img loading=\"lazy\" decoding=\"async\" class=\" wp-image-40453 alignright\" src=\"https:\/\/infotulcea.ro\/wp-content\/uploads\/2026\/08\/ChatGPT-Image-22-aug.-2026-13_16_03-500x333.png\" alt width=\"477\" height=\"318\"> de jude\u021b.<\/p>\n<p><strong>28 de cabinete lucreaz\u0103 cu CNAS<\/strong>, adic\u0103 au contract cu Casa de Asigur\u0103ri de S\u0103n\u0103tate \u0219i pot deconta o parte din tratamentele de baz\u0103. Marcajul vine din lista oficial\u0103 CAS Tulcea.<\/p>\n<p>Pre\u021burile publicate de clinicile din jude\u021b dau un reper \u00eenainte de programare: mediana la detartraj \u0219i igienizare e 280 lei, la implant dentar 2.850 lei, la coroan\u0103 dentar\u0103 1.550 lei, la consulta\u021bie stomatologic\u0103 180 lei. Sunt calculate din tarifele afi\u0219ate de 12 cabinete (997 de tarife \u00een total) \u0219i r\u0103m\u00e2n orientative, a\u0219a c\u0103 merit\u0103 confirmate la telefon.<\/p>\n<p>Cabinetele se str\u00e2ng mai ales \u00een\u00a0<a href=\"https:\/\/dentalmap.ro\/dentist-tulcea\">Tulcea<\/a>\u00a0cu 41 de cabinete,\u00a0<a href=\"https:\/\/dentalmap.ro\/harta?county=tulcea&amp;city=M%C4%83cin\">M\u0103cin<\/a>\u00a0cu 2 cabinete,\u00a0<a href=\"https:\/\/dentalmap.ro\/harta?county=tulcea&amp;city=Babadag\">Babadag<\/a>\u00a0cu 1 cabinete,\u00a0<a href=\"https:\/\/dentalmap.ro\/harta?county=tulcea&amp;city=Be%C8%99tepe\">Be\u0219tepe<\/a>\u00a0cu 1 cabinete,\u00a0<a href=\"https:\/\/dentalmap.ro\/harta?county=tulcea&amp;city=Horia\">Horia<\/a>\u00a0cu 1 cabinete. \u00cen total, jude\u021bul are cabinete \u00een 9 localit\u0103\u021bi.<\/p>\n<p>Cele 39 de cabinete cu recenzii Google adun\u0103 1.702 recenzii, cu o not\u0103 medie de 4,64. Le po\u021bi sorta dup\u0103 not\u0103 sau dup\u0103 num\u0103rul de recenzii.<\/p>\n<\/div>\n<div id=\"post-extra-info\">\n<div class=\"theiaStickySidebar\">\n<div class=\"single-post-meta post-meta clearfix\"><span class=\"author-meta single-author no-avatars\"><span class=\"meta-item meta-author-wrapper meta-author-9\"><span class=\"meta-author\"><a href=\"https:\/\/infotulcea.ro\/author\/redactia-2\/\" class=\"author-name tie-icon\" title=\"Redactia\">Redactia<\/a><\/span><\/span><\/span><span class=\"date meta-item tie-icon\">22 august 2026<\/span><\/p>\n<div class=\"tie-alignright\"><span class=\"meta-comment tie-icon meta-item fa-before\">0<\/span><span class=\"meta-views meta-item \"> 251 <\/span><span class=\"meta-reading-time meta-item\"> 1 minute read<\/span><\/div>\n<\/div>\n<\/div>\n<\/div>\n<div id=\"share-buttons-bottom\" class=\"share-buttons share-buttons-bottom\">\n<div class=\"share-links  icons-only\">\n<div class=\"share-title\"><span> Share<\/span><\/div>\n<p><a href=\"https:\/\/www.facebook.com\/sharer.php?u=https:\/\/infotulcea.ro\/cate-cabinete-stomatologice-are-judetul-tulcea-si-cate-isi-spun-preturile\/\" rel=\"external noopener nofollow\" title=\"Facebook\" target=\"_blank\" class=\"facebook-share-btn \" data-raw=\"https:\/\/www.facebook.com\/sharer.php?u={post_link}\"><span class=\"screen-reader-text\">Facebook<\/span><\/a><a href=\"https:\/\/twitter.com\/intent\/tweet?text=C%C3%A2te%20cabinete%20stomatologice%20are%20jude%C8%9Bul%20Tulcea%20%C8%99i%20c%C3%A2te%20%C3%AE%C8%99i%20spun%20pre%C8%9Burile&amp;url=https:\/\/infotulcea.ro\/cate-cabinete-stomatologice-are-judetul-tulcea-si-cate-isi-spun-preturile\/\" rel=\"external noopener nofollow\" title=\"X\" target=\"_blank\" class=\"twitter-share-btn \" data-raw=\"https:\/\/twitter.com\/intent\/tweet?text={post_title}&amp;url={post_link}\"><span class=\"screen-reader-text\">X<\/span><\/a><a href=\"https:\/\/api.whatsapp.com\/send?text=C%C3%A2te%20cabinete%20stomatologice%20are%20jude%C8%9Bul%20Tulcea%20%C8%99i%20c%C3%A2te%20%C3%AE%C8%99i%20spun%20pre%C8%9Burile%20https:\/\/infotulcea.ro\/cate-cabinete-stomatologice-are-judetul-tulcea-si-cate-isi-spun-preturile\/\" rel=\"external noopener nofollow\" title=\"WhatsApp\" target=\"_blank\" class=\"whatsapp-share-btn \" data-raw=\"https:\/\/api.whatsapp.com\/send?text={post_title}%20{post_link}\"><span class=\"screen-reader-text\">WhatsApp<\/span><\/a><a href=\"https:\/\/telegram.me\/share\/url?url=https:\/\/infotulcea.ro\/cate-cabinete-stomatologice-are-judetul-tulcea-si-cate-isi-spun-preturile\/&amp;text=C%C3%A2te%20cabinete%20stomatologice%20are%20jude%C8%9Bul%20Tulcea%20%C8%99i%20c%C3%A2te%20%C3%AE%C8%99i%20spun%20pre%C8%9Burile\" rel=\"external noopener nofollow\" title=\"Telegram\" target=\"_blank\" class=\"telegram-share-btn \" data-raw=\"https:\/\/telegram.me\/share\/url?url={post_link}&amp;text={post_title}\"><span class=\"screen-reader-text\">Telegram<\/span><\/a><a href=\"mailto:?subject=C%C3%A2te%20cabinete%20stomatologice%20are%20jude%C8%9Bul%20Tulcea%20%C8%99i%20c%C3%A2te%20%C3%AE%C8%99i%20spun%20pre%C8%9Burile&amp;body=https:\/\/infotulcea.ro\/cate-cabinete-stomatologice-are-judetul-tulcea-si-cate-isi-spun-preturile\/\" rel=\"external noopener nofollow\" title=\"Share via Email\" target=\"_blank\" class=\"email-share-btn \" data-raw=\"mailto:?subject={post_title}&amp;body={post_link}\"><span class=\"screen-reader-text\">Share via Email<\/span><\/a><a href=\"https:\/\/infotulcea.ro\/cate-cabinete-stomatologice-are-judetul-tulcea-si-cate-isi-spun-preturile\/\" rel=\"external noopener nofollow\" title=\"Print\" target=\"_blank\" class=\"print-share-btn \" data-raw=\"#\"><span class=\"screen-reader-text\">Print<\/span><\/a><\/div>\n<\/div>\n<\/article>\n<div class=\"post-components\">\n<div id=\"related-posts\" class=\"container-wrapper has-extra-post\">\n<div class=\"mag-box-title the-global-title\">\n<h3>Related Articles<\/h3>\n<\/div>\n<div class=\"related-posts-list\">\n<div class=\"related-item tie-standard\"><a aria-label=\"Fostul subprefect Carmen Caloianu e de azi director DSP Tulcea\" href=\"https:\/\/infotulcea.ro\/fostul-subprefect-carmen-caloianu-e-de-azi-director-dsp-tulcea\/\" class=\"post-thumb\"><img loading=\"lazy\" decoding=\"async\" width=\"390\" height=\"220\" src=\"https:\/\/infotulcea.ro\/wp-content\/uploads\/2021\/03\/carmen-caloianu-390x220.jpg\" class=\"attachment-jannah-image-large size-jannah-image-large wp-post-image lazyload\" alt><img loading=\"lazy\" decoding=\"async\" width=\"390\" height=\"220\" src=\"https:\/\/infotulcea.ro\/wp-content\/uploads\/2021\/03\/carmen-caloianu-390x220.jpg\" class=\"attachment-jannah-image-large size-jannah-image-large wp-post-image\" alt><\/a><\/p>\n<h3 class=\"post-title\"><a href=\"https:\/\/infotulcea.ro\/fostul-subprefect-carmen-caloianu-e-de-azi-director-dsp-tulcea\/\">Fostul subprefect Carmen Caloianu e de azi director DSP Tulcea<\/a><\/h3>\n<div class=\"post-meta clearfix\"><span class=\"date meta-item tie-icon\">25 martie 2022<\/span><\/div>\n<\/div>\n<div class=\"related-item tie-standard\"><a aria-label=\"Pre\u0219edintele Casei Na\u021bionale de Asigur\u0103ri de S\u0103n\u0103tate prezent\u0103 la Zilele Medicale Tulcene\" href=\"https:\/\/infotulcea.ro\/presedintele-casei-nationale-de-asigurari-de-sanatate-prezenta-la-zilele-medicale-tulcene\/\" class=\"post-thumb\"><source sizes=\"(max-width: 390px) 100vw, 390px\" type=\"image\/webp\" data-srcset=\"https:\/\/infotulcea.ro\/wp-content\/uploads\/2024\/05\/presedinta-390x220.jpg.webp 390w, https:\/\/infotulcea.ro\/wp-content\/uploads\/2024\/05\/presedinta-500x281.jpg.webp 500w, https:\/\/infotulcea.ro\/wp-content\/uploads\/2024\/05\/presedinta-1024x575.jpg.webp 1024w, https:\/\/infotulcea.ro\/wp-content\/uploads\/2024\/05\/presedinta-768x431.jpg.webp 768w, https:\/\/infotulcea.ro\/wp-content\/uploads\/2024\/05\/presedinta.jpg.webp 1080w\" \/><img loading=\"lazy\" decoding=\"async\" width=\"390\" height=\"220\" src=\"https:\/\/infotulcea.ro\/wp-content\/uploads\/2024\/05\/presedinta-390x220.jpg\" class=\"attachment-jannah-image-large size-jannah-image-large wp-post-image\" alt><\/a><\/p>\n<h3 class=\"post-title\"><a href=\"https:\/\/infotulcea.ro\/presedintele-casei-nationale-de-asigurari-de-sanatate-prezenta-la-zilele-medicale-tulcene\/\">Pre\u0219edintele Casei Na\u021bionale de Asigur\u0103ri de S\u0103n\u0103tate prezent\u0103 la Zilele Medicale Tulcene<\/a><\/h3>\n<div class=\"post-meta clearfix\"><span class=\"date meta-item tie-icon\">24 mai 2024<\/span><\/div>\n<\/div>\n<div class=\"related-item tie-standard\"><a aria-label=\"Tulceni uci\u015fi de \u201eValul 4\u201d: Statistica sumbr\u0103 a deceselor din Spitalul Tulcea!\" href=\"https:\/\/infotulcea.ro\/tulceni-ucisi-de-valul-4-statistica-sumbra-a-deceselor-din-spitalul-tulcea\/\" class=\"post-thumb\"><img loading=\"lazy\" decoding=\"async\" width=\"390\" height=\"220\" src=\"https:\/\/infotulcea.ro\/wp-content\/uploads\/2021\/10\/mort-covid-390x220.jpg\" class=\"attachment-jannah-image-large size-jannah-image-large wp-post-image lazyload\" alt data-max-width=\"390\"><img loading=\"lazy\" decoding=\"async\" width=\"390\" height=\"220\" src=\"https:\/\/infotulcea.ro\/wp-content\/uploads\/2021\/10\/mort-covid-390x220.jpg\" class=\"attachment-jannah-image-large size-jannah-image-large wp-post-image\" alt><\/a><\/p>\n<h3 class=\"post-title\"><a href=\"https:\/\/infotulcea.ro\/tulceni-ucisi-de-valul-4-statistica-sumbra-a-deceselor-din-spitalul-tulcea\/\">Tulceni uci\u015fi de \u201eValul 4\u201d: Statistica sumbr\u0103 a deceselor din Spitalul Tulcea!<\/a><\/h3>\n<div class=\"post-meta clearfix\"><span class=\"date meta-item tie-icon\">19 octombrie 2021<\/span><\/div>\n<\/div>\n<div class=\"related-item tie-standard\"><a aria-label=\"Vin s\u0103rb\u0103torile: \u021aine la distan\u021b\u0103 toxiinfec\u021bia alimentar\u0103!\" href=\"https:\/\/infotulcea.ro\/vin-sarbatorile-tine-la-distanta-toxiinfectia-alimentara\/\" class=\"post-thumb\"><source type=\"image\/webp\" data-srcset=\"https:\/\/infotulcea.ro\/wp-content\/uploads\/2024\/04\/stomacul-390x220.jpg.webp\" \/><img loading=\"lazy\" decoding=\"async\" width=\"390\" height=\"220\" src=\"https:\/\/infotulcea.ro\/wp-content\/uploads\/2024\/04\/stomacul-390x220.jpg\" class=\"attachment-jannah-image-large size-jannah-image-large wp-post-image\" alt><\/a><\/p>\n<h3 class=\"post-title\"><a href=\"https:\/\/infotulcea.ro\/vin-sarbatorile-tine-la-distanta-toxiinfectia-alimentara\/\">Vin s\u0103rb\u0103torile: \u021aine la distan\u021b\u0103 toxiinfec\u021bia alimentar\u0103!<\/a><\/h3>\n<div class=\"post-meta clearfix\"><span class=\"date meta-item tie-icon\">29 aprilie 2024<\/span><\/div>\n<\/div>\n<\/div>\n<\/div>\n<div id=\"comments\" class=\"comments-area\">\n<div id=\"add-comment-block\" class=\"container-wrapper\">\n<div id=\"respond\" class=\"comment-respond\">\n<h3 id=\"reply-title\" class=\"comment-reply-title the-global-title\">Las\u0103 un r\u0103spuns <small><a rel=\"nofollow\" id=\"cancel-comment-reply-link\" href=\"https:\/\/infotulcea.ro\/cate-cabinete-stomatologice-are-judetul-tulcea-si-cate-isi-spun-preturile\/#respond\">Anuleaz\u0103 r\u0103spunsul<\/a><\/small><\/h3>\n<p class=\"comment-notes\"><span id=\"email-notes\">Adresa ta de email nu va fi publicat\u0103.<\/span><span class=\"required-field-message\">C\u00e2mpurile obligatorii sunt marcate cu <span class=\"required\">*<\/span><\/span><\/p>\n<\/div>\n<\/div>\n<\/div>\n<\/div>\n<\/div>\n<div id=\"check-also-box\" class=\"container-wrapper check-also-right\">\n<div class=\"widget-title the-global-title\">\n<div class=\"the-subtitle\">Check Also<\/div>\n<p><a href=\"https:\/\/infotulcea.ro\/cate-cabinete-stomatologice-are-judetul-tulcea-si-cate-isi-spun-preturile\/\" id=\"check-also-close\" class=\"remove\"><span class=\"screen-reader-text\">Close<\/span><\/a><\/div>\n<div class=\"widget posts-list-big-first has-first-big-post\">\n<ul class=\"posts-list-items\">\n<li class=\"widget-single-post-item widget-post-list tie-standard\">\n<div class=\"post-widget-thumbnail\"><a aria-label=\"UPU de la Spitalul Jude\u021bean Tulcea din nou f\u0103r\u0103 medic pediatru\" href=\"https:\/\/infotulcea.ro\/upu-de-la-spitalul-judetean-tulcea-din-nou-fara-medic-pediatru\/\" class=\"post-thumb\"><span class=\"post-cat-wrap\"><span class=\"post-cat tie-cat-49\">S\u0103n\u0103tate<\/span><\/span><source type=\"image\/webp\" data-srcset=\"https:\/\/infotulcea.ro\/wp-content\/uploads\/2022\/11\/pediatrie-390x220.jpg.webp\" \/><img loading=\"lazy\" decoding=\"async\" width=\"390\" height=\"220\" src=\"https:\/\/infotulcea.ro\/wp-content\/uploads\/2022\/11\/pediatrie-390x220.jpg\" class=\"attachment-jannah-image-large size-jannah-image-large wp-post-image\" alt><\/a><\/div>\n<div class=\"post-widget-body \"><a class=\"post-title the-subtitle\" href=\"https:\/\/infotulcea.ro\/upu-de-la-spitalul-judetean-tulcea-din-nou-fara-medic-pediatru\/\">UPU de la Spitalul Jude\u021bean Tulcea din nou f\u0103r\u0103 medic pediatru<\/a><\/p>\n<div class=\"post-meta\"><span class=\"date meta-item tie-icon\">24 noiembrie 2022<\/span><\/div>\n<\/div>\n<\/li>\n<\/ul>\n<\/div>\n<\/div>\n<aside class=\"sidebar tie-col-md-4 tie-col-xs-12 normal-side is-sticky\" aria-label=\"Primary Sidebar\">\n<div class=\"theiaStickySidebar\">\n<div id=\"media_image-19\" class=\"container-wrapper widget widget_media_image\"><a href=\"https:\/\/infotulcea.ro\/delta-dunarii-mai-accesibila-navrom-delta-creste-numarul-curselor-regulate-de-la-1-mai-2025\/\"><source sizes=\"(max-width: 500px) 100vw, 500px\" type=\"image\/webp\" data-srcset=\"https:\/\/infotulcea.ro\/wp-content\/uploads\/2025\/04\/navrom-delta-500x271.jpg.webp 500w, https:\/\/infotulcea.ro\/wp-content\/uploads\/2025\/04\/navrom-delta-1024x555.jpg.webp 1024w, https:\/\/infotulcea.ro\/wp-content\/uploads\/2025\/04\/navrom-delta-768x416.jpg.webp 768w, https:\/\/infotulcea.ro\/wp-content\/uploads\/2025\/04\/navrom-delta.jpg.webp 1080w\" \/><img loading=\"lazy\" decoding=\"async\" width=\"500\" height=\"271\" src=\"https:\/\/infotulcea.ro\/wp-content\/uploads\/2025\/04\/navrom-delta-500x271.jpg\" class=\"image wp-image-34487  attachment-medium size-medium\" alt><\/a><\/div>\n<div id=\"media_image-17\" class=\"container-wrapper widget widget_media_image\"><a href=\"https:\/\/www.facebook.com\/share\/p\/1DGAD1tLWN\/?mibextid=wwXIfr\" target=\"_blank\"><source sizes=\"(max-width: 500px) 100vw, 500px\" type=\"image\/webp\" data-srcset=\"https:\/\/infotulcea.ro\/wp-content\/uploads\/2026\/01\/IMG_1563-500x500.jpeg.webp 500w, https:\/\/infotulcea.ro\/wp-content\/uploads\/2026\/01\/IMG_1563-1024x1024.jpeg.webp 1024w, https:\/\/infotulcea.ro\/wp-content\/uploads\/2026\/01\/IMG_1563-250x250.jpeg.webp 250w, https:\/\/infotulcea.ro\/wp-content\/uploads\/2026\/01\/IMG_1563-768x768.jpeg.webp 768w, https:\/\/infotulcea.ro\/wp-content\/uploads\/2026\/01\/IMG_1563.jpeg.webp 1080w\" \/><img loading=\"lazy\" decoding=\"async\" width=\"500\" height=\"500\" src=\"https:\/\/infotulcea.ro\/wp-content\/uploads\/2026\/01\/IMG_1563-500x500.jpeg\" class=\"image wp-image-37932  attachment-medium size-medium\" alt title=\"Centrale pe lemne\"><\/a><\/div>\n<div id=\"media_image-18\" class=\"container-wrapper widget widget_media_image\"><a href=\"https:\/\/www.licitatia.ro\/site\/index-guest\"><img loading=\"lazy\" decoding=\"async\" width=\"500\" height=\"262\" src=\"https:\/\/infotulcea.ro\/wp-content\/uploads\/2025\/09\/licitatia-500x262.png\" class=\"image wp-image-36670  attachment-medium size-medium lazyload\" alt data-max-width=\"500\"><img loading=\"lazy\" decoding=\"async\" width=\"500\" height=\"262\" src=\"https:\/\/infotulcea.ro\/wp-content\/uploads\/2025\/09\/licitatia-500x262.png\" class=\"image wp-image-36670  attachment-medium size-medium\" alt><\/a><\/div>\n<div id=\"media_image-27\" class=\"container-wrapper widget widget_media_image\"><a href=\"https:\/\/www.centrale-lemne-liepsnele.ro\/\"><img loading=\"lazy\" decoding=\"async\" width=\"500\" height=\"500\" src=\"https:\/\/infotulcea.ro\/wp-content\/uploads\/2025\/09\/Centrale-pe-Lemne-Liepsnele-500x500.png\" class=\"image wp-image-36541  attachment-medium size-medium lazyload\" alt=\"Centrala pe lemne\" data-max-width=\"500\"><img loading=\"lazy\" decoding=\"async\" width=\"500\" height=\"500\" src=\"https:\/\/infotulcea.ro\/wp-content\/uploads\/2025\/09\/Centrale-pe-Lemne-Liepsnele-500x500.png\" class=\"image wp-image-36541  attachment-medium size-medium\" alt=\"Centrala pe lemne\"><\/a><\/div>\n<div id=\"media_image-28\" class=\"container-wrapper widget widget_media_image\"><a href=\"https:\/\/infotulcea.ro\/angajeaza-te-ro-platforma-ta-online-de-angajari-si-forta-de-munca\/\"><source sizes=\"(max-width: 500px) 100vw, 500px\" type=\"image\/webp\" data-srcset=\"https:\/\/infotulcea.ro\/wp-content\/uploads\/2025\/04\/banner-angajazate-1-500x305.jpg.webp 500w, https:\/\/infotulcea.ro\/wp-content\/uploads\/2025\/04\/banner-angajazate-1-1024x625.jpg.webp 1024w, https:\/\/infotulcea.ro\/wp-content\/uploads\/2025\/04\/banner-angajazate-1-768x469.jpg.webp 768w, https:\/\/infotulcea.ro\/wp-content\/uploads\/2025\/04\/banner-angajazate-1.jpg.webp 1080w\" \/><img loading=\"lazy\" decoding=\"async\" width=\"500\" height=\"305\" src=\"https:\/\/infotulcea.ro\/wp-content\/uploads\/2025\/04\/banner-angajazate-1-500x305.jpg\" class=\"image wp-image-34317  attachment-medium size-medium\" alt><\/a><\/div>\n<\/div>\n<\/aside>\n<\/div>\n<\/div>\n<div class=\"entry-content entry clearfix\">\n<p><strong>Jude\u021bul Tulcea intr\u0103 pe DentalMap cu\u00a078 de cabinete stomatologice. 41 sunt \u00een re\u0219edin\u021ba de jude\u021b, Tulcea. Celelalte 37 sunt \u00een restul localit\u0103\u021bilor. La 28 dintre ele localitatea nu e completat\u0103 \u00een surs\u0103, a\u0219a c\u0103 apar doar la nivel<img loading=\"lazy\" decoding=\"async\" class=\"wp-image-40453 alignright lazyload\" src=\"https:\/\/infotulcea.ro\/wp-content\/uploads\/2026\/08\/ChatGPT-Image-22-aug.-2026-13_16_03-500x333.png\" alt width=\"477\" height=\"318\" data-max-width=\"477\"><\/strong><\/p>\n<p><img loading=\"lazy\" decoding=\"async\" class=\" wp-image-40453 alignright\" src=\"https:\/\/infotulcea.ro\/wp-content\/uploads\/2026\/08\/ChatGPT-Image-22-aug.-2026-13_16_03-500x333.png\" alt width=\"477\" height=\"318\"> de jude\u021b.<\/p>\n<p><strong>28 de cabinete lucreaz\u0103 cu CNAS<\/strong>, adic\u0103 au contract cu Casa de Asigur\u0103ri de S\u0103n\u0103tate \u0219i pot deconta o parte din tratamentele de baz\u0103. Marcajul vine din lista oficial\u0103 CAS Tulcea.<\/p>\n<p>Pre\u021burile publicate de clinicile din jude\u021b dau un reper \u00eenainte de programare: mediana la detartraj \u0219i igienizare e 280 lei, la implant dentar 2.850 lei, la coroan\u0103 dentar\u0103 1.550 lei, la consulta\u021bie stomatologic\u0103 180 lei. Sunt calculate din tarifele afi\u0219ate de 12 cabinete (997 de tarife \u00een total) \u0219i r\u0103m\u00e2n orientative, a\u0219a c\u0103 merit\u0103 confirmate la telefon.<\/p>\n<p>Cabinetele se str\u00e2ng mai ales \u00een\u00a0<a href=\"https:\/\/dentalmap.ro\/dentist-tulcea\">Tulcea<\/a>\u00a0cu 41 de cabinete,\u00a0<a href=\"https:\/\/dentalmap.ro\/harta?county=tulcea&amp;city=M%C4%83cin\">M\u0103cin<\/a>\u00a0cu 2 cabinete,\u00a0<a href=\"https:\/\/dentalmap.ro\/harta?county=tulcea&amp;city=Babadag\">Babadag<\/a>\u00a0cu 1 cabinete,\u00a0<a href=\"https:\/\/dentalmap.ro\/harta?county=tulcea&amp;city=Be%C8%99tepe\">Be\u0219tepe<\/a>\u00a0cu 1 cabinete,\u00a0<a href=\"https:\/\/dentalmap.ro\/harta?county=tulcea&amp;city=Horia\">Horia<\/a>\u00a0cu 1 cabinete. \u00cen total, jude\u021bul are cabinete \u00een 9 localit\u0103\u021bi.<\/p>\n<p>Cele 39 de cabinete cu recenzii Google adun\u0103 1.702 recenzii, cu o not\u0103 medie de 4,64. Le po\u021bi sorta dup\u0103 not\u0103 sau dup\u0103 num\u0103rul de recenzii.<\/p>\n<\/div>\n<div class=\"articleBody\" data-key=\"articleBody\">Jude\u021bul Tulcea intr\u0103 pe DentalMap cu\u00a078 de cabinete stomatologice. 41 sunt \u00een re\u0219edin\u021ba de jude\u021b, Tulcea. Celelalte 37 sunt \u00een restul localit\u0103\u021bilor. La 28 dintre ele localitatea nu e completat\u0103 \u00een surs\u0103, a\u0219a c\u0103 apar doar la nivel de jude\u021b.<\/p>\n<p>28 de cabinete lucreaz\u0103 cu CNAS, adic\u0103 au contract cu Casa de Asigur\u0103ri de S\u0103n\u0103tate \u0219i pot deconta o parte din tratamentele de baz\u0103. Marcajul vine din lista oficial\u0103 CAS Tulcea.<\/p>\n<p>Pre\u021burile publicate de clinicile din jude\u021b dau un reper \u00eenainte de programare: mediana la detartraj \u0219i igienizare e 280 lei, la implant dentar 2.850 lei, la coroan\u0103 dentar\u0103 1.550 lei, la consulta\u021bie stomatologic\u0103 180 lei. Sunt calculate din tarifele afi\u0219ate de 12 cabinete (997 de tarife \u00een total) \u0219i r\u0103m\u00e2n orientative, a\u0219a c\u0103 merit\u0103 confirmate la telefon.<\/p>\n<p>Cabinetele se str\u00e2ng mai ales \u00een\u00a0Tulcea\u00a0cu 41 de cabinete,\u00a0M\u0103cin\u00a0cu 2 cabinete,\u00a0Babadag\u00a0cu 1 cabinete,\u00a0Be\u0219tepe\u00a0cu 1 cabinete,\u00a0Horia\u00a0cu 1 cabinete. \u00cen total, jude\u021bul are cabinete \u00een 9 localit\u0103\u021bi.<\/p>\n<p>Cele 39 de cabinete cu recenzii Google adun\u0103 1.702 recenzii, cu o not\u0103 medie de 4,64. Le po\u021bi sorta dup\u0103 not\u0103 sau dup\u0103 num\u0103rul de recenzii.<\/p><\/div>\n<p>[analyse_source url=&#8221;https:\/\/infotulcea.ro\/cate-cabinete-stomatologice-are-judetul-tulcea-si-cate-isi-spun-preturile\/&#8221;]<\/p>\n","protected":false},"excerpt":{"rendered":"<p>[analyse_image type=&#8221;featured&#8221; src=&#8221;https:\/\/infotulcea.ro\/wp-content\/uploads\/2026\/08\/ChatGPT-Image-22-aug.-2026-13_16_03.pnghttps:\/\/infotulcea.ro\/wp-content\/uploads\/2026\/08\/ChatGPT-Image-22-aug.-2026-13_16_03.png&#8221;] Home\/S\u0103n\u0103tate\/C\u00e2te cabinete stomatologice are jude\u021bul Tulcea \u0219i c\u00e2te \u00ee\u0219i spun pre\u021burile S\u0103n\u0103tate C\u00e2te cabinete stomatologice are jude\u021bul Tulcea \u0219i c\u00e2te \u00ee\u0219i spun pre\u021burile Redactia22 august 2026 0 251 1 minute read Jude\u021bul Tulcea intr\u0103 pe DentalMap cu\u00a078 de cabinete stomatologice. 41 sunt \u00een re\u0219edin\u021ba de jude\u021b, Tulcea. Celelalte 37 sunt \u00een restul [&hellip;]<\/p>\n","protected":false},"author":1,"featured_media":0,"comment_status":"open","ping_status":"","sticky":false,"template":"","format":"standard","meta":{"footnotes":""},"categories":[89],"tags":[226,221],"class_list":["post-2107354","post","type-post","status-publish","format-standard","hentry","category-romania","tag-crawlmanager","tag-infotulcea-ro"],"_links":{"self":[{"href":"https:\/\/analyse.optim.biz\/index.php?rest_route=\/wp\/v2\/posts\/2107354","targetHints":{"allow":["GET"]}}],"collection":[{"href":"https:\/\/analyse.optim.biz\/index.php?rest_route=\/wp\/v2\/posts"}],"about":[{"href":"https:\/\/analyse.optim.biz\/index.php?rest_route=\/wp\/v2\/types\/post"}],"author":[{"embeddable":true,"href":"https:\/\/analyse.optim.biz\/index.php?rest_route=\/wp\/v2\/users\/1"}],"replies":[{"embeddable":true,"href":"https:\/\/analyse.optim.biz\/index.php?rest_route=%2Fwp%2Fv2%2Fcomments&post=2107354"}],"version-history":[{"count":0,"href":"https:\/\/analyse.optim.biz\/index.php?rest_route=\/wp\/v2\/posts\/2107354\/revisions"}],"wp:attachment":[{"href":"https:\/\/analyse.optim.biz\/index.php?rest_route=%2Fwp%2Fv2%2Fmedia&parent=2107354"}],"wp:term":[{"taxonomy":"category","embeddable":true,"href":"https:\/\/analyse.optim.biz\/index.php?rest_route=%2Fwp%2Fv2%2Fcategories&post=2107354"},{"taxonomy":"post_tag","embeddable":true,"href":"https:\/\/analyse.optim.biz\/index.php?rest_route=%2Fwp%2Fv2%2Ftags&post=2107354"}],"curies":[{"name":"wp","href":"https:\/\/api.w.org\/{rel}","templated":true}]}}