{"id":2107299,"date":"2026-08-22T03:28:27","date_gmt":"2026-08-22T00:28:27","guid":{"rendered":"https:\/\/analyse.optim.biz\/?p=2107299"},"modified":"2026-08-22T03:28:27","modified_gmt":"2026-08-22T00:28:27","slug":"in-seara-asta-parcul-tineretului-are-soundtrack-de-legenda","status":"publish","type":"post","link":"https:\/\/analyse.optim.biz\/?p=2107299","title":{"rendered":"\u00cen seara asta, Parcul Tineretului are soundtrack de legend\u0103"},"content":{"rendered":"<p>[analyse_image type=&#8221;featured&#8221; src=&#8221;https:\/\/buzaumedia.ro\/wp-content\/uploads\/2026\/08\/780127787_1676092897854649_3455779483092942037_n.jpghttps:\/\/buzaumedia.ro\/wp-content\/uploads\/2026\/08\/780127787_1676092897854649_3455779483092942037_n.jpg&#8221;]<\/p>\n<div class=\"entry-content rbct clearfix is-highlight-shares\">\n<p>De la \ud835\udfd0\ud835\udfce:\ud835\udfce\ud835\udfce, v\u0103 invit\u0103m s\u0103-l cunoa\u0219te\u021bi pe \ud835\udc01\ud835\udc28\ud835\udc1b \ud835\udc03\ud835\udc32\ud835\udc25\ud835\udc1a\ud835\udc27 \u00een filmul<br \/>\n\u201e\ud835\udc00 \ud835\udc02\ud835\udc28\ud835\udc26\ud835\udc29\ud835\udc25\ud835\udc1e\ud835\udc2d\ud835\udc1e \ud835\udc14\ud835\udc27\ud835\udc24\ud835\udc27\ud835\udc28\ud835\udc30\ud835\udc27\u201d, povestea \u00eenceputurilor unui artist<br \/>\ncare avea s\u0103 schimbe muzica pentru totdeauna.<br \/>\nO sear\u0103 de film, muzic\u0103 \u0219i vibe de festival.<br \/>\n\ud835\udc0f\ud835\udc1a\ud835\udc2b\ud835\udc1c\ud835\udc2e\ud835\udc25 \ud835\udc13\ud835\udc22\ud835\udc27\ud835\udc1e\ud835\udc2b\ud835\udc1e\ud835\udc2d\ud835\udc2e\ud835\udc25\ud835\udc2e\ud835\udc22, ora 20.00<br \/>\n\ud835\udc00\ud835\udc1c\ud835\udc1c\ud835\udc1e\ud835\udc2c \ud835\udc20\ud835\udc2b\ud835\udc1a\ud835\udc2d\ud835\udc2e\ud835\udc22\ud835\udc2d<\/p>\n<div id=\"gallery-1\" class=\"gallery galleryid-189282 gallery-columns-3 gallery-size-thumbnail\">\n<figure class=\"gallery-item\">\n<div class=\"gallery-icon portrait\"><a href=\"https:\/\/buzaumedia.ro\/stiri-buzau\/in-seara-asta-parcul-tineretului-are-soundtrack-de-legenda\/attachment\/780127787_1676092897854649_3455779483092942037_n\/\"><img loading=\"lazy\" decoding=\"async\" width=\"96\" height=\"96\" src=\"https:\/\/buzaumedia.ro\/wp-content\/uploads\/2026\/08\/780127787_1676092897854649_3455779483092942037_n.jpg\" class=\"attachment-thumbnail size-thumbnail\" alt><\/a><\/div>\n<\/figure>\n<\/div>\n<\/div>\n<p>[analyse_source url=&#8221;https:\/\/buzaumedia.ro\/stiri-buzau\/in-seara-asta-parcul-tineretului-are-soundtrack-de-legenda\/&#8221;]<\/p>\n","protected":false},"excerpt":{"rendered":"<p>[analyse_image type=&#8221;featured&#8221; src=&#8221;https:\/\/buzaumedia.ro\/wp-content\/uploads\/2026\/08\/780127787_1676092897854649_3455779483092942037_n.jpghttps:\/\/buzaumedia.ro\/wp-content\/uploads\/2026\/08\/780127787_1676092897854649_3455779483092942037_n.jpg&#8221;] De la \ud835\udfd0\ud835\udfce:\ud835\udfce\ud835\udfce, v\u0103 invit\u0103m s\u0103-l cunoa\u0219te\u021bi pe \ud835\udc01\ud835\udc28\ud835\udc1b \ud835\udc03\ud835\udc32\ud835\udc25\ud835\udc1a\ud835\udc27 \u00een filmul \u201e\ud835\udc00 \ud835\udc02\ud835\udc28\ud835\udc26\ud835\udc29\ud835\udc25\ud835\udc1e\ud835\udc2d\ud835\udc1e \ud835\udc14\ud835\udc27\ud835\udc24\ud835\udc27\ud835\udc28\ud835\udc30\ud835\udc27\u201d, povestea \u00eenceputurilor unui artist care avea s\u0103 schimbe muzica pentru totdeauna. O sear\u0103 de film, muzic\u0103 \u0219i vibe de festival. \ud835\udc0f\ud835\udc1a\ud835\udc2b\ud835\udc1c\ud835\udc2e\ud835\udc25 \ud835\udc13\ud835\udc22\ud835\udc27\ud835\udc1e\ud835\udc2b\ud835\udc1e\ud835\udc2d\ud835\udc2e\ud835\udc25\ud835\udc2e\ud835\udc22, ora 20.00 \ud835\udc00\ud835\udc1c\ud835\udc1c\ud835\udc1e\ud835\udc2c \ud835\udc20\ud835\udc2b\ud835\udc1a\ud835\udc2d\ud835\udc2e\ud835\udc22\ud835\udc2d [analyse_source url=&#8221;https:\/\/buzaumedia.ro\/stiri-buzau\/in-seara-asta-parcul-tineretului-are-soundtrack-de-legenda\/&#8221;]<\/p>\n","protected":false},"author":1,"featured_media":0,"comment_status":"open","ping_status":"","sticky":false,"template":"","format":"standard","meta":{"footnotes":""},"categories":[2],"tags":[66,226],"class_list":["post-2107299","post","type-post","status-publish","format-standard","hentry","category-politics","tag-buzaumedia-ro","tag-crawlmanager"],"_links":{"self":[{"href":"https:\/\/analyse.optim.biz\/index.php?rest_route=\/wp\/v2\/posts\/2107299","targetHints":{"allow":["GET"]}}],"collection":[{"href":"https:\/\/analyse.optim.biz\/index.php?rest_route=\/wp\/v2\/posts"}],"about":[{"href":"https:\/\/analyse.optim.biz\/index.php?rest_route=\/wp\/v2\/types\/post"}],"author":[{"embeddable":true,"href":"https:\/\/analyse.optim.biz\/index.php?rest_route=\/wp\/v2\/users\/1"}],"replies":[{"embeddable":true,"href":"https:\/\/analyse.optim.biz\/index.php?rest_route=%2Fwp%2Fv2%2Fcomments&post=2107299"}],"version-history":[{"count":0,"href":"https:\/\/analyse.optim.biz\/index.php?rest_route=\/wp\/v2\/posts\/2107299\/revisions"}],"wp:attachment":[{"href":"https:\/\/analyse.optim.biz\/index.php?rest_route=%2Fwp%2Fv2%2Fmedia&parent=2107299"}],"wp:term":[{"taxonomy":"category","embeddable":true,"href":"https:\/\/analyse.optim.biz\/index.php?rest_route=%2Fwp%2Fv2%2Fcategories&post=2107299"},{"taxonomy":"post_tag","embeddable":true,"href":"https:\/\/analyse.optim.biz\/index.php?rest_route=%2Fwp%2Fv2%2Ftags&post=2107299"}],"curies":[{"name":"wp","href":"https:\/\/api.w.org\/{rel}","templated":true}]}}