{"id":2107250,"date":"2026-08-22T09:37:43","date_gmt":"2026-08-22T06:37:43","guid":{"rendered":"https:\/\/analyse.optim.biz\/?p=2107250"},"modified":"2026-08-22T09:37:43","modified_gmt":"2026-08-22T06:37:43","slug":"pompieri-aradeni-in-lupta-cu-incendiile-din-serbia-video","status":"publish","type":"post","link":"https:\/\/analyse.optim.biz\/?p=2107250","title":{"rendered":"Pompieri ar\u0103deni \u00een lupt\u0103 cu incendiile din Serbia (video)"},"content":{"rendered":"<p>[analyse_image type=&#8221;featured&#8221; src=&#8221;https:\/\/renasterea.ro\/ro\/wp-content\/uploads\/2026\/08\/pompieri-aradeni-serbia.jpghttps:\/\/renasterea.ro\/ro\/wp-content\/uploads\/2026\/08\/pompieri-aradeni-serbia.jpg&#8221;]<\/p>\n<div class=\"entry-content\"><img loading=\"lazy\" decoding=\"async\" width=\"786\" height=\"460\" src=\"https:\/\/renasterea.ro\/ro\/wp-content\/uploads\/2026\/08\/pompieri-aradeni-serbia-786x460.jpg\" class=\"attachment-medium size-medium wp-post-image\" alt=\"Pompieri ar\u0103deni \u00een lupt\u0103 cu incendiile din Serbia (video)\" title=\"Pompieri ar\u0103deni \u00een lupt\u0103 cu incendiile din Serbia (video) 1\"><\/p>\n<h4>Mai mul\u021bi pompieri militari ar\u0103deni au plecat, s\u00e2mb\u0103t\u0103 diminea\u021b\u0103, \u00een misiune \u00een Serbia, pentru a sprijini ac\u021biunile de stingere a incendiilor de vegeta\u021bie uscat\u0103.<\/h4>\n<p>\u00cen contextul incendiilor de vegeta\u021bie uscat\u0103 \u0219i p\u0103dure care afecteaz\u0103 Republica Serbia, autorit\u0103\u021bile s\u00e2rbe au solicitat sprijin prin Mecanismul de Protec\u021bie Civil\u0103 al Uniunii Europene.<\/p>\n<p>Ca urmare a acestei solicit\u0103ri, Rom\u00e2nia a mobilizat for\u021be \u0219i mijloace de interven\u021bie pentru a sprijini opera\u021biunile de stingere a incendiilor din zona Deliblato Sands.<\/p>\n<p>ISU Arad particip\u0103 la aceast\u0103 misiune cu dou\u0103 autospeciale de stingere \u0219i zece cadre, care fac parte din modulul rom\u00e2nesc RO GFFF-V, specializat \u00een interven\u021bia pentru gestionarea incendiilor de vegeta\u021bie \u0219i p\u0103dure.<\/p>\n<p>Misiunea se va desf\u0103\u0219ura pe o perioad\u0103 de zece zile, timp \u00een care pompierii ar\u0103deni vor ac\u021biona al\u0103turi de celelalte for\u021be de interven\u021bie mobilizate pentru limitarea \u0219i lichidarea focarelor, precum \u0219i pentru prevenirea extinderii incendiilor.<\/p>\n<p>\u201eLe dorim colegilor no\u0219tri mult succes \u00een misiune, putere de munc\u0103 \u0219i, mai presus de toate, s\u0103 se \u00eentoarc\u0103 cu bine acas\u0103! Suntem al\u0103turi de voi!\u201d \u2013 ISU Timi\u0219.<\/p>\n<iframe loading=\"lazy\" title=\"22 august 2026\" width=\"640\" height=\"360\" src=\"https:\/\/www.youtube.com\/embed\/FEo1F6rU1V8?feature=oembed\" frameborder allow=\"accelerometer; autoplay; clipboard-write; encrypted-media; gyroscope; picture-in-picture; web-share\" referrerpolicy=\"strict-origin-when-cross-origin\" allowfullscreen><\/iframe>\n<\/div>\n<p>[analyse_source url=&#8221;https:\/\/renasterea.ro\/pompieri-aradeni-in-lupta-cu-incendiile-din-serbia-video\/&#8221;]<\/p>\n","protected":false},"excerpt":{"rendered":"<p>[analyse_image type=&#8221;featured&#8221; src=&#8221;https:\/\/renasterea.ro\/ro\/wp-content\/uploads\/2026\/08\/pompieri-aradeni-serbia.jpghttps:\/\/renasterea.ro\/ro\/wp-content\/uploads\/2026\/08\/pompieri-aradeni-serbia.jpg&#8221;] Mai mul\u021bi pompieri militari ar\u0103deni au plecat, s\u00e2mb\u0103t\u0103 diminea\u021b\u0103, \u00een misiune \u00een Serbia, pentru a sprijini ac\u021biunile de stingere a incendiilor de vegeta\u021bie uscat\u0103. \u00cen contextul incendiilor de vegeta\u021bie uscat\u0103 \u0219i p\u0103dure care afecteaz\u0103 Republica Serbia, autorit\u0103\u021bile s\u00e2rbe au solicitat sprijin prin Mecanismul de Protec\u021bie Civil\u0103 al Uniunii Europene. Ca urmare a [&hellip;]<\/p>\n","protected":false},"author":1,"featured_media":0,"comment_status":"open","ping_status":"","sticky":false,"template":"","format":"standard","meta":{"footnotes":""},"categories":[89],"tags":[226,188],"class_list":["post-2107250","post","type-post","status-publish","format-standard","hentry","category-romania","tag-crawlmanager","tag-renasterea-ro"],"_links":{"self":[{"href":"https:\/\/analyse.optim.biz\/index.php?rest_route=\/wp\/v2\/posts\/2107250","targetHints":{"allow":["GET"]}}],"collection":[{"href":"https:\/\/analyse.optim.biz\/index.php?rest_route=\/wp\/v2\/posts"}],"about":[{"href":"https:\/\/analyse.optim.biz\/index.php?rest_route=\/wp\/v2\/types\/post"}],"author":[{"embeddable":true,"href":"https:\/\/analyse.optim.biz\/index.php?rest_route=\/wp\/v2\/users\/1"}],"replies":[{"embeddable":true,"href":"https:\/\/analyse.optim.biz\/index.php?rest_route=%2Fwp%2Fv2%2Fcomments&post=2107250"}],"version-history":[{"count":0,"href":"https:\/\/analyse.optim.biz\/index.php?rest_route=\/wp\/v2\/posts\/2107250\/revisions"}],"wp:attachment":[{"href":"https:\/\/analyse.optim.biz\/index.php?rest_route=%2Fwp%2Fv2%2Fmedia&parent=2107250"}],"wp:term":[{"taxonomy":"category","embeddable":true,"href":"https:\/\/analyse.optim.biz\/index.php?rest_route=%2Fwp%2Fv2%2Fcategories&post=2107250"},{"taxonomy":"post_tag","embeddable":true,"href":"https:\/\/analyse.optim.biz\/index.php?rest_route=%2Fwp%2Fv2%2Ftags&post=2107250"}],"curies":[{"name":"wp","href":"https:\/\/api.w.org\/{rel}","templated":true}]}}