{"id":2107236,"date":"2026-08-21T14:34:16","date_gmt":"2026-08-21T11:34:16","guid":{"rendered":"https:\/\/analyse.optim.biz\/?p=2107236"},"modified":"2026-08-21T14:34:16","modified_gmt":"2026-08-21T11:34:16","slug":"la-multi-ani-ramnicu-sarat-la-multi-ani-ramniceni-de-aici-si-de-pretutindeni","status":"publish","type":"post","link":"https:\/\/analyse.optim.biz\/?p=2107236","title":{"rendered":"La mul\u021bi ani, R\u00e2mnicu S\u0103rat! La mul\u021bi ani, r\u00e2mniceni de aici \u0219i de pretutindeni!"},"content":{"rendered":"<p>[analyse_image type=&#8221;featured&#8221; src=&#8221;https:\/\/buzaumedia.ro\/wp-content\/uploads\/2026\/08\/783013781_1383298430610575_2442665399280839394_n.jpghttps:\/\/buzaumedia.ro\/wp-content\/uploads\/2026\/08\/783013781_1383298430610575_2442665399280839394_n.jpg&#8221;]<\/p>\n<div class=\"entry-content rbct clearfix is-highlight-shares\">\n<p>Sorin C\u00eerjan<\/p>\n<p>: Dragii mei r\u00e2mniceni,<br \/>\nV\u0103 invit s\u0103 l\u0103sa\u021bi deoparte toate grijile adunate \u0219i s\u0103 ne bucur\u0103m \u00eempreun\u0103<br \/>\nde s\u0103rb\u0103toarea ora\u0219ului nostru.<br \/>\nDup\u0103 zilele de rug\u0103ciune din weekendul trecut, dedicate cinstirii Maicii<br \/>\nDomnului, ocrotitoarea R\u00e2mnicului, vor urma trei zile \u00een care vom petrece<br \/>\ncu muzic\u0103 \u0219i dans \u00een Pia\u021beta Prim\u0103riei.<br \/>\nIndiferent de arti\u0219tii care vor urca pe scen\u0103, s\u0103 nu uit\u0103m c\u0103 atmosfera de<br \/>\ns\u0103rb\u0103toare o vom crea noi, r\u00e2mnicenii, prin bucuria \u0219i starea de bine pe<br \/>\ncare le vom aduce \u00een jurul acestui eveniment aniversar.<br \/>\nR\u00e2mnicul \u00eempline\u0219te 587 de ani de existen\u021b\u0103, iar acest moment trebuie<br \/>\nmarcat prin bucurie, lini\u0219te \u0219i pace \u00eentre noi.<br \/>\nLa mul\u021bi ani, R\u00e2mnicu S\u0103rat!<br \/>\nLa mul\u021bi ani, r\u00e2mniceni de aici \u0219i de pretutindeni!<\/p>\n<div id=\"gallery-1\" class=\"gallery galleryid-189271 gallery-columns-3 gallery-size-thumbnail\">\n<figure class=\"gallery-item\">\n<div class=\"gallery-icon portrait\"><a href=\"https:\/\/buzaumedia.ro\/stiri-buzau\/la-multi-ani-ramnicu-sarat-la-multi-ani-ramniceni-de-aici-si-de-pretutindeni\/attachment\/783013781_1383298430610575_2442665399280839394_n\/\"><img loading=\"lazy\" decoding=\"async\" width=\"68\" height=\"96\" src=\"https:\/\/buzaumedia.ro\/wp-content\/uploads\/2026\/08\/783013781_1383298430610575_2442665399280839394_n.jpg\" class=\"attachment-thumbnail size-thumbnail\" alt><\/a><\/div>\n<\/figure>\n<\/div>\n<\/div>\n<p>[analyse_source url=&#8221;https:\/\/buzaumedia.ro\/stiri-buzau\/la-multi-ani-ramnicu-sarat-la-multi-ani-ramniceni-de-aici-si-de-pretutindeni\/&#8221;]<\/p>\n","protected":false},"excerpt":{"rendered":"<p>[analyse_image type=&#8221;featured&#8221; src=&#8221;https:\/\/buzaumedia.ro\/wp-content\/uploads\/2026\/08\/783013781_1383298430610575_2442665399280839394_n.jpghttps:\/\/buzaumedia.ro\/wp-content\/uploads\/2026\/08\/783013781_1383298430610575_2442665399280839394_n.jpg&#8221;] Sorin C\u00eerjan : Dragii mei r\u00e2mniceni, V\u0103 invit s\u0103 l\u0103sa\u021bi deoparte toate grijile adunate \u0219i s\u0103 ne bucur\u0103m \u00eempreun\u0103 de s\u0103rb\u0103toarea ora\u0219ului nostru. Dup\u0103 zilele de rug\u0103ciune din weekendul trecut, dedicate cinstirii Maicii Domnului, ocrotitoarea R\u00e2mnicului, vor urma trei zile \u00een care vom petrece cu muzic\u0103 \u0219i dans \u00een Pia\u021beta Prim\u0103riei. Indiferent [&hellip;]<\/p>\n","protected":false},"author":1,"featured_media":0,"comment_status":"open","ping_status":"","sticky":false,"template":"","format":"standard","meta":{"footnotes":""},"categories":[2],"tags":[66,226],"class_list":["post-2107236","post","type-post","status-publish","format-standard","hentry","category-politics","tag-buzaumedia-ro","tag-crawlmanager"],"_links":{"self":[{"href":"https:\/\/analyse.optim.biz\/index.php?rest_route=\/wp\/v2\/posts\/2107236","targetHints":{"allow":["GET"]}}],"collection":[{"href":"https:\/\/analyse.optim.biz\/index.php?rest_route=\/wp\/v2\/posts"}],"about":[{"href":"https:\/\/analyse.optim.biz\/index.php?rest_route=\/wp\/v2\/types\/post"}],"author":[{"embeddable":true,"href":"https:\/\/analyse.optim.biz\/index.php?rest_route=\/wp\/v2\/users\/1"}],"replies":[{"embeddable":true,"href":"https:\/\/analyse.optim.biz\/index.php?rest_route=%2Fwp%2Fv2%2Fcomments&post=2107236"}],"version-history":[{"count":0,"href":"https:\/\/analyse.optim.biz\/index.php?rest_route=\/wp\/v2\/posts\/2107236\/revisions"}],"wp:attachment":[{"href":"https:\/\/analyse.optim.biz\/index.php?rest_route=%2Fwp%2Fv2%2Fmedia&parent=2107236"}],"wp:term":[{"taxonomy":"category","embeddable":true,"href":"https:\/\/analyse.optim.biz\/index.php?rest_route=%2Fwp%2Fv2%2Fcategories&post=2107236"},{"taxonomy":"post_tag","embeddable":true,"href":"https:\/\/analyse.optim.biz\/index.php?rest_route=%2Fwp%2Fv2%2Ftags&post=2107236"}],"curies":[{"name":"wp","href":"https:\/\/api.w.org\/{rel}","templated":true}]}}