{"id":210723,"date":"2014-03-01T13:20:09","date_gmt":"2014-03-01T10:20:09","guid":{"rendered":"https:\/\/analyse.optim.biz\/?p=210723"},"modified":"2014-03-01T13:20:09","modified_gmt":"2014-03-01T10:20:09","slug":"kelemen-hunor-daca-udmr-va-intra-la-guvernare-va-fi-un-lucru-bun-si-pentru-romania-nu-plecam-de-la-functii-ci-de-la-acord","status":"publish","type":"post","link":"https:\/\/analyse.optim.biz\/?p=210723","title":{"rendered":"Kelemen Hunor: Dac\u0103 UDMR va intra la guvernare va fi un lucru bun \u015fi pentru Rom\u00e2nia. Nu plec\u0103m de la func\u0163ii, ci de la acord"},"content":{"rendered":"<div class=\"entry data-app-meta data-app-meta-article\" data-embed-base-url-canonical=\"https:\/\/www.digi24.ro\/embed\/stiri\/actualitate\/politica\/kelemen-hunor-daca-udmr-va-intra-la-guvernare-va-fi-un-lucru-bun-si-pentru-romania-nu-plecam-de-la-functii-ci-de-la-acord-207859\">\n<p data-index=\"1\">\u00a0<img decoding=\"async\" src=\"https:\/\/analyse.optim.biz\/wp-content\/uploads\/2024\/09\/jmhhc2g9mmnjzdm5mje0zwjjnta1zme4nduxy2e4odyxztizywm-thumb_.jpg\" data-skip-htmlfix=\"1\" title=\"jmhhc2g9mmnjzdm5mje0zwjjnta1zme4nduxy2e4odyxztizywm-thumb_\"><\/p>\n<p data-index=\"2\"><strong>ACTUALIZARE 14.00.<\/strong> \u201eAst\u0103zi nu am luat nicio decizie. Func\u0163iile sunt necesare dar nu plec\u0103m de la func\u0163ii, plec\u0103m de la program, con\u0163inutul acordului. Am preg\u0103tit un document cu trei capitole importante, primul viz\u00e2nd drepturile minorit\u0103\u0163ilor na\u0163ionale \u015fi toat\u0103 problematica minorit\u0103\u0163ii maghiare, al doilea &#8211; problemele social \u2013 economice, al treilea &#8211; dezvoltarea regional\u0103, infrastrutura\u201d, a declarat liderul UDMR.<\/p>\n<hr>\n<p data-index=\"3\"><strong>Kelemen Hunor<\/strong>\u00a0a spus la Consiliul Reprezentan\u0163ilor Unionali de la T\u00e2rgu Mure\u015f c\u0103, dac\u0103 va accepta invita\u0163ia premierului Victor Ponta de a intra la guvernare, Uniunea va trebui s\u0103 reprezinte interesele comunit\u0103\u0163ii maghiare \u015fi s\u0103 aduc\u0103 \u201eun plus de valori\u201d referitoare la acestea \u00eentr-o coali\u0163ie \u00een care to\u0163i se preocup\u0103 de interesele proprii, Kelemen ad\u0103ug\u00e2nd c\u0103, dac\u0103 Uniunea va accepta s\u0103 intre la guvernare, \u201eva fi un lucru bun \u015fi pentru Rom\u00e2nia\u201d.<\/p>\n<p data-index=\"4\">\u201eM-a sunat Ponta, am spus da, s\u0103 discut\u0103m condi\u0163iile, dac\u0103 se pot crea condi\u0163iile unei guvern\u0103ri optime. Am acceptat invita\u0163ia la tratative, m\u00e2ine, poim\u00e2ine vom \u00eencerca g\u0103sim o formul\u0103 care s\u0103 fac\u0103 posibil\u0103 guvernarea comun\u0103. Pentru aceast\u0103 decizie vom cere un mandat, \u00eemputernicire de la CRU, s\u0103 putem duce tratative. (&#8230;) <strong>\u00cen aceste zile, s-a vorbit de intrarea la guvernare UDMR \u015fi \u00een media din Rom\u00e2nia s-a creat o isterie antimaghiar\u0103, s-a dorit crearea aparen\u0163ei c\u0103 intrarea UDMR la guvernare ar d\u0103una Rom\u00e2niei. Eu spun c\u0103, dac\u0103 UDMR accept\u0103, va fi un lucru bun \u015fi pentru Rom\u00e2nia<\/strong>\u201d, a spus Kelemen Hunor.<\/p>\n<p data-index=\"5\">Acesta a ar\u0103tat c\u0103, pentru UDMR, acceptarea intr\u0103rii la guvernare nu are nicio conota\u0163ie ideologic\u0103, pentru c\u0103 drepturile comunit\u0103\u0163ii la educa\u0163ie, utilizarea limbii materne \u201enu sunt probleme de st\u00e2nga sau de dreapta\u201d \u015fi, dac\u0103 va lua aceast\u0103 decizie, Uniunea va trebui s\u0103 duc\u0103 \u00een Guvern valorile din programul s\u0103u, pe care le-a reprezentat peste tot \u00een Europa \u015fi o va face \u015fi \u00een continuare.<\/p>\n<p data-index=\"6\">\u201e<strong>De fiecare dat\u0103 c\u00e2nd UDMR a participat la guvernare, cet\u0103\u0163enii maghiari din Rom\u00e2nia s-au sim\u0163it mai \u00een siguran\u0163\u0103. De c\u00e2nd nu mai suntem, exist\u0103 \u00eencerc\u0103ri de a ne limita drepturile deja ob\u0163inute, de a ne reduce rezultatele din ultimii 25 de ani<\/strong>\u201d, a spus Kelemen Hunor.<\/p>\n<p data-index=\"7\">El a f\u0103cut referire la un raport american privind drepturile omului \u015fi minorit\u0103\u0163ilor, \u00een care se men\u0163ioneaz\u0103 pe larg problemele comunit\u0103\u0163ii maghiare din Ardeal, precum drepturile lor, \u201esteagul secuilor\u201d, prefec\u0163i, problemele educa\u0163iei universitare, UMF T\u00e2rgu Mure\u015f, afirm\u00e2ndu-se c\u0103 \u201esistemul juridic e folosit pentru limitarea drepturilor minorit\u0103\u0163ilor\u201d.<\/p>\n<p data-index=\"8\">\u201eSunt o serie de probleme de care vorbim \u015fi noi. Nu trebuie s\u0103 fie o \u00eent\u00e2mplare, ci un semnal pentru via\u0163a politic\u0103 din Rom\u00e2nia. Pentru noi, \u00een orice caz, singura intepretare a acestui text e c\u0103, \u00een Rom\u00e2nia, problema drepturilor minorit\u0103\u0163ilor nu e complet rezolvat\u0103\u201d, a sus\u0163inut acesta.<\/p>\n<p data-index=\"9\">Kelemen Hunor a ar\u0103tat c\u0103 mandatul pe care li-l cere delega\u0163ilor CRU se refer\u0103 la ducerea unor tratative, dup\u0103 invita\u0163ia de a intra la guvernare \u015fi c\u0103, dac\u0103 \u00eel va primi, \u00een \u201epachet\u201d se reg\u0103sesc trei mari capitole &#8211; interesele minorit\u0103\u0163ii maghiare din Ardeal, probleme economico-sociale \u015fi respectiv cele de infrastructur\u0103, de la autostrada \u201eTransilvania\u201d la infrastructura din mediul rural \u015fi cea din ora\u015fele mari.<\/p>\n<p data-index=\"10\">Ieri, pre\u015fedintele UDMR declara, dup\u0103 reuniunea Consiliului Consultativ al UDMR, c\u0103 Uniunea va cere s\u00e2mb\u0103t\u0103 mandat de la CRU pentru a purta negocieri cu premierul \u00een vederea intr\u0103rii la guvernare, el preciz\u00e2nd c\u0103 \u201eexist\u0103 loc de negocieri pentru toate problemele sensibile\u201d \u015fi ar\u0103t\u00e2nd c\u0103 \u201epachetul\u201d cu care UDMR se va prezenta la negocieri cuprinde trei teme: drepturile minorit\u0103\u0163ilor, probleme economice \u015fi dezvoltarea infrastructurii.<\/p>\n<\/div>\n<p> Source URL: https:\/\/www.digi24.ro\/stiri\/actualitate\/politica\/kelemen-hunor-daca-udmr-va-intra-la-guvernare-va-fi-un-lucru-bun-si-pentru-romania-nu-plecam-de-la-functii-ci-de-la-acord-207859<\/p>\n","protected":false},"excerpt":{"rendered":"<p>\u00a0 ACTUALIZARE 14.00. \u201eAst\u0103zi nu am luat nicio decizie. Func\u0163iile sunt necesare dar nu plec\u0103m de la func\u0163ii, plec\u0103m de la program, con\u0163inutul acordului. Am preg\u0103tit un document cu trei capitole importante, primul viz\u00e2nd drepturile minorit\u0103\u0163ilor na\u0163ionale \u015fi toat\u0103 problematica minorit\u0103\u0163ii maghiare, al doilea &#8211; problemele social \u2013 economice, al treilea &#8211; dezvoltarea regional\u0103, infrastrutura\u201d, [&hellip;]<\/p>\n","protected":false},"author":1,"featured_media":210724,"comment_status":"open","ping_status":"","sticky":false,"template":"","format":"standard","meta":{"footnotes":""},"categories":[2],"tags":[11],"class_list":["post-210723","post","type-post","status-publish","format-standard","has-post-thumbnail","hentry","category-politics","tag-digi24"],"_links":{"self":[{"href":"https:\/\/analyse.optim.biz\/index.php?rest_route=\/wp\/v2\/posts\/210723","targetHints":{"allow":["GET"]}}],"collection":[{"href":"https:\/\/analyse.optim.biz\/index.php?rest_route=\/wp\/v2\/posts"}],"about":[{"href":"https:\/\/analyse.optim.biz\/index.php?rest_route=\/wp\/v2\/types\/post"}],"author":[{"embeddable":true,"href":"https:\/\/analyse.optim.biz\/index.php?rest_route=\/wp\/v2\/users\/1"}],"replies":[{"embeddable":true,"href":"https:\/\/analyse.optim.biz\/index.php?rest_route=%2Fwp%2Fv2%2Fcomments&post=210723"}],"version-history":[{"count":0,"href":"https:\/\/analyse.optim.biz\/index.php?rest_route=\/wp\/v2\/posts\/210723\/revisions"}],"wp:featuredmedia":[{"embeddable":true,"href":"https:\/\/analyse.optim.biz\/index.php?rest_route=\/wp\/v2\/media\/210724"}],"wp:attachment":[{"href":"https:\/\/analyse.optim.biz\/index.php?rest_route=%2Fwp%2Fv2%2Fmedia&parent=210723"}],"wp:term":[{"taxonomy":"category","embeddable":true,"href":"https:\/\/analyse.optim.biz\/index.php?rest_route=%2Fwp%2Fv2%2Fcategories&post=210723"},{"taxonomy":"post_tag","embeddable":true,"href":"https:\/\/analyse.optim.biz\/index.php?rest_route=%2Fwp%2Fv2%2Ftags&post=210723"}],"curies":[{"name":"wp","href":"https:\/\/api.w.org\/{rel}","templated":true}]}}