{"id":2107151,"date":"2026-08-20T14:48:20","date_gmt":"2026-08-20T11:48:20","guid":{"rendered":"https:\/\/analyse.optim.biz\/?p=2107151"},"modified":"2026-08-20T14:48:20","modified_gmt":"2026-08-20T11:48:20","slug":"compozitorul-alexandru-zavulovici-un-adevarat-schubert-al-bucovinei","status":"publish","type":"post","link":"https:\/\/analyse.optim.biz\/?p=2107151","title":{"rendered":"Compozitorul Alexandru Zavulovici \u2013 \u201eun adev\u0103rat Schubert al Bucovinei\u201d"},"content":{"rendered":"<p>[analyse_image type=&#8221;featured&#8221; src=&#8221;https:\/\/img.svnews.ro\/foto\/2026\/08\/20\/554703\/915db5e169cde4437735ce977.jpg&#8221;]<\/p>\n<div class=\"entry\"><img loading=\"lazy\" decoding=\"async\" width=\"650\" height=\"325\" src=\"https:\/\/img.svnews.ro\/foto\/2026\/08\/20\/554703\/915db5e169cde4437735ce97706500325.jpg\" alt><\/p>\n<div class=\"entry_content\">\n<p>Revine \u00een actualitate personalitatea profesorului, compozitorului, dirijorului Alexandru Zavulovici, acum c\u00e2nd comemor\u0103m \u00eemplinirea a cinci decenii petrecute de la trecerea sa \u00een eternitate.<\/p>\n<p>Este \u015fi r\u0103m\u00e2ne o personalitate emblematic\u0103 pentru cultura, pentru muzica rom\u00e2neasc\u0103, \u00een general \u015fi pentru Bucovina \u00een special, at\u00e2t \u00een calitate de creator dar \u015fi de dirijor, de membru al Societ\u0103\u0163ii Compozitorilor rom\u00e2ni, membru al Societ\u0103\u0163ii pentru Cultura \u015fi Literatura rom\u00e2n\u0103 din Bucovina, \u015f.a.<\/p>\n<p>N\u0103scut la 17 iulie 1889 \u00een Suceava, Alexandru Zavulovici a studiat la Gimnaziul Superior Imperial \u2013 regal Greco -Oriental din Suceava (1902 \u2013 1906) \u015fi, concomitent a studiat vioara cu profesorii Severin Procopovici \u015fi Joseph Steinbach. A urmat apoi cursurile la \u015ecoala normal\u0103 de \u00eenv\u0103\u0163\u0103tori (1906 \u2013 1912), la Societatea filarmonic\u0103 (<em>Verein Forterung der Tankunst in der Bukovina)\u00a0<\/em>din Cern\u0103u\u0163i cu Hans Horner (org\u0103 \u015fi compozi\u0163ie), Otakar Hrimaly (armonie \u015fi contrapunct) \u015fi Alfred Schluter (canto \u015fi vioar\u0103 ) iar la Viena la Academia de Muzic\u0103 \u015fi Art\u0103 Dramatic\u0103 a studiat cu Eusebie Mandicevschi muzicologie, armonie \u015fi contrapunct. Tot la Viena i-a avut profesori pe Gottfried Feist \u015fi Franz Bogger. La Conservatorul de Muzic\u0103 \u015fi Art\u0103 Dramatic\u0103 din Cern\u0103u\u0163i a studiat cu Alexandru Zirra armonie, contrapunct \u015fi cu George Pavel vioar\u0103 \u015fi dirijat orchestra iar cu Ion I. Vasilache muzica bisericeasc\u0103.<\/p>\n<p>A fost profesor la Liceul Aron Pumnul din Cern\u0103u\u0163i, liceul Mihai Eminescu \u2013 Bucure\u015fti (1941 \u2013 1945), Liceul pedagogic din Suceava, pentru a nu aminti dec\u00e2t c\u00e2teva \u015fcoli unde a fost profesor. A fost dirijor al Corului Mitropolitan din Cern\u0103u\u0163i (1922 \u2013 1940) \u015fi al corului Societ\u0103\u0163i Armonia din Cern\u0103u\u0163i (1931 \u2013 1944) al corului Reuniunea muzical \u2013 dramatic\u0103 Ciprian Porumbescu din Suceava (1945 \u2013 1949), etc.<\/p>\n<p>A participat activ la momentele importante din via\u0163a cultural\u0103 a Bucovinei. Iat\u0103 spre exemplu a participat la momentul festiv prilejuit de dezvelirea\u00a0<em>Monumentului Unirii\u00a0<\/em>din Cern\u0103u\u0163i la 12 noiembrie 1924 c\u00e2nd a dirijat un cor format din peste 1000 de elevi\u00a0 inton\u00e2nd un imn festiv a c\u0103rui muzic\u0103 a fost compus\u0103 de c\u0103tre el.<\/p>\n<p><em>Monumentul Unirii\u00a0<\/em>din Cern\u0103u\u021bi a fost dezvelit \u00een ziua de 12 noiembrie 1924, dup\u0103 6 ani de la intrarea Armatei Rom\u00e2ne \u00een Cern\u0103u\u021bi. La inaugurarea monumentului au participat suveranii Rom\u00e2niei Mari, Regele Ferdinand I \u0219i Regina Maria, Principele Carol \u0219i Principesa Elena, primul ministru Ion I.C. Br\u0103tianu, precum \u0219i un \u00eensemnat contigent de personalit\u0103\u021bi politice ca: mini\u0219trii A. V\u0103itoianu, I.Gh. Duca, Ion Nistor, Ion Incule\u021b, Alexandru Lapedatu, reprezetan\u021bi ai \u00eenaltului cler: Mitropolitul Primat dr. Miron Cristea, I.P.S.S. Mitropolitul Vladimir de Repta \u0219i ofi\u021beri superiori ai Armatei Rom\u00e2ne: generalii Prezan, Zadik, Coand\u0103, Str\u0103tilescu, \u0218tef\u0103nescu, Mircescu.<\/p>\n<p>A compus crea\u0163ii corale religioase \u015fi laice, vocale, pentru pian, pentru orchestr\u0103:\u00a0<em>C\u00e2ntec \u015fi joc, Divertisment simfonic<\/em>,\u00a0<em>Imnele Sfintei Liturghii\u00a0<\/em>(cor mixt), \u015f.a.<\/p>\n<p>A compus piese pentru voce \u0219i pian pe versurile marilor poe\u021bi rom\u00e2ni, cum ar fi inspirata melodie pe versurile poeziei \u201e<em>\u0218i dac\u0103 ramuri bat \u00een geam<\/em>\u201d de Mihai Eminescu,\u00a0<em>Singur\u0103tate\u00a0<\/em>pe versuri de Al. I. Stamatiad \u015f.a. Compozitorul \u0219i dirijorul Alexandru Zavulovici a fost supranumit \u201eSchubert al Bucovinei\u201d datorit\u0103 liedurilor sale \u0219i a contribu\u021biei sale la via\u021ba muzical\u0103 a regiunii.<\/p>\n<p>S-a dovedit a fi o personalitate dinamic\u0103, activ\u0103, stimulatoare, deosebit de imaginativ \u00een ce prive\u015fte mobilizarea celor din jur.<\/p>\n<p>S-a stins din via\u0163\u0103 la 21 iunie 1972 \u015fi a fost \u00eenmorm\u00e2ntat \u00een Cimitirul Pacea din Suceava. Parte din manuscrisele sale, precum \u015fi o parte din obiectele ce i-au apar\u0163inut se p\u0103streaz\u0103 \u00een fondul Muzeului de Istorie \u2013 Suceava.<\/p>\n<p>C\u00e2\u021bi rom\u00e2ni \u0219tiu ast\u0103zi de Alexandru Zavulovici ? C\u00e2t timp mai toler\u0103m ignoran\u021ba \u0219i uitarea? Retoric\u0103 \u00eentrebare\u2026<\/p>\n<p><strong>Arhim. Vasile M. Demciuc<\/strong><\/p>\n<\/div>\n<div>\n<div>VN:F [1.9.22_1171]<\/div>\n<div class=\"ratingblock \">\n<div class=\"ratingstars \">\n<div id=\"article_loader_554703\" class=\"ratingloaderarticle\">\n<div class=\"loader arrows \">\n<div class=\"loaderinner\">se actualizeaz\u0103&#8230;<\/div>\n<\/div>\n<\/div>\n<\/div>\n<div class=\"ratingtext \">\n<div id=\"gdr_text_a554703\">Rating: 0.0\/<strong>10<\/strong> (0 votes cast)<\/div>\n<\/div>\n<\/div>\n<\/div>\n<\/div>\n<div class=\"entry_content\">\n<p>Revine \u00een actualitate personalitatea profesorului, compozitorului, dirijorului Alexandru Zavulovici, acum c\u00e2nd comemor\u0103m \u00eemplinirea a cinci decenii petrecute de la trecerea sa \u00een eternitate.<\/p>\n<p>Este \u015fi r\u0103m\u00e2ne o personalitate emblematic\u0103 pentru cultura, pentru muzica rom\u00e2neasc\u0103, \u00een general \u015fi pentru Bucovina \u00een special, at\u00e2t \u00een calitate de creator dar \u015fi de dirijor, de membru al Societ\u0103\u0163ii Compozitorilor rom\u00e2ni, membru al Societ\u0103\u0163ii pentru Cultura \u015fi Literatura rom\u00e2n\u0103 din Bucovina, \u015f.a.<\/p>\n<p>N\u0103scut la 17 iulie 1889 \u00een Suceava, Alexandru Zavulovici a studiat la Gimnaziul Superior Imperial \u2013 regal Greco -Oriental din Suceava (1902 \u2013 1906) \u015fi, concomitent a studiat vioara cu profesorii Severin Procopovici \u015fi Joseph Steinbach. A urmat apoi cursurile la \u015ecoala normal\u0103 de \u00eenv\u0103\u0163\u0103tori (1906 \u2013 1912), la Societatea filarmonic\u0103 (<em>Verein Forterung der Tankunst in der Bukovina)\u00a0<\/em>din Cern\u0103u\u0163i cu Hans Horner (org\u0103 \u015fi compozi\u0163ie), Otakar Hrimaly (armonie \u015fi contrapunct) \u015fi Alfred Schluter (canto \u015fi vioar\u0103 ) iar la Viena la Academia de Muzic\u0103 \u015fi Art\u0103 Dramatic\u0103 a studiat cu Eusebie Mandicevschi muzicologie, armonie \u015fi contrapunct. Tot la Viena i-a avut profesori pe Gottfried Feist \u015fi Franz Bogger. La Conservatorul de Muzic\u0103 \u015fi Art\u0103 Dramatic\u0103 din Cern\u0103u\u0163i a studiat cu Alexandru Zirra armonie, contrapunct \u015fi cu George Pavel vioar\u0103 \u015fi dirijat orchestra iar cu Ion I. Vasilache muzica bisericeasc\u0103.<\/p>\n<p>A fost profesor la Liceul Aron Pumnul din Cern\u0103u\u0163i, liceul Mihai Eminescu \u2013 Bucure\u015fti (1941 \u2013 1945), Liceul pedagogic din Suceava, pentru a nu aminti dec\u00e2t c\u00e2teva \u015fcoli unde a fost profesor. A fost dirijor al Corului Mitropolitan din Cern\u0103u\u0163i (1922 \u2013 1940) \u015fi al corului Societ\u0103\u0163i Armonia din Cern\u0103u\u0163i (1931 \u2013 1944) al corului Reuniunea muzical \u2013 dramatic\u0103 Ciprian Porumbescu din Suceava (1945 \u2013 1949), etc.<\/p>\n<p>A participat activ la momentele importante din via\u0163a cultural\u0103 a Bucovinei. Iat\u0103 spre exemplu a participat la momentul festiv prilejuit de dezvelirea\u00a0<em>Monumentului Unirii\u00a0<\/em>din Cern\u0103u\u0163i la 12 noiembrie 1924 c\u00e2nd a dirijat un cor format din peste 1000 de elevi\u00a0 inton\u00e2nd un imn festiv a c\u0103rui muzic\u0103 a fost compus\u0103 de c\u0103tre el.<\/p>\n<p><em>Monumentul Unirii\u00a0<\/em>din Cern\u0103u\u021bi a fost dezvelit \u00een ziua de 12 noiembrie 1924, dup\u0103 6 ani de la intrarea Armatei Rom\u00e2ne \u00een Cern\u0103u\u021bi. La inaugurarea monumentului au participat suveranii Rom\u00e2niei Mari, Regele Ferdinand I \u0219i Regina Maria, Principele Carol \u0219i Principesa Elena, primul ministru Ion I.C. Br\u0103tianu, precum \u0219i un \u00eensemnat contigent de personalit\u0103\u021bi politice ca: mini\u0219trii A. V\u0103itoianu, I.Gh. Duca, Ion Nistor, Ion Incule\u021b, Alexandru Lapedatu, reprezetan\u021bi ai \u00eenaltului cler: Mitropolitul Primat dr. Miron Cristea, I.P.S.S. Mitropolitul Vladimir de Repta \u0219i ofi\u021beri superiori ai Armatei Rom\u00e2ne: generalii Prezan, Zadik, Coand\u0103, Str\u0103tilescu, \u0218tef\u0103nescu, Mircescu.<\/p>\n<p>A compus crea\u0163ii corale religioase \u015fi laice, vocale, pentru pian, pentru orchestr\u0103:\u00a0<em>C\u00e2ntec \u015fi joc, Divertisment simfonic<\/em>,\u00a0<em>Imnele Sfintei Liturghii\u00a0<\/em>(cor mixt), \u015f.a.<\/p>\n<p>A compus piese pentru voce \u0219i pian pe versurile marilor poe\u021bi rom\u00e2ni, cum ar fi inspirata melodie pe versurile poeziei \u201e<em>\u0218i dac\u0103 ramuri bat \u00een geam<\/em>\u201d de Mihai Eminescu,\u00a0<em>Singur\u0103tate\u00a0<\/em>pe versuri de Al. I. Stamatiad \u015f.a. Compozitorul \u0219i dirijorul Alexandru Zavulovici a fost supranumit \u201eSchubert al Bucovinei\u201d datorit\u0103 liedurilor sale \u0219i a contribu\u021biei sale la via\u021ba muzical\u0103 a regiunii.<\/p>\n<p>S-a dovedit a fi o personalitate dinamic\u0103, activ\u0103, stimulatoare, deosebit de imaginativ \u00een ce prive\u015fte mobilizarea celor din jur.<\/p>\n<p>S-a stins din via\u0163\u0103 la 21 iunie 1972 \u015fi a fost \u00eenmorm\u00e2ntat \u00een Cimitirul Pacea din Suceava. Parte din manuscrisele sale, precum \u015fi o parte din obiectele ce i-au apar\u0163inut se p\u0103streaz\u0103 \u00een fondul Muzeului de Istorie \u2013 Suceava.<\/p>\n<p>C\u00e2\u021bi rom\u00e2ni \u0219tiu ast\u0103zi de Alexandru Zavulovici ? C\u00e2t timp mai toler\u0103m ignoran\u021ba \u0219i uitarea? Retoric\u0103 \u00eentrebare\u2026<\/p>\n<p><strong>Arhim. Vasile M. Demciuc<\/strong><\/p>\n<\/div>\n<p>[analyse_source url=&#8221;https:\/\/www.svnews.ro\/compozitorul-alexandru-zavulovici-un-adevarat-schubert-al-bucovinei\/554703\/&#8221;]<\/p>\n","protected":false},"excerpt":{"rendered":"<p>[analyse_image type=&#8221;featured&#8221; src=&#8221;https:\/\/img.svnews.ro\/foto\/2026\/08\/20\/554703\/915db5e169cde4437735ce977.jpg&#8221;] Revine \u00een actualitate personalitatea profesorului, compozitorului, dirijorului Alexandru Zavulovici, acum c\u00e2nd comemor\u0103m \u00eemplinirea a cinci decenii petrecute de la trecerea sa \u00een eternitate. Este \u015fi r\u0103m\u00e2ne o personalitate emblematic\u0103 pentru cultura, pentru muzica rom\u00e2neasc\u0103, \u00een general \u015fi pentru Bucovina \u00een special, at\u00e2t \u00een calitate de creator dar \u015fi de dirijor, de membru [&hellip;]<\/p>\n","protected":false},"author":1,"featured_media":0,"comment_status":"open","ping_status":"","sticky":false,"template":"","format":"standard","meta":{"footnotes":""},"categories":[89],"tags":[226,175],"class_list":["post-2107151","post","type-post","status-publish","format-standard","hentry","category-romania","tag-crawlmanager","tag-svnews-ro"],"_links":{"self":[{"href":"https:\/\/analyse.optim.biz\/index.php?rest_route=\/wp\/v2\/posts\/2107151","targetHints":{"allow":["GET"]}}],"collection":[{"href":"https:\/\/analyse.optim.biz\/index.php?rest_route=\/wp\/v2\/posts"}],"about":[{"href":"https:\/\/analyse.optim.biz\/index.php?rest_route=\/wp\/v2\/types\/post"}],"author":[{"embeddable":true,"href":"https:\/\/analyse.optim.biz\/index.php?rest_route=\/wp\/v2\/users\/1"}],"replies":[{"embeddable":true,"href":"https:\/\/analyse.optim.biz\/index.php?rest_route=%2Fwp%2Fv2%2Fcomments&post=2107151"}],"version-history":[{"count":0,"href":"https:\/\/analyse.optim.biz\/index.php?rest_route=\/wp\/v2\/posts\/2107151\/revisions"}],"wp:attachment":[{"href":"https:\/\/analyse.optim.biz\/index.php?rest_route=%2Fwp%2Fv2%2Fmedia&parent=2107151"}],"wp:term":[{"taxonomy":"category","embeddable":true,"href":"https:\/\/analyse.optim.biz\/index.php?rest_route=%2Fwp%2Fv2%2Fcategories&post=2107151"},{"taxonomy":"post_tag","embeddable":true,"href":"https:\/\/analyse.optim.biz\/index.php?rest_route=%2Fwp%2Fv2%2Ftags&post=2107151"}],"curies":[{"name":"wp","href":"https:\/\/api.w.org\/{rel}","templated":true}]}}