{"id":2107149,"date":"2026-08-20T13:08:33","date_gmt":"2026-08-20T10:08:33","guid":{"rendered":"https:\/\/analyse.optim.biz\/?p=2107149"},"modified":"2026-08-20T13:08:33","modified_gmt":"2026-08-20T10:08:33","slug":"dusmance-ale-poporului-o-expozitie-despre-femeile-victime-ale-represiunii-comuniste-la-muzeul-arta-lemnului-dusmance-ale-poporului-ajunge-la-muzeul-arta-lemnului","status":"publish","type":"post","link":"https:\/\/analyse.optim.biz\/?p=2107149","title":{"rendered":"\u201eDu\u0219mance ale poporului\u201d, o expozi\u021bie despre femeile victime ale represiunii comuniste, la Muzeul Arta Lemnului \u201eDu\u0219mance ale poporului\u201d, ajunge la Muzeul Arta Lemnului \u00een C\u00e2mpulung Moldovenesc"},"content":{"rendered":"<p>[analyse_image type=&#8221;featured&#8221; src=&#8221;https:\/\/img.svnews.ro\/foto\/2026\/08\/20\/554661\/bb42ad3c49e221760a699a934.jpg&#8221;]<\/p>\n<div class=\"entry\"><img loading=\"lazy\" decoding=\"async\" width=\"650\" height=\"325\" src=\"https:\/\/img.svnews.ro\/foto\/2026\/08\/20\/554661\/bb42ad3c49e221760a699a93406500325.jpg\" alt><\/p>\n<div class=\"entry_content\">\n<p>Expozi\u021bia aduce \u00een fa\u021ba publicului portretele a 71 de femei re\u021binute \u00een perioada comunist\u0103 din ra\u021biuni politice \u0219i catalogate de regim drept \u201edu\u0219mani ai poporului\u201d. Pove\u0219tile lor provin din medii sociale \u0219i profesionale diferite \u0219i ilustreaz\u0103 formele diverse prin care represiunea comunist\u0103 a afectat vie\u021bile femeilor din Rom\u00e2nia.<\/p>\n<p>Ca orice regim totalitar, comunismul nu a \u021binut cont de v\u00e2rsta, sexul, starea de s\u0103n\u0103tate sau nivelul cultural al persoanelor \u00eempotriva c\u0103rora \u0219i-a \u00eendreptat represiunea. \u201eDu\u0219mani ai poporului\u201d nu au fost doar adul\u021bi, ci \u0219i copii, nu au fost doar b\u0103rba\u021bi, ci \u0219i femei. \u021a\u0103r\u0103nci \u0219i aristocrate, intelectuale \u0219i femei simple, femei \u00een v\u00e2rst\u0103, adolescente sau chiar feti\u021be, femei \u00eens\u0103rcinate, lehuze \u0219i femei cu copii la s\u00e2n au cunoscut deten\u021bia comunist\u0103, fiind considerate un poten\u021bial pericol pentru regim.<\/p>\n<p>Potrivit unei statistici realizate de Centrul Interna\u021bional de Studii asupra Comunismului din cadrul Memorialului Sighet, 5,31% dintre de\u021binu\u021bii \u00eenchi\u0219i din motive politice \u00een Rom\u00e2nia comunist\u0103 au fost femei. Mii de femei au \u00eendurat condi\u021biile de deten\u021bie din \u00eenchisorile \u0219i lag\u0103rele comuniste din Rom\u00e2nia, fie \u00een urma unor sentin\u021be ale tribunalelor militare, fie \u00een baza a\u0219a-numitelor condamn\u0103ri administrative.<\/p>\n<p><strong>71 de destine<\/strong><\/p>\n<p>Femeile prezentate \u00een expozi\u021bie au fost catalogate drept \u201edu\u0219mance ale poporului\u201d din cele mai variate motive. Unele au avut leg\u0103turi cu Occidentul \u0219i au fost acuzate de \u201e\u00eenalt\u0103 tr\u0103dare\u201d, altele au f\u0103cut parte din rezisten\u021ba anticomunist\u0103 din mun\u021bi sau s-au opus confisc\u0103rii p\u0103m\u00e2nturilor \u00een timpul colectiviz\u0103rii.<\/p>\n<p>Unele dintre ele au devenit victime pur \u0219i simplu pentru c\u0103 erau mamele, so\u021biile, fiicele sau surorile unor persoane considerate periculoase de c\u0103tre regim.<\/p>\n<p>Spa\u021biul destinat unei expozi\u021bii este \u00een mod inevitabil limitat \u0219i poate cuprinde doar c\u00e2teva zeci din miile de tragedii \u0219i drame produse de represiunea comunist\u0103. Selec\u021bia celor 71 de destine urm\u0103re\u0219te s\u0103 fie c\u00e2t mai divers\u0103 din punct de vedere profesional, social \u0219i al v\u00e2rstei, pentru a ar\u0103ta c\u0103, \u00een spatele fiec\u0103rui nume prezentat, exist\u0103 zeci sau sute de destine asem\u0103n\u0103toare.<\/p>\n<p>Pe l\u00e2ng\u0103 portretele femeilor prezentate, expozi\u021bia include fragmente din memorialistica de deten\u021bie \u0219i obiecte realizate \u00een \u00eenchisoare, care redau aspecte ale regimului penitenciar din \u00eenchisorile de femei.<\/p>\n<p><strong>O expozi\u021bie itinerant\u0103 \u0219i premiat\u0103<\/strong><\/p>\n<p>\u201eDu\u0219mance ale poporului\u201d a fost deschis\u0103 pentru prima dat\u0103 \u00een octombrie 2021, la Spa\u021biul expozi\u021bional al Memorialului Sighet din Bucure\u0219ti. \u00cen 2023, expozi\u021bia a fost g\u0103zduit\u0103 de Memorialul Revolu\u021biei din Timi\u0219oara \u0219i de Muzeul Br\u0103ilei Carol I, ajung\u00e2nd apoi la Muzeul Na\u021bional de Istorie a Moldovei din Chi\u0219in\u0103u, la Memorialul Victimelor Comunismului \u0219i al Rezisten\u021bei din Sighet, \u00een 2024, \u0219i la Accademia di Romania din Roma, \u00een perioada martie \u2013 mai 2025.<\/p>\n<p>Proiectul expozi\u021bional a fost distins cu premiul sec\u021biunii \u201eArhitectura amenaj\u0103rilor interioare \/ expozi\u021bii, standuri \u0219i scenografie\u201d, acordat \u00een cadrul galei Anualei de Arhitectur\u0103 organizate de Ordinul Arhitec\u021bilor din Rom\u00e2nia, Filiala Bucure\u0219ti, \u00een decembrie 2021.<\/p>\n<p>Juriul a apreciat proiectul drept \u201eo expozi\u021bie care creeaz\u0103 o serie de imagini puternice, viscerale \u00een care tema este exploatat\u0103 \u0219i privitorul este transpus \u00een universul sumbru evocat de aceasta\u201d.<\/p>\n<p>Expozi\u021bia este un proiect al Memorialului Victimelor Comunismului \u0219i al Rezisten\u021bei.<\/p>\n<p>Curator: Virginia Ion<\/p>\n<p>Design expozi\u021bional: Zeppelin XD, echipa coordonat\u0103 de arhitec\u021bii Cosmina Goagea \u0219i Constantin Goagea.<\/p>\n<p>Informa\u021bii pentru public<\/p>\n<p>\u201eDu\u0219mance ale poporului\u201d<\/p>\n<p>23 august \u2013 1 octombrie 2026<\/p>\n<p>Muzeul Arta Lemnului C\u00e2mpulung Moldovenesc, La mansard\u0103<\/p>\n<p>Vernisaj: duminic\u0103, 23 august 2026, ora 15:00 Accesul la vernisaj este deschis publicului.<\/p>\n<p><img loading=\"lazy\" decoding=\"async\" class=\"alignnone size-medium wp-image-554662\" src=\"https:\/\/img.svnews.ro\/foto\/2026\/08\/20\/554661\/bb42ad3c49e221760a699a93406500813.jpg\" alt width=\"650\" height=\"813\"><\/p>\n<\/div>\n<div>\n<div>VN:F [1.9.22_1171]<\/div>\n<div class=\"ratingblock \">\n<div class=\"ratingstars \">\n<div id=\"article_loader_554661\" class=\"ratingloaderarticle\">\n<div class=\"loader arrows \">\n<div class=\"loaderinner\">se actualizeaz\u0103&#8230;<\/div>\n<\/div>\n<\/div>\n<\/div>\n<div class=\"ratingtext \">\n<div id=\"gdr_text_a554661\">Rating: 0.0\/<strong>10<\/strong> (0 votes cast)<\/div>\n<\/div>\n<\/div>\n<\/div>\n<\/div>\n<div class=\"entry_content\">\n<p>Expozi\u021bia aduce \u00een fa\u021ba publicului portretele a 71 de femei re\u021binute \u00een perioada comunist\u0103 din ra\u021biuni politice \u0219i catalogate de regim drept \u201edu\u0219mani ai poporului\u201d. Pove\u0219tile lor provin din medii sociale \u0219i profesionale diferite \u0219i ilustreaz\u0103 formele diverse prin care represiunea comunist\u0103 a afectat vie\u021bile femeilor din Rom\u00e2nia.<\/p>\n<p>Ca orice regim totalitar, comunismul nu a \u021binut cont de v\u00e2rsta, sexul, starea de s\u0103n\u0103tate sau nivelul cultural al persoanelor \u00eempotriva c\u0103rora \u0219i-a \u00eendreptat represiunea. \u201eDu\u0219mani ai poporului\u201d nu au fost doar adul\u021bi, ci \u0219i copii, nu au fost doar b\u0103rba\u021bi, ci \u0219i femei. \u021a\u0103r\u0103nci \u0219i aristocrate, intelectuale \u0219i femei simple, femei \u00een v\u00e2rst\u0103, adolescente sau chiar feti\u021be, femei \u00eens\u0103rcinate, lehuze \u0219i femei cu copii la s\u00e2n au cunoscut deten\u021bia comunist\u0103, fiind considerate un poten\u021bial pericol pentru regim.<\/p>\n<p>Potrivit unei statistici realizate de Centrul Interna\u021bional de Studii asupra Comunismului din cadrul Memorialului Sighet, 5,31% dintre de\u021binu\u021bii \u00eenchi\u0219i din motive politice \u00een Rom\u00e2nia comunist\u0103 au fost femei. Mii de femei au \u00eendurat condi\u021biile de deten\u021bie din \u00eenchisorile \u0219i lag\u0103rele comuniste din Rom\u00e2nia, fie \u00een urma unor sentin\u021be ale tribunalelor militare, fie \u00een baza a\u0219a-numitelor condamn\u0103ri administrative.<\/p>\n<p><strong>71 de destine<\/strong><\/p>\n<p>Femeile prezentate \u00een expozi\u021bie au fost catalogate drept \u201edu\u0219mance ale poporului\u201d din cele mai variate motive. Unele au avut leg\u0103turi cu Occidentul \u0219i au fost acuzate de \u201e\u00eenalt\u0103 tr\u0103dare\u201d, altele au f\u0103cut parte din rezisten\u021ba anticomunist\u0103 din mun\u021bi sau s-au opus confisc\u0103rii p\u0103m\u00e2nturilor \u00een timpul colectiviz\u0103rii.<\/p>\n<p>Unele dintre ele au devenit victime pur \u0219i simplu pentru c\u0103 erau mamele, so\u021biile, fiicele sau surorile unor persoane considerate periculoase de c\u0103tre regim.<\/p>\n<p>Spa\u021biul destinat unei expozi\u021bii este \u00een mod inevitabil limitat \u0219i poate cuprinde doar c\u00e2teva zeci din miile de tragedii \u0219i drame produse de represiunea comunist\u0103. Selec\u021bia celor 71 de destine urm\u0103re\u0219te s\u0103 fie c\u00e2t mai divers\u0103 din punct de vedere profesional, social \u0219i al v\u00e2rstei, pentru a ar\u0103ta c\u0103, \u00een spatele fiec\u0103rui nume prezentat, exist\u0103 zeci sau sute de destine asem\u0103n\u0103toare.<\/p>\n<p>Pe l\u00e2ng\u0103 portretele femeilor prezentate, expozi\u021bia include fragmente din memorialistica de deten\u021bie \u0219i obiecte realizate \u00een \u00eenchisoare, care redau aspecte ale regimului penitenciar din \u00eenchisorile de femei.<\/p>\n<p><strong>O expozi\u021bie itinerant\u0103 \u0219i premiat\u0103<\/strong><\/p>\n<p>\u201eDu\u0219mance ale poporului\u201d a fost deschis\u0103 pentru prima dat\u0103 \u00een octombrie 2021, la Spa\u021biul expozi\u021bional al Memorialului Sighet din Bucure\u0219ti. \u00cen 2023, expozi\u021bia a fost g\u0103zduit\u0103 de Memorialul Revolu\u021biei din Timi\u0219oara \u0219i de Muzeul Br\u0103ilei Carol I, ajung\u00e2nd apoi la Muzeul Na\u021bional de Istorie a Moldovei din Chi\u0219in\u0103u, la Memorialul Victimelor Comunismului \u0219i al Rezisten\u021bei din Sighet, \u00een 2024, \u0219i la Accademia di Romania din Roma, \u00een perioada martie \u2013 mai 2025.<\/p>\n<p>Proiectul expozi\u021bional a fost distins cu premiul sec\u021biunii \u201eArhitectura amenaj\u0103rilor interioare \/ expozi\u021bii, standuri \u0219i scenografie\u201d, acordat \u00een cadrul galei Anualei de Arhitectur\u0103 organizate de Ordinul Arhitec\u021bilor din Rom\u00e2nia, Filiala Bucure\u0219ti, \u00een decembrie 2021.<\/p>\n<p>Juriul a apreciat proiectul drept \u201eo expozi\u021bie care creeaz\u0103 o serie de imagini puternice, viscerale \u00een care tema este exploatat\u0103 \u0219i privitorul este transpus \u00een universul sumbru evocat de aceasta\u201d.<\/p>\n<p>Expozi\u021bia este un proiect al Memorialului Victimelor Comunismului \u0219i al Rezisten\u021bei.<\/p>\n<p>Curator: Virginia Ion<\/p>\n<p>Design expozi\u021bional: Zeppelin XD, echipa coordonat\u0103 de arhitec\u021bii Cosmina Goagea \u0219i Constantin Goagea.<\/p>\n<p>Informa\u021bii pentru public<\/p>\n<p>\u201eDu\u0219mance ale poporului\u201d<\/p>\n<p>23 august \u2013 1 octombrie 2026<\/p>\n<p>Muzeul Arta Lemnului C\u00e2mpulung Moldovenesc, La mansard\u0103<\/p>\n<p>Vernisaj: duminic\u0103, 23 august 2026, ora 15:00 Accesul la vernisaj este deschis publicului.<\/p>\n<p><img loading=\"lazy\" decoding=\"async\" class=\"alignnone size-medium wp-image-554662\" src=\"https:\/\/img.svnews.ro\/foto\/2026\/08\/20\/554661\/bb42ad3c49e221760a699a93406500813.jpg\" alt width=\"650\" height=\"813\"><\/p>\n<\/div>\n<p>[analyse_source url=&#8221;https:\/\/www.svnews.ro\/dusmance-ale-poporului-o-expozitie-despre-femeile-victime-ale-represiunii-comuniste-la-muzeul-arta-lemnului-dusmance-ale-poporului-ajunge-la-muzeul-arta-lemnului\/554661\/&#8221;]<\/p>\n","protected":false},"excerpt":{"rendered":"<p>[analyse_image type=&#8221;featured&#8221; src=&#8221;https:\/\/img.svnews.ro\/foto\/2026\/08\/20\/554661\/bb42ad3c49e221760a699a934.jpg&#8221;] Expozi\u021bia aduce \u00een fa\u021ba publicului portretele a 71 de femei re\u021binute \u00een perioada comunist\u0103 din ra\u021biuni politice \u0219i catalogate de regim drept \u201edu\u0219mani ai poporului\u201d. Pove\u0219tile lor provin din medii sociale \u0219i profesionale diferite \u0219i ilustreaz\u0103 formele diverse prin care represiunea comunist\u0103 a afectat vie\u021bile femeilor din Rom\u00e2nia. Ca orice regim totalitar, [&hellip;]<\/p>\n","protected":false},"author":1,"featured_media":0,"comment_status":"open","ping_status":"","sticky":false,"template":"","format":"standard","meta":{"footnotes":""},"categories":[89],"tags":[226,175],"class_list":["post-2107149","post","type-post","status-publish","format-standard","hentry","category-romania","tag-crawlmanager","tag-svnews-ro"],"_links":{"self":[{"href":"https:\/\/analyse.optim.biz\/index.php?rest_route=\/wp\/v2\/posts\/2107149","targetHints":{"allow":["GET"]}}],"collection":[{"href":"https:\/\/analyse.optim.biz\/index.php?rest_route=\/wp\/v2\/posts"}],"about":[{"href":"https:\/\/analyse.optim.biz\/index.php?rest_route=\/wp\/v2\/types\/post"}],"author":[{"embeddable":true,"href":"https:\/\/analyse.optim.biz\/index.php?rest_route=\/wp\/v2\/users\/1"}],"replies":[{"embeddable":true,"href":"https:\/\/analyse.optim.biz\/index.php?rest_route=%2Fwp%2Fv2%2Fcomments&post=2107149"}],"version-history":[{"count":0,"href":"https:\/\/analyse.optim.biz\/index.php?rest_route=\/wp\/v2\/posts\/2107149\/revisions"}],"wp:attachment":[{"href":"https:\/\/analyse.optim.biz\/index.php?rest_route=%2Fwp%2Fv2%2Fmedia&parent=2107149"}],"wp:term":[{"taxonomy":"category","embeddable":true,"href":"https:\/\/analyse.optim.biz\/index.php?rest_route=%2Fwp%2Fv2%2Fcategories&post=2107149"},{"taxonomy":"post_tag","embeddable":true,"href":"https:\/\/analyse.optim.biz\/index.php?rest_route=%2Fwp%2Fv2%2Ftags&post=2107149"}],"curies":[{"name":"wp","href":"https:\/\/api.w.org\/{rel}","templated":true}]}}