{"id":2107147,"date":"2026-08-19T15:21:10","date_gmt":"2026-08-19T12:21:10","guid":{"rendered":"https:\/\/analyse.optim.biz\/?p=2107147"},"modified":"2026-08-19T15:21:10","modified_gmt":"2026-08-19T12:21:10","slug":"ziua-george-enescu-sarbatorita-la-aeroportul-international-george-enescu-bacau","status":"publish","type":"post","link":"https:\/\/analyse.optim.biz\/?p=2107147","title":{"rendered":"ZIUA GEORGE ENESCU s\u0103rb\u0103torit\u0103 la Aeroportul Interna\u021bional \u201eGeorge Enescu\u201d Bac\u0103u"},"content":{"rendered":"<p>[analyse_image type=&#8221;featured&#8221; src=&#8221;https:\/\/img.svnews.ro\/foto\/2026\/08\/19\/554519\/bb6768dbd03159ad70d596636-scaled.jpg&#8221;]<\/p>\n<div class=\"entry\"><img loading=\"lazy\" decoding=\"async\" width=\"650\" height=\"325\" src=\"https:\/\/img.svnews.ro\/foto\/2026\/08\/19\/554519\/bb6768dbd03159ad70d59663606500325.jpg\" alt><\/p>\n<div class=\"entry_content\">\n<p>Ast\u0103zi, <strong>19 august 2026<\/strong>, pentru a marca 145 de ani de la na\u0219terea lui George Enescu, <strong>Aeroportul Interna\u021bional \u201eGeorge Enescu\u201d Bac\u0103u<\/strong> a devenit spa\u021biul unei \u00eent\u00e2lniri cu muzica rom\u00e2neasc\u0103 \u0219i cu universul cultural pe care Enescu l-a reprezentat.<\/p>\n<p>Cu pu\u021bin timp \u00eenaintea \u00eembarc\u0103rii spre Bruxelles, pasagerii afla\u021bi \u00een sala de a\u0219teptare au devenit, pe nea\u0219teptate, publicul produc\u021biei artistice <strong>\u201eRom\u00e2nescul dor\u201d<\/strong> a Centrului de Cultur\u0103 \u201eGeorge Apostu\u201d.<\/p>\n<p><strong>Manifestarea a fost dedicat\u0103 \u00eemplinirii a 145 de ani de la na\u0219terea lui George Enescu \u0219i a avut ca scop aducerea actului cultural mai aproape de public, \u00een spa\u021bii neconven\u021bionale.<\/strong><\/p>\n<p>C\u0103l\u0103torii afla\u021bi \u00een tranzit au urm\u0103rit un moment muzical din produc\u021bia proprie <strong>\u201eRom\u00e2nescul dor\u201d<\/strong>, interpretat de <strong>soprana Gabriela I\u0219toc<\/strong>, acompaniat\u0103 la pian de <strong>Oanda-Aida Avram<\/strong>, cu un repertoriu care a adus \u00eempreun\u0103 crea\u021bii de George Enescu \u0219i Tiberiu Brediceanu. \u00a0Muzicii i s-a al\u0103turat dansul, printr-un moment de balet sus\u021binut de <strong>prof. Andra Florea-Roma\u0219canu<\/strong>.<\/p>\n<p><strong>Proiec\u021bia video \u201eEnescu 145\u201d<\/strong>, oferit\u0103 de Muzeul Na\u021bional \u201eGeorge Enescu\u201d, a adus \u00een acela\u0219i spa\u021biu imagini \u0219i repere din via\u021ba \u0219i crea\u021bia compozitorului, complet\u00e2nd muzica \u0219i dansul cu memoria marelui compozitor rom\u00e2n.<\/p>\n<p>\u201eBac\u0103ul a celebrat ast\u0103zi Ziua <em>George Enescu<\/em> printr-un moment special. Mul\u021bumesc domnului Bogdan T\u0103n\u0103sescu, manager al Muzeului Na\u021bional \u201eGeorge Enescu\u201d, \u0219i domnului Radu Bezniuc, managerul Aeroportului Interna\u021bional \u201eGeorge Enescu\u201d Bac\u0103u, pentru deschidere \u0219i pentru acest parteneriat pe care ne dorim s\u0103 \u00eel continu\u0103m prin noi proiecte. Le mul\u021bumesc, de asemenea, arti\u0219tilor \u0219i publicului care ni s-a al\u0103turat\u201d, a ad\u0103ugat Ovidiu Ungureanu, managerul Centrului de Cultur\u0103 \u201eGeorge Apostu\u201d.<\/p>\n<p><img loading=\"lazy\" decoding=\"async\" class=\"alignnone size-medium wp-image-554520\" src=\"https:\/\/img.svnews.ro\/foto\/2026\/08\/19\/554519\/79ba63b98878cbee502b2ac2506500433.jpg\" alt width=\"650\" height=\"433\"><\/p>\n<p><img loading=\"lazy\" decoding=\"async\" class=\"alignnone size-medium wp-image-554521\" src=\"https:\/\/img.svnews.ro\/foto\/2026\/08\/19\/554519\/85c0b682a0fda674da7d141e806500433.jpg\" alt width=\"650\" height=\"433\"><\/p>\n<p><img decoding=\"async\" loading=\"lazy\" class=\"alignnone size-medium wp-image-554522\" src=\"https:\/\/img.svnews.ro\/foto\/2026\/08\/19\/554519\/c8a357dacdf05186a3b69b36206500433.jpg\" alt width=\"650\" height=\"433\"><\/p>\n<p><img decoding=\"async\" loading=\"lazy\" class=\"alignnone size-medium wp-image-554523\" src=\"https:\/\/img.svnews.ro\/foto\/2026\/08\/19\/554519\/1f9b37a2160b186d5c7aa3e5106500433.jpg\" alt width=\"650\" height=\"433\"><\/p>\n<p><img decoding=\"async\" loading=\"lazy\" class=\"alignnone size-medium wp-image-554524\" src=\"https:\/\/img.svnews.ro\/foto\/2026\/08\/19\/554519\/b1ed6943eb7d37c5625b90a1a06500433.jpg\" alt width=\"650\" height=\"433\"><\/p>\n<p><img decoding=\"async\" loading=\"lazy\" class=\"alignnone size-medium wp-image-554525\" src=\"https:\/\/img.svnews.ro\/foto\/2026\/08\/19\/554519\/fde909c0de80e6a64668396ea06500433.jpg\" alt width=\"650\" height=\"433\"><\/p>\n<p><img decoding=\"async\" loading=\"lazy\" class=\"alignnone size-medium wp-image-554526\" src=\"https:\/\/img.svnews.ro\/foto\/2026\/08\/19\/554519\/844fec29b731c6ddd5183d01106500433.jpg\" alt width=\"650\" height=\"433\"><\/p>\n<p><img decoding=\"async\" loading=\"lazy\" class=\"alignnone size-medium wp-image-554527\" src=\"https:\/\/img.svnews.ro\/foto\/2026\/08\/19\/554519\/d0294d8acbb6539e02a947e1a06500433.jpg\" alt width=\"650\" height=\"433\"><\/p>\n<p><img decoding=\"async\" loading=\"lazy\" class=\"alignnone size-medium wp-image-554528\" src=\"https:\/\/img.svnews.ro\/foto\/2026\/08\/19\/554519\/ecd0a4962519568287961805c06500433.jpg\" alt width=\"650\" height=\"433\"><\/p>\n<p><img decoding=\"async\" loading=\"lazy\" class=\"alignnone size-medium wp-image-554529\" src=\"https:\/\/img.svnews.ro\/foto\/2026\/08\/19\/554519\/6a86d9124f8409f5b7ca5318406500433.jpg\" alt width=\"650\" height=\"433\"><\/p>\n<p><img decoding=\"async\" loading=\"lazy\" class=\"alignnone size-medium wp-image-554530\" src=\"https:\/\/img.svnews.ro\/foto\/2026\/08\/19\/554519\/fe8ccbaf09a8f3eb345fc8f9406500433.jpg\" alt width=\"650\" height=\"433\"><\/p>\n<p><img decoding=\"async\" loading=\"lazy\" class=\"alignnone size-medium wp-image-554531\" src=\"https:\/\/img.svnews.ro\/foto\/2026\/08\/19\/554519\/4906bc9928740b11376e427e406500433.jpg\" alt width=\"650\" height=\"433\"><\/p>\n<p><img decoding=\"async\" loading=\"lazy\" class=\"alignnone size-medium wp-image-554532\" src=\"https:\/\/img.svnews.ro\/foto\/2026\/08\/19\/554519\/95499921f2777ca4f78ac03a506500433.jpg\" alt width=\"650\" height=\"433\"><\/p>\n<p><img decoding=\"async\" loading=\"lazy\" class=\"alignnone size-medium wp-image-554533\" src=\"https:\/\/img.svnews.ro\/foto\/2026\/08\/19\/554519\/614bc4fe4ccb9e01b29f1e6a006500433.jpg\" alt width=\"650\" height=\"433\"><\/p>\n<p><img decoding=\"async\" loading=\"lazy\" class=\"alignnone size-medium wp-image-554534\" src=\"https:\/\/img.svnews.ro\/foto\/2026\/08\/19\/554519\/d5d32a12dc94da0ba61c508a306500433.jpg\" alt width=\"650\" height=\"433\"><\/p>\n<p><img decoding=\"async\" loading=\"lazy\" class=\"alignnone size-medium wp-image-554535\" src=\"https:\/\/img.svnews.ro\/foto\/2026\/08\/19\/554519\/a3726d0db50597380ca260d4906500433.jpg\" alt width=\"650\" height=\"433\"><\/p>\n<p><img decoding=\"async\" loading=\"lazy\" class=\"alignnone size-medium wp-image-554536\" src=\"https:\/\/img.svnews.ro\/foto\/2026\/08\/19\/554519\/c969a071a8abd5af90348343206500433.jpg\" alt width=\"650\" height=\"433\"><\/p>\n<p><img decoding=\"async\" loading=\"lazy\" class=\"alignnone size-medium wp-image-554537\" src=\"https:\/\/img.svnews.ro\/foto\/2026\/08\/19\/554519\/005f7cc573e86a3f8963099f906500433.jpg\" alt width=\"650\" height=\"433\"><\/p>\n<p><img decoding=\"async\" loading=\"lazy\" class=\"alignnone size-medium wp-image-554538\" src=\"https:\/\/img.svnews.ro\/foto\/2026\/08\/19\/554519\/3fb4ac45ab06e8669fc48e17b06500433.jpg\" alt width=\"650\" height=\"433\"><\/p>\n<p><img decoding=\"async\" loading=\"lazy\" class=\"alignnone size-medium wp-image-554539\" src=\"https:\/\/img.svnews.ro\/foto\/2026\/08\/19\/554519\/bb6768dbd03159ad70d59663606500433.jpg\" alt width=\"650\" height=\"433\"><\/p>\n<p><img decoding=\"async\" loading=\"lazy\" class=\"alignnone size-medium wp-image-554540\" src=\"https:\/\/img.svnews.ro\/foto\/2026\/08\/19\/554519\/2f6a60dfb2c04a0ed258a33fe06500433.jpg\" alt width=\"650\" height=\"433\"><\/p>\n<\/div>\n<div>\n<div>VN:F [1.9.22_1171]<\/div>\n<div class=\"ratingblock \">\n<div class=\"ratingstars \">\n<div id=\"article_loader_554519\" class=\"ratingloaderarticle\">\n<div class=\"loader arrows \">\n<div class=\"loaderinner\">se actualizeaz\u0103&#8230;<\/div>\n<\/div>\n<\/div>\n<\/div>\n<div class=\"ratingtext \">\n<div id=\"gdr_text_a554519\">Rating: 0.0\/<strong>10<\/strong> (0 votes cast)<\/div>\n<\/div>\n<\/div>\n<\/div>\n<\/div>\n<div class=\"entry_content\">\n<p>Ast\u0103zi, <strong>19 august 2026<\/strong>, pentru a marca 145 de ani de la na\u0219terea lui George Enescu, <strong>Aeroportul Interna\u021bional \u201eGeorge Enescu\u201d Bac\u0103u<\/strong> a devenit spa\u021biul unei \u00eent\u00e2lniri cu muzica rom\u00e2neasc\u0103 \u0219i cu universul cultural pe care Enescu l-a reprezentat.<\/p>\n<p>Cu pu\u021bin timp \u00eenaintea \u00eembarc\u0103rii spre Bruxelles, pasagerii afla\u021bi \u00een sala de a\u0219teptare au devenit, pe nea\u0219teptate, publicul produc\u021biei artistice <strong>\u201eRom\u00e2nescul dor\u201d<\/strong> a Centrului de Cultur\u0103 \u201eGeorge Apostu\u201d.<\/p>\n<p><strong>Manifestarea a fost dedicat\u0103 \u00eemplinirii a 145 de ani de la na\u0219terea lui George Enescu \u0219i a avut ca scop aducerea actului cultural mai aproape de public, \u00een spa\u021bii neconven\u021bionale.<\/strong><\/p>\n<p>C\u0103l\u0103torii afla\u021bi \u00een tranzit au urm\u0103rit un moment muzical din produc\u021bia proprie <strong>\u201eRom\u00e2nescul dor\u201d<\/strong>, interpretat de <strong>soprana Gabriela I\u0219toc<\/strong>, acompaniat\u0103 la pian de <strong>Oanda-Aida Avram<\/strong>, cu un repertoriu care a adus \u00eempreun\u0103 crea\u021bii de George Enescu \u0219i Tiberiu Brediceanu. \u00a0Muzicii i s-a al\u0103turat dansul, printr-un moment de balet sus\u021binut de <strong>prof. Andra Florea-Roma\u0219canu<\/strong>.<\/p>\n<p><strong>Proiec\u021bia video \u201eEnescu 145\u201d<\/strong>, oferit\u0103 de Muzeul Na\u021bional \u201eGeorge Enescu\u201d, a adus \u00een acela\u0219i spa\u021biu imagini \u0219i repere din via\u021ba \u0219i crea\u021bia compozitorului, complet\u00e2nd muzica \u0219i dansul cu memoria marelui compozitor rom\u00e2n.<\/p>\n<p>\u201eBac\u0103ul a celebrat ast\u0103zi Ziua <em>George Enescu<\/em> printr-un moment special. Mul\u021bumesc domnului Bogdan T\u0103n\u0103sescu, manager al Muzeului Na\u021bional \u201eGeorge Enescu\u201d, \u0219i domnului Radu Bezniuc, managerul Aeroportului Interna\u021bional \u201eGeorge Enescu\u201d Bac\u0103u, pentru deschidere \u0219i pentru acest parteneriat pe care ne dorim s\u0103 \u00eel continu\u0103m prin noi proiecte. Le mul\u021bumesc, de asemenea, arti\u0219tilor \u0219i publicului care ni s-a al\u0103turat\u201d, a ad\u0103ugat Ovidiu Ungureanu, managerul Centrului de Cultur\u0103 \u201eGeorge Apostu\u201d.<\/p>\n<p><img loading=\"lazy\" decoding=\"async\" class=\"alignnone size-medium wp-image-554520\" src=\"https:\/\/img.svnews.ro\/foto\/2026\/08\/19\/554519\/79ba63b98878cbee502b2ac2506500433.jpg\" alt width=\"650\" height=\"433\"><\/p>\n<p><img loading=\"lazy\" decoding=\"async\" class=\"alignnone size-medium wp-image-554521\" src=\"https:\/\/img.svnews.ro\/foto\/2026\/08\/19\/554519\/85c0b682a0fda674da7d141e806500433.jpg\" alt width=\"650\" height=\"433\"><\/p>\n<p><img decoding=\"async\" loading=\"lazy\" class=\"alignnone size-medium wp-image-554522\" src=\"https:\/\/img.svnews.ro\/foto\/2026\/08\/19\/554519\/c8a357dacdf05186a3b69b36206500433.jpg\" alt width=\"650\" height=\"433\"><\/p>\n<p><img decoding=\"async\" loading=\"lazy\" class=\"alignnone size-medium wp-image-554523\" src=\"https:\/\/img.svnews.ro\/foto\/2026\/08\/19\/554519\/1f9b37a2160b186d5c7aa3e5106500433.jpg\" alt width=\"650\" height=\"433\"><\/p>\n<p><img decoding=\"async\" loading=\"lazy\" class=\"alignnone size-medium wp-image-554524\" src=\"https:\/\/img.svnews.ro\/foto\/2026\/08\/19\/554519\/b1ed6943eb7d37c5625b90a1a06500433.jpg\" alt width=\"650\" height=\"433\"><\/p>\n<p><img decoding=\"async\" loading=\"lazy\" class=\"alignnone size-medium wp-image-554525\" src=\"https:\/\/img.svnews.ro\/foto\/2026\/08\/19\/554519\/fde909c0de80e6a64668396ea06500433.jpg\" alt width=\"650\" height=\"433\"><\/p>\n<p><img decoding=\"async\" loading=\"lazy\" class=\"alignnone size-medium wp-image-554526\" src=\"https:\/\/img.svnews.ro\/foto\/2026\/08\/19\/554519\/844fec29b731c6ddd5183d01106500433.jpg\" alt width=\"650\" height=\"433\"><\/p>\n<p><img decoding=\"async\" loading=\"lazy\" class=\"alignnone size-medium wp-image-554527\" src=\"https:\/\/img.svnews.ro\/foto\/2026\/08\/19\/554519\/d0294d8acbb6539e02a947e1a06500433.jpg\" alt width=\"650\" height=\"433\"><\/p>\n<p><img decoding=\"async\" loading=\"lazy\" class=\"alignnone size-medium wp-image-554528\" src=\"https:\/\/img.svnews.ro\/foto\/2026\/08\/19\/554519\/ecd0a4962519568287961805c06500433.jpg\" alt width=\"650\" height=\"433\"><\/p>\n<p><img decoding=\"async\" loading=\"lazy\" class=\"alignnone size-medium wp-image-554529\" src=\"https:\/\/img.svnews.ro\/foto\/2026\/08\/19\/554519\/6a86d9124f8409f5b7ca5318406500433.jpg\" alt width=\"650\" height=\"433\"><\/p>\n<p><img decoding=\"async\" loading=\"lazy\" class=\"alignnone size-medium wp-image-554530\" src=\"https:\/\/img.svnews.ro\/foto\/2026\/08\/19\/554519\/fe8ccbaf09a8f3eb345fc8f9406500433.jpg\" alt width=\"650\" height=\"433\"><\/p>\n<p><img decoding=\"async\" loading=\"lazy\" class=\"alignnone size-medium wp-image-554531\" src=\"https:\/\/img.svnews.ro\/foto\/2026\/08\/19\/554519\/4906bc9928740b11376e427e406500433.jpg\" alt width=\"650\" height=\"433\"><\/p>\n<p><img decoding=\"async\" loading=\"lazy\" class=\"alignnone size-medium wp-image-554532\" src=\"https:\/\/img.svnews.ro\/foto\/2026\/08\/19\/554519\/95499921f2777ca4f78ac03a506500433.jpg\" alt width=\"650\" height=\"433\"><\/p>\n<p><img decoding=\"async\" loading=\"lazy\" class=\"alignnone size-medium wp-image-554533\" src=\"https:\/\/img.svnews.ro\/foto\/2026\/08\/19\/554519\/614bc4fe4ccb9e01b29f1e6a006500433.jpg\" alt width=\"650\" height=\"433\"><\/p>\n<p><img decoding=\"async\" loading=\"lazy\" class=\"alignnone size-medium wp-image-554534\" src=\"https:\/\/img.svnews.ro\/foto\/2026\/08\/19\/554519\/d5d32a12dc94da0ba61c508a306500433.jpg\" alt width=\"650\" height=\"433\"><\/p>\n<p><img decoding=\"async\" loading=\"lazy\" class=\"alignnone size-medium wp-image-554535\" src=\"https:\/\/img.svnews.ro\/foto\/2026\/08\/19\/554519\/a3726d0db50597380ca260d4906500433.jpg\" alt width=\"650\" height=\"433\"><\/p>\n<p><img decoding=\"async\" loading=\"lazy\" class=\"alignnone size-medium wp-image-554536\" src=\"https:\/\/img.svnews.ro\/foto\/2026\/08\/19\/554519\/c969a071a8abd5af90348343206500433.jpg\" alt width=\"650\" height=\"433\"><\/p>\n<p><img decoding=\"async\" loading=\"lazy\" class=\"alignnone size-medium wp-image-554537\" src=\"https:\/\/img.svnews.ro\/foto\/2026\/08\/19\/554519\/005f7cc573e86a3f8963099f906500433.jpg\" alt width=\"650\" height=\"433\"><\/p>\n<p><img decoding=\"async\" loading=\"lazy\" class=\"alignnone size-medium wp-image-554538\" src=\"https:\/\/img.svnews.ro\/foto\/2026\/08\/19\/554519\/3fb4ac45ab06e8669fc48e17b06500433.jpg\" alt width=\"650\" height=\"433\"><\/p>\n<p><img decoding=\"async\" loading=\"lazy\" class=\"alignnone size-medium wp-image-554539\" src=\"https:\/\/img.svnews.ro\/foto\/2026\/08\/19\/554519\/bb6768dbd03159ad70d59663606500433.jpg\" alt width=\"650\" height=\"433\"><\/p>\n<p><img decoding=\"async\" loading=\"lazy\" class=\"alignnone size-medium wp-image-554540\" src=\"https:\/\/img.svnews.ro\/foto\/2026\/08\/19\/554519\/2f6a60dfb2c04a0ed258a33fe06500433.jpg\" alt width=\"650\" height=\"433\"><\/p>\n<\/div>\n<p>[analyse_source url=&#8221;https:\/\/www.svnews.ro\/ziua-george-enescu-sarbatorita-la-aeroportul-international-george-enescu-bacau\/554519\/&#8221;]<\/p>\n","protected":false},"excerpt":{"rendered":"<p>[analyse_image type=&#8221;featured&#8221; src=&#8221;https:\/\/img.svnews.ro\/foto\/2026\/08\/19\/554519\/bb6768dbd03159ad70d596636-scaled.jpg&#8221;] Ast\u0103zi, 19 august 2026, pentru a marca 145 de ani de la na\u0219terea lui George Enescu, Aeroportul Interna\u021bional \u201eGeorge Enescu\u201d Bac\u0103u a devenit spa\u021biul unei \u00eent\u00e2lniri cu muzica rom\u00e2neasc\u0103 \u0219i cu universul cultural pe care Enescu l-a reprezentat. Cu pu\u021bin timp \u00eenaintea \u00eembarc\u0103rii spre Bruxelles, pasagerii afla\u021bi \u00een sala de a\u0219teptare au [&hellip;]<\/p>\n","protected":false},"author":1,"featured_media":0,"comment_status":"open","ping_status":"","sticky":false,"template":"","format":"standard","meta":{"footnotes":""},"categories":[89],"tags":[226,175],"class_list":["post-2107147","post","type-post","status-publish","format-standard","hentry","category-romania","tag-crawlmanager","tag-svnews-ro"],"_links":{"self":[{"href":"https:\/\/analyse.optim.biz\/index.php?rest_route=\/wp\/v2\/posts\/2107147","targetHints":{"allow":["GET"]}}],"collection":[{"href":"https:\/\/analyse.optim.biz\/index.php?rest_route=\/wp\/v2\/posts"}],"about":[{"href":"https:\/\/analyse.optim.biz\/index.php?rest_route=\/wp\/v2\/types\/post"}],"author":[{"embeddable":true,"href":"https:\/\/analyse.optim.biz\/index.php?rest_route=\/wp\/v2\/users\/1"}],"replies":[{"embeddable":true,"href":"https:\/\/analyse.optim.biz\/index.php?rest_route=%2Fwp%2Fv2%2Fcomments&post=2107147"}],"version-history":[{"count":0,"href":"https:\/\/analyse.optim.biz\/index.php?rest_route=\/wp\/v2\/posts\/2107147\/revisions"}],"wp:attachment":[{"href":"https:\/\/analyse.optim.biz\/index.php?rest_route=%2Fwp%2Fv2%2Fmedia&parent=2107147"}],"wp:term":[{"taxonomy":"category","embeddable":true,"href":"https:\/\/analyse.optim.biz\/index.php?rest_route=%2Fwp%2Fv2%2Fcategories&post=2107147"},{"taxonomy":"post_tag","embeddable":true,"href":"https:\/\/analyse.optim.biz\/index.php?rest_route=%2Fwp%2Fv2%2Ftags&post=2107147"}],"curies":[{"name":"wp","href":"https:\/\/api.w.org\/{rel}","templated":true}]}}