{"id":2107109,"date":"2026-08-21T12:30:12","date_gmt":"2026-08-21T09:30:12","guid":{"rendered":"https:\/\/analyse.optim.biz\/?p=2107109"},"modified":"2026-08-21T12:30:12","modified_gmt":"2026-08-21T09:30:12","slug":"caravana-medicala-ajunge-in-cartierul-simileasca-consultatii-gratuite-pentru-adulti-si-copii","status":"publish","type":"post","link":"https:\/\/analyse.optim.biz\/?p=2107109","title":{"rendered":"Caravana medical\u0103 ajunge \u00een cartierul Simileasca. Consulta\u021bii gratuite pentru adul\u021bi \u0219i copii"},"content":{"rendered":"<p>[analyse_image type=&#8221;featured&#8221; src=&#8221;https:\/\/opiniabuzau.ro\/wp-content\/uploads\/2026\/08\/tensiunea.webp&#8221;]<\/p>\n<div class=\"entry-content entry clearfix\">\n<blockquote>\n<p class=\"isSelectedEnd\"><strong>Locuitorii cartierului Simileasca sunt invita\u021bi, s\u00e2mb\u0103t\u0103, 22 august 2026, \u00eencep\u00e2nd cu ora 10.00, la \u0218coala Gimnazial\u0103 Nr. 14, unde va avea loc o nou\u0103 edi\u021bie a Caravanei medicale. Evenimentul urm\u0103re\u0219te s\u0103 aduc\u0103 serviciile medicale mai aproape de comunitate \u0219i s\u0103 \u00eencurajeze preven\u021bia \u0219i depistarea timpurie a problemelor de s\u0103n\u0103tate.<\/strong><\/p>\n<\/blockquote>\n<p class=\"isSelectedEnd\">\u00cen cadrul caravanei, 11 medici vor oferi consulta\u021bii gratuite \u00een mai multe specialit\u0103\u021bi. Evenimentul este destinat unui num\u0103r de 150 de beneficiari, dintre care 100 de adul\u021bi \u0219i 50 de copii. Participan\u021bii vor putea beneficia, de asemenea, de analize medicale gratuite, \u00eentr-un demers menit s\u0103 faciliteze identificarea din timp a unor eventuale afec\u021biuni.<\/p>\n<p class=\"isSelectedEnd\">Prin includerea acestor ac\u021biuni la nivel local, autorit\u0103\u021bile urm\u0103resc reducerea barierelor \u00een accesul la servicii medicale \u0219i consolidarea m\u0103surilor de sprijin destinate comunit\u0103\u021bilor vulnerabile.<\/p>\n<p class=\"isSelectedEnd\">Dimensiunea medical\u0103 a evenimentului va fi completat\u0103 de activit\u0103\u021bi dedicate copiilor. Cei mici vor participa la ateliere interactive organizate \u00eempreun\u0103 cu proiectul \u201e\u0218coala din Parc\u201d, \u00eentr-un cadru adaptat v\u00e2rstei lor. Astfel, ziua este g\u00e2ndit\u0103 ca o \u00eent\u00e2lnire \u00een care s\u0103n\u0103tatea, educa\u021bia \u0219i activit\u0103\u021bile recreative se completeaz\u0103 reciproc.<\/p>\n<p class=\"isSelectedEnd\">Mesajul transmis de organizatori pune accent pe apropierea serviciilor medicale de oameni \u0219i pe importan\u021ba preven\u021biei. <em>\u201eS\u0103n\u0103tatea trebuie s\u0103 fie accesibil\u0103 tuturor, iar prin astfel de caravane aducem medicul mai aproape de oameni, direct \u00een comunit\u0103\u021bile \u00een care tr\u0103iesc\u201d<\/em>, este ideea central\u0103 a demersului. Consulta\u021biile \u0219i analizele gratuite reprezint\u0103, astfel, \u0219i instrumente de informare \u0219i preven\u021bie.<\/p>\n<div class=\"stream-item stream-item-in-post stream-item-inline-post aligncenter\"><a href=\"https:\/\/vreaulanova.ro\/?utm_source=opiniabuzau&amp;utm_medium=image\" title target=\"_blank\"><img loading=\"lazy\" decoding=\"async\" data-od-unknown-tag data-od-xpath=\"\/HTML\/BODY\/DIV[@class=&apos;background-overlay&apos;]\/*[1][self::DIV]\/*[1][self::DIV]\/*[4][self::DIV]\/*[1][self::DIV]\/*[1][self::DIV]\/*[2][self::ARTICLE]\/*[3][self::DIV]\/*[7][self::DIV]\/*[1][self::A]\/*[1][self::IMG]\" src=\"https:\/\/opiniabuzau.ro\/wp-content\/smush-webp\/2022\/02\/MicrosoftTeams-image-4-1.jpg.webp\" alt width=\"728\" height=\"91\" class=\"perfmatters-lazy\"><img loading=\"lazy\" decoding=\"async\" data-od-unknown-tag data-od-xpath=\"\/HTML\/BODY\/DIV[@class=&apos;background-overlay&apos;]\/*[1][self::DIV]\/*[1][self::DIV]\/*[4][self::DIV]\/*[1][self::DIV]\/*[1][self::DIV]\/*[2][self::ARTICLE]\/*[3][self::DIV]\/*[7][self::DIV]\/*[1][self::A]\/*[1][self::IMG]\" src=\"https:\/\/opiniabuzau.ro\/wp-content\/smush-webp\/2022\/02\/MicrosoftTeams-image-4-1.jpg.webp\" alt width=\"728\" height=\"91\"><\/a><\/div>\n<p class=\"isSelectedEnd\">Caravana medical\u0103 de la Simileasca se \u00eenscrie, prin urmare, \u00eentr-un efort mai amplu de promovare a accesului la servicii medicale \u0219i a educa\u021biei pentru s\u0103n\u0103tate. Pentru comunitate, evenimentul reprezint\u0103 o oportunitate de a beneficia de consulta\u021bii \u0219i investiga\u021bii gratuite, direct \u00een proximitatea locuin\u021belor.<\/p>\n<p>Caravana este organizat\u0103 cu sprijinul Prim\u0103riei Municipiului Buz\u0103u, Consiliului Jude\u021bean Buz\u0103u, Spitalului Jude\u021bean Buz\u0103u, Funda\u021biei Communitas, Centrului Cultural \u0219i Educa\u021bional \u201eAlexandru Marghiloman\u201d \u0219i Farmaciilor Maxifarma.<\/p>\n<\/div>\n<p>[analyse_source url=&#8221;https:\/\/opiniabuzau.ro\/caravana-medicala-ajunge-in-cartierul-simileasca-consultatii-gratuite-pentru-adulti-si-copii\/&#8221;]<\/p>\n","protected":false},"excerpt":{"rendered":"<p>[analyse_image type=&#8221;featured&#8221; src=&#8221;https:\/\/opiniabuzau.ro\/wp-content\/uploads\/2026\/08\/tensiunea.webp&#8221;] Locuitorii cartierului Simileasca sunt invita\u021bi, s\u00e2mb\u0103t\u0103, 22 august 2026, \u00eencep\u00e2nd cu ora 10.00, la \u0218coala Gimnazial\u0103 Nr. 14, unde va avea loc o nou\u0103 edi\u021bie a Caravanei medicale. Evenimentul urm\u0103re\u0219te s\u0103 aduc\u0103 serviciile medicale mai aproape de comunitate \u0219i s\u0103 \u00eencurajeze preven\u021bia \u0219i depistarea timpurie a problemelor de s\u0103n\u0103tate. \u00cen cadrul caravanei, [&hellip;]<\/p>\n","protected":false},"author":1,"featured_media":0,"comment_status":"open","ping_status":"","sticky":false,"template":"","format":"standard","meta":{"footnotes":""},"categories":[2],"tags":[226,44],"class_list":["post-2107109","post","type-post","status-publish","format-standard","hentry","category-politics","tag-crawlmanager","tag-opiniabuzau-ro"],"_links":{"self":[{"href":"https:\/\/analyse.optim.biz\/index.php?rest_route=\/wp\/v2\/posts\/2107109","targetHints":{"allow":["GET"]}}],"collection":[{"href":"https:\/\/analyse.optim.biz\/index.php?rest_route=\/wp\/v2\/posts"}],"about":[{"href":"https:\/\/analyse.optim.biz\/index.php?rest_route=\/wp\/v2\/types\/post"}],"author":[{"embeddable":true,"href":"https:\/\/analyse.optim.biz\/index.php?rest_route=\/wp\/v2\/users\/1"}],"replies":[{"embeddable":true,"href":"https:\/\/analyse.optim.biz\/index.php?rest_route=%2Fwp%2Fv2%2Fcomments&post=2107109"}],"version-history":[{"count":0,"href":"https:\/\/analyse.optim.biz\/index.php?rest_route=\/wp\/v2\/posts\/2107109\/revisions"}],"wp:attachment":[{"href":"https:\/\/analyse.optim.biz\/index.php?rest_route=%2Fwp%2Fv2%2Fmedia&parent=2107109"}],"wp:term":[{"taxonomy":"category","embeddable":true,"href":"https:\/\/analyse.optim.biz\/index.php?rest_route=%2Fwp%2Fv2%2Fcategories&post=2107109"},{"taxonomy":"post_tag","embeddable":true,"href":"https:\/\/analyse.optim.biz\/index.php?rest_route=%2Fwp%2Fv2%2Ftags&post=2107109"}],"curies":[{"name":"wp","href":"https:\/\/api.w.org\/{rel}","templated":true}]}}