{"id":2107107,"date":"2026-08-21T11:30:31","date_gmt":"2026-08-21T08:30:31","guid":{"rendered":"https:\/\/analyse.optim.biz\/?p=2107107"},"modified":"2026-08-21T11:30:31","modified_gmt":"2026-08-21T08:30:31","slug":"la-un-pas-de-paralizie-totala-pacienta-operata-in-premiera-de-echipa-de-neurochirurgie-a-spitalului-judetean","status":"publish","type":"post","link":"https:\/\/analyse.optim.biz\/?p=2107107","title":{"rendered":"La un pas de paralizie total\u0103: pacient\u0103 operat\u0103 \u00een premier\u0103 de echipa de neurochirurgie a Spitalului Jude\u021bean"},"content":{"rendered":"<p>[analyse_image type=&#8221;featured&#8221; src=&#8221;https:\/\/opiniabuzau.ro\/wp-content\/uploads\/2025\/02\/chirurgi.png&#8221;]<\/p>\n<div class=\"entry-content entry clearfix\">\n<blockquote>\n<p class=\"isSelectedEnd\"><strong>Un caz neurochirurgical complex a fost solu\u021bionat \u00een premier\u0103 la Spitalul Jude\u021bean de Urgen\u021b\u0103 Buz\u0103u, unde o buzoian\u0103 \u00een v\u00e2rst\u0103 de 63 de ani a fost supus\u0103 unei interven\u021bii pentru rezec\u021bia unei forma\u021biuni tumorale toracale care ocupa peste 80% din canalul medular.<\/strong><\/p>\n<\/blockquote>\n<p class=\"isSelectedEnd\">Cazul a \u00eenceput cu c\u00e2teva simptome neurologice aparent nespecifice. Pacienta s-a prezentat la Cabinetul de Neurologie din cadrul Ambulatoriului de Specialitate al S.J.U. Buz\u0103u pentru tulbur\u0103ri de mers. \u00cen urma consulta\u021biei, medicul Roxana Du\u021b\u0103 a recomandat efectuarea unor investiga\u021bii imagistice. Rezultatele au eviden\u021biat existen\u021ba unei forma\u021biuni tumorale toracale.<\/p>\n<p class=\"isSelectedEnd\">Evolu\u021bia bolii a fost \u00eens\u0103 rapid\u0103. Pe m\u0103sur\u0103 ce deficitul neurologic s-a accentuat, pacienta a fost direc\u021bionat\u0103 c\u0103tre Cabinetul de Neurochirurgie. Examinarea de specialitate a ar\u0103tat o afectare sever\u0103 a func\u021biei motorii, cu paralizie aproape complet\u0103 a membrelor inferioare. \u00cen acest context, interven\u021bia chirurgical\u0103 a devenit necesar\u0103.<\/p>\n<p class=\"isSelectedEnd\"><em>\u201e\u00cempreun\u0103 cu colegii mei, dr. Bogdan Rotund \u0219i dr. Ene Ana-Maria, am realizat aceast\u0103 procedur\u0103 medical\u0103 complex\u0103\u201d<\/em>, a declarat dr. \u0218tefan Rot\u0103rescu, medicul neurochirurg care a f\u0103cut parte din echipa operatorie.<\/p>\n<p class=\"isSelectedEnd\"><img loading=\"lazy\" decoding=\"async\" data-od-unknown-tag data-od-xpath=\"\/HTML\/BODY\/DIV[@class=&apos;background-overlay&apos;]\/*[1][self::DIV]\/*[1][self::DIV]\/*[4][self::DIV]\/*[1][self::DIV]\/*[1][self::DIV]\/*[2][self::ARTICLE]\/*[3][self::DIV]\/*[6][self::P]\/*[1][self::IMG]\" class=\"size-medium wp-image-478118 alignleft perfmatters-lazy\" src=\"https:\/\/opiniabuzau.ro\/wp-content\/uploads\/2026\/08\/rezectie-tumorala-2026-220x220.webp\" alt width=\"220\" height=\"220\"><\/p>\n<p><img loading=\"lazy\" decoding=\"async\" data-od-unknown-tag data-od-xpath=\"\/HTML\/BODY\/DIV[@class=&apos;background-overlay&apos;]\/*[1][self::DIV]\/*[1][self::DIV]\/*[4][self::DIV]\/*[1][self::DIV]\/*[1][self::DIV]\/*[2][self::ARTICLE]\/*[3][self::DIV]\/*[6][self::P]\/*[1][self::IMG]\" class=\"size-medium wp-image-478118 alignleft\" src=\"https:\/\/opiniabuzau.ro\/wp-content\/uploads\/2026\/08\/rezectie-tumorala-2026-220x220.webp\" alt width=\"220\" height=\"220\">Dificultatea cazului a fost determinat\u0103 \u00een principal de raportul dintre dimensiunea tumorii \u0219i calibrul canalului toracal. Forma\u021biunea ocupa peste 80% din suprafa\u021ba canalului medular, ceea ce l\u0103sa un spa\u021biu redus pentru structurile nervoase \u0219i impunea un control atent al interven\u021biei. La complexitatea actului chirurgical s-a ad\u0103ugat \u0219i starea general\u0103 a pacientei. Pentru realizarea opera\u021biei, aceasta a fost pozi\u021bionat\u0103 cu fa\u021ba \u00een jos, iar existen\u021ba unei patologii cardiace preexistente a impus o monitorizare anestezic\u0103 atent\u0103 pe durata procedurii. Supravegherea a fost asigurat\u0103 de medicul Georgiana Mocanu, c\u0103reia echipa chirurgical\u0103 i-a mul\u021bumit pentru gestionarea componentei anestezice a cazului.<\/p>\n<div class=\"stream-item stream-item-in-post stream-item-inline-post aligncenter\"><a href=\"https:\/\/vreaulanova.ro\/?utm_source=opiniabuzau&amp;utm_medium=image\" title target=\"_blank\"><img loading=\"lazy\" decoding=\"async\" data-od-unknown-tag data-od-xpath=\"\/HTML\/BODY\/DIV[@class=&apos;background-overlay&apos;]\/*[1][self::DIV]\/*[1][self::DIV]\/*[4][self::DIV]\/*[1][self::DIV]\/*[1][self::DIV]\/*[2][self::ARTICLE]\/*[3][self::DIV]\/*[7][self::DIV]\/*[1][self::A]\/*[1][self::IMG]\" src=\"https:\/\/opiniabuzau.ro\/wp-content\/smush-webp\/2022\/02\/MicrosoftTeams-image-4-1.jpg.webp\" alt width=\"728\" height=\"91\" class=\"perfmatters-lazy\"><img loading=\"lazy\" decoding=\"async\" data-od-unknown-tag data-od-xpath=\"\/HTML\/BODY\/DIV[@class=&apos;background-overlay&apos;]\/*[1][self::DIV]\/*[1][self::DIV]\/*[4][self::DIV]\/*[1][self::DIV]\/*[1][self::DIV]\/*[2][self::ARTICLE]\/*[3][self::DIV]\/*[7][self::DIV]\/*[1][self::A]\/*[1][self::IMG]\" src=\"https:\/\/opiniabuzau.ro\/wp-content\/smush-webp\/2022\/02\/MicrosoftTeams-image-4-1.jpg.webp\" alt width=\"728\" height=\"91\"><\/a><\/div>\n<p class=\"isSelectedEnd\">Dup\u0103 dou\u0103 ore, interven\u021bia s-a \u00eencheiat cu rezec\u021bia complet\u0103 a forma\u021biunii tumorale. Potrivit medicului \u0218tefan Rot\u0103rescu, procedura nu a fost urmat\u0103 de complica\u021bii intraoperatorii, iar pacienta a fost transferat\u0103 pe sec\u021bie pentru supraveghere \u0219i \u00eengrijiri postoperatorii.<\/p>\n<p class=\"isSelectedEnd\">Primele semne de evolu\u021bie favorabil\u0103 au ap\u0103rut rapid. Deficitul motor s-a ameliorat \u00een perioada imediat urm\u0103toare interven\u021biei, iar \u00een 21 august pacienta a fost inclus\u0103 \u00een programul de recuperare medical\u0103 al S.J.U. Buz\u0103u. Recuperarea neurologic\u0103 va reprezenta etapa urm\u0103toare \u00een evaluarea rezultatului func\u021bional al interven\u021biei.<\/p>\n<p class=\"isSelectedEnd\">Pentru Spitalul Jude\u021bean de Urgen\u021b\u0103 Buz\u0103u, cazul reprezint\u0103 o premier\u0103 prin realizarea unei astfel de interven\u021bii neurochirurgicale \u00een cadrul unit\u0103\u021bii. Conducerea spitalului atribuie dezvoltarea acestui tip de interven\u021bii \u0219i investi\u021biilor realizate \u00een ultimii ani \u00een aparatur\u0103 \u0219i echipamente medicale.<\/p>\n<p class=\"isSelectedEnd\"><em>\u201eNe dorim ca pe viitor tot mai multe interven\u021bii de acest fel s\u0103 se efectueze \u00een cadrul S.J.U. Buz\u0103u, iar pacien\u021bii s\u0103 apeleze cu \u00eencredere la serviciile medicale pe care spitalul le ofer\u0103\u201d,<\/em> a declarat ec. Claudiu Damian, managerul SJU Buz\u0103u.<\/p>\n<p>Interven\u021bia din 20 august deschide astfel o nou\u0103 etap\u0103 pentru serviciul de neurochirurgie al spitalului buzoian, prin posibilitatea abord\u0103rii locale a unor cazuri complexe care necesit\u0103 interven\u021bie chirurgical\u0103 asupra forma\u021biunilor tumorale toracale.<\/p>\n<\/div>\n<p>[analyse_source url=&#8221;https:\/\/opiniabuzau.ro\/la-un-pas-de-paralizie-totala-pacienta-operata-in-premiera-de-echipa-de-neurochirurgie-a-spitalului-judetean\/&#8221;]<\/p>\n","protected":false},"excerpt":{"rendered":"<p>[analyse_image type=&#8221;featured&#8221; src=&#8221;https:\/\/opiniabuzau.ro\/wp-content\/uploads\/2025\/02\/chirurgi.png&#8221;] Un caz neurochirurgical complex a fost solu\u021bionat \u00een premier\u0103 la Spitalul Jude\u021bean de Urgen\u021b\u0103 Buz\u0103u, unde o buzoian\u0103 \u00een v\u00e2rst\u0103 de 63 de ani a fost supus\u0103 unei interven\u021bii pentru rezec\u021bia unei forma\u021biuni tumorale toracale care ocupa peste 80% din canalul medular. Cazul a \u00eenceput cu c\u00e2teva simptome neurologice aparent nespecifice. Pacienta [&hellip;]<\/p>\n","protected":false},"author":1,"featured_media":0,"comment_status":"open","ping_status":"","sticky":false,"template":"","format":"standard","meta":{"footnotes":""},"categories":[2],"tags":[226,44],"class_list":["post-2107107","post","type-post","status-publish","format-standard","hentry","category-politics","tag-crawlmanager","tag-opiniabuzau-ro"],"_links":{"self":[{"href":"https:\/\/analyse.optim.biz\/index.php?rest_route=\/wp\/v2\/posts\/2107107","targetHints":{"allow":["GET"]}}],"collection":[{"href":"https:\/\/analyse.optim.biz\/index.php?rest_route=\/wp\/v2\/posts"}],"about":[{"href":"https:\/\/analyse.optim.biz\/index.php?rest_route=\/wp\/v2\/types\/post"}],"author":[{"embeddable":true,"href":"https:\/\/analyse.optim.biz\/index.php?rest_route=\/wp\/v2\/users\/1"}],"replies":[{"embeddable":true,"href":"https:\/\/analyse.optim.biz\/index.php?rest_route=%2Fwp%2Fv2%2Fcomments&post=2107107"}],"version-history":[{"count":0,"href":"https:\/\/analyse.optim.biz\/index.php?rest_route=\/wp\/v2\/posts\/2107107\/revisions"}],"wp:attachment":[{"href":"https:\/\/analyse.optim.biz\/index.php?rest_route=%2Fwp%2Fv2%2Fmedia&parent=2107107"}],"wp:term":[{"taxonomy":"category","embeddable":true,"href":"https:\/\/analyse.optim.biz\/index.php?rest_route=%2Fwp%2Fv2%2Fcategories&post=2107107"},{"taxonomy":"post_tag","embeddable":true,"href":"https:\/\/analyse.optim.biz\/index.php?rest_route=%2Fwp%2Fv2%2Ftags&post=2107107"}],"curies":[{"name":"wp","href":"https:\/\/api.w.org\/{rel}","templated":true}]}}