{"id":2107029,"date":"2026-08-21T18:47:14","date_gmt":"2026-08-21T15:47:14","guid":{"rendered":"https:\/\/analyse.optim.biz\/?p=2107029"},"modified":"2026-08-21T18:47:14","modified_gmt":"2026-08-21T15:47:14","slug":"pe-29-august-suflatorul-de-vise-aduce-noaptea-muzeelor-la-sate-in-malaia-muzica-traditionala-film-si-observatii-astronomice-la-scoala-veche-din-salistea","status":"publish","type":"post","link":"https:\/\/analyse.optim.biz\/?p=2107029","title":{"rendered":"Pe 29 august, \u201eSufl\u0103torul de vise\u201d aduce Noaptea Muzeelor la Sate \u00een M\u0103laia. Muzic\u0103 tradi\u021bional\u0103, film \u0219i observa\u021bii astronomice la \u0218coala Veche din S\u0103li\u0219tea"},"content":{"rendered":"<p>[analyse_image type=&#8221;featured&#8221; src=&#8221;https:\/\/www.impactreal.ro\/wp-content\/uploads\/2026\/08\/MALAIA-4f536f9df354-1024&#215;576.png&#8221;]<\/p>\n<div class=\"single-news-content\">\n<div class=\"news-image\"><img loading=\"lazy\" decoding=\"async\" width=\"1672\" height=\"941\" src=\"https:\/\/www.impactreal.ro\/wp-content\/uploads\/2026\/08\/MALAIA-4f536f9df354.png\" class=\"img-responsive wp-post-image\" alt=\"Pe 29 august, \u201eSufl\u0103torul de vise\u201d aduce Noaptea Muzeelor la Sate \u00een M\u0103laia. Muzic\u0103 tradi\u021bional\u0103, film \u0219i observa\u021bii astronomice la \u0218coala Veche din S\u0103li\u0219tea\"><\/div>\n<div class=\"news-detail clearfix\">\n<div class=\"entry-meta\"><span class=\"posted-date\"><a href=\"https:\/\/www.impactreal.ro\/2026\/08\/21\/pe-29-august-suflatorul-de-vise-aduce-noaptea-muzeelor-la-sate-in-malaia-muzica-traditionala-film-si-observatii-astronomice-la-scoala-veche-din-salistea\/\" rel=\"bookmark\"><time class=\"entry-date published updated\" datetime=\"2026-08-21T21:47:14+03:00\">21 august 2026<\/time><\/a><\/span><span class=\"author vcard\"><a href=\"https:\/\/www.impactreal.ro\/author\/claudia-schiopu\/\">Claudia Schiopu<\/a><\/span><span class=\"cat-links\"><a href=\"https:\/\/www.impactreal.ro\/category\/administratie\/\" rel=\"category tag\">Administra\u0163ie<\/a><a href=\"https:\/\/www.impactreal.ro\/category\/malaia\/\" rel=\"category tag\">Malaia<\/a><\/span><\/div>\n<div class=\"news-content editor-content-entry\">\n<p>\u0218coala Veche din S\u0103li\u0219tea \u00ee\u0219i deschide por\u021bile pe 29 august pentru o nou\u0103 edi\u021bie a evenimentului \u201eNoaptea Muzeelor la Sate\u201d. Publicul va putea vizita Expozi\u021bia \u201eFluierele Lumii\u201d, va asista la demonstra\u021bii muzicale, va urm\u0103ri filmul \u201eUltima transhuman\u021b\u0103\u201d \u0219i va observa cerul prin telescop. Evenimentul poart\u0103 numele \u201eSufl\u0103torul de vise\u201d \u0219i este organizat de Asocia\u021bia Cultural\u0103 ISVOR.<\/p>\n<p><strong><u>V\u00e2lcea, pe harta evenimentului na\u021bional<\/u><\/strong><\/p>\n<p>S\u0103li\u0219tea, din comuna M\u0103laia, particip\u0103 pentru al doilea an consecutiv la \u201eNoaptea Muzeelor la Sate\u201d, proiect lansat \u00een 2023 de Re\u021beaua Na\u021bional\u0103 a Muzeelor din Rom\u00e2nia. Ini\u021biativa prezint\u0103 publicului colec\u021bii, case memoriale, biserici de lemn, gospod\u0103rii tradi\u021bionale \u0219i alte spa\u021bii care p\u0103streaz\u0103 istoria satului rom\u00e2nesc.<\/p>\n<p>La M\u0103laia, programul se desf\u0103\u0219oar\u0103 la \u0218coala Veche, unde se afl\u0103 Expozi\u021bia \u201eFluierele Lumii\u201d, o colec\u021bie dedicat\u0103 instrumentelor tradi\u021bionale de suflat \u0219i de percu\u021bie.<\/p>\n<p><strong><u>Tururi ghidate \u0219i demonstra\u021bii muzicale<\/u><\/strong><\/p>\n<p>Programul \u00eencepe la ora 18:00, cu tururi ghidate prin expozi\u021bie. Cei prezen\u021bi vor afla pove\u0219tile instrumentelor expuse \u0219i vor putea asculta demonstra\u021biile muzicale sus\u021binute de Oana \u0219i Daniel Iva\u0219cu, fondatorii ansamblului Imago Mundi.<\/p>\n<p>Dup\u0103 vizitarea expozi\u021biei, oaspe\u021bii sunt invita\u021bi la o mas\u0103 comun\u0103, cu preparate aduse din mai multe zone. \u00cent\u00e2lnirea va oferi prilejul unor discu\u021bii despre tradi\u021bii, muzic\u0103 \u0219i istoria locurilor de pe Valea Lotrului.<\/p>\n<p><strong><u>Proiec\u021bia filmului \u201eUltima transhuman\u021b\u0103<\/u><\/strong>\u201d<\/p>\n<p>Unul dintre momentele principale ale serii este \u00eent\u00e2lnirea cu Drago\u0219 Lumpan, care va prezenta filmul documentar \u201eUltima transhuman\u021b\u0103\u201d. Produc\u021bia urm\u0103re\u0219te p\u0103storii \u0219i turmele care mai str\u0103bat vechile drumuri ale transhuman\u021bei, un obicei p\u0103strat timp de mii de ani, dar tot mai rar \u00eent\u00e2lnit.<\/p>\n<p>Subiectul are o leg\u0103tur\u0103 direct\u0103 cu Valea Lotrului, zon\u0103 \u00een care p\u0103storitul \u0219i deplasarea turmelor \u00eentre sate \u0219i munte au ocupat un loc important \u00een istoria local\u0103.<\/p>\n<p>Dup\u0103 proiec\u021bie, publicul este invitat afar\u0103 pentru observa\u021bii astronomice. Cu ajutorul unui telescop, cei prezen\u021bi vor putea \u00eencheia seara privind cerul deasupra S\u0103li\u0219tei.<\/p>\n<p><strong><u>Un proiect \u00eenceput \u00een 2025<\/u><\/strong><\/p>\n<p>\u201eSufl\u0103torul de vise\u201d, ini\u021biat de Asocia\u021bia Cultural\u0103 ISVOR, continu\u0103 activit\u0103\u021bile \u00eencepute \u00een 2025 prin proiectul \u201eMuzeul Fluierelor Lumii\u201d, realizat al\u0103turi de Prim\u0103ria Comunei M\u0103laia.<\/p>\n<p>Prin participarea la \u201eNoaptea Muzeelor la Sate\u201d, S\u0103li\u0219tea revine pe harta cultural\u0103 na\u021bional\u0103 cu un program care reune\u0219te instrumente tradi\u021bionale, muzic\u0103, film \u0219i astronomie.<\/p>\n<p>Accesul publicului \u00eencepe pe 29 august, de la ora 18:00, la \u0218coala Veche.<\/p>\n<\/div>\n<\/div>\n<\/div>\n<div class=\"news-content editor-content-entry\">\n<p>\u0218coala Veche din S\u0103li\u0219tea \u00ee\u0219i deschide por\u021bile pe 29 august pentru o nou\u0103 edi\u021bie a evenimentului \u201eNoaptea Muzeelor la Sate\u201d. Publicul va putea vizita Expozi\u021bia \u201eFluierele Lumii\u201d, va asista la demonstra\u021bii muzicale, va urm\u0103ri filmul \u201eUltima transhuman\u021b\u0103\u201d \u0219i va observa cerul prin telescop. Evenimentul poart\u0103 numele \u201eSufl\u0103torul de vise\u201d \u0219i este organizat de Asocia\u021bia Cultural\u0103 ISVOR.<\/p>\n<p><strong><u>V\u00e2lcea, pe harta evenimentului na\u021bional<\/u><\/strong><\/p>\n<p>S\u0103li\u0219tea, din comuna M\u0103laia, particip\u0103 pentru al doilea an consecutiv la \u201eNoaptea Muzeelor la Sate\u201d, proiect lansat \u00een 2023 de Re\u021beaua Na\u021bional\u0103 a Muzeelor din Rom\u00e2nia. Ini\u021biativa prezint\u0103 publicului colec\u021bii, case memoriale, biserici de lemn, gospod\u0103rii tradi\u021bionale \u0219i alte spa\u021bii care p\u0103streaz\u0103 istoria satului rom\u00e2nesc.<\/p>\n<p>La M\u0103laia, programul se desf\u0103\u0219oar\u0103 la \u0218coala Veche, unde se afl\u0103 Expozi\u021bia \u201eFluierele Lumii\u201d, o colec\u021bie dedicat\u0103 instrumentelor tradi\u021bionale de suflat \u0219i de percu\u021bie.<\/p>\n<p><strong><u>Tururi ghidate \u0219i demonstra\u021bii muzicale<\/u><\/strong><\/p>\n<p>Programul \u00eencepe la ora 18:00, cu tururi ghidate prin expozi\u021bie. Cei prezen\u021bi vor afla pove\u0219tile instrumentelor expuse \u0219i vor putea asculta demonstra\u021biile muzicale sus\u021binute de Oana \u0219i Daniel Iva\u0219cu, fondatorii ansamblului Imago Mundi.<\/p>\n<p>Dup\u0103 vizitarea expozi\u021biei, oaspe\u021bii sunt invita\u021bi la o mas\u0103 comun\u0103, cu preparate aduse din mai multe zone. \u00cent\u00e2lnirea va oferi prilejul unor discu\u021bii despre tradi\u021bii, muzic\u0103 \u0219i istoria locurilor de pe Valea Lotrului.<\/p>\n<p><strong><u>Proiec\u021bia filmului \u201eUltima transhuman\u021b\u0103<\/u><\/strong>\u201d<\/p>\n<p>Unul dintre momentele principale ale serii este \u00eent\u00e2lnirea cu Drago\u0219 Lumpan, care va prezenta filmul documentar \u201eUltima transhuman\u021b\u0103\u201d. Produc\u021bia urm\u0103re\u0219te p\u0103storii \u0219i turmele care mai str\u0103bat vechile drumuri ale transhuman\u021bei, un obicei p\u0103strat timp de mii de ani, dar tot mai rar \u00eent\u00e2lnit.<\/p>\n<p>Subiectul are o leg\u0103tur\u0103 direct\u0103 cu Valea Lotrului, zon\u0103 \u00een care p\u0103storitul \u0219i deplasarea turmelor \u00eentre sate \u0219i munte au ocupat un loc important \u00een istoria local\u0103.<\/p>\n<p>Dup\u0103 proiec\u021bie, publicul este invitat afar\u0103 pentru observa\u021bii astronomice. Cu ajutorul unui telescop, cei prezen\u021bi vor putea \u00eencheia seara privind cerul deasupra S\u0103li\u0219tei.<\/p>\n<p><strong><u>Un proiect \u00eenceput \u00een 2025<\/u><\/strong><\/p>\n<p>\u201eSufl\u0103torul de vise\u201d, ini\u021biat de Asocia\u021bia Cultural\u0103 ISVOR, continu\u0103 activit\u0103\u021bile \u00eencepute \u00een 2025 prin proiectul \u201eMuzeul Fluierelor Lumii\u201d, realizat al\u0103turi de Prim\u0103ria Comunei M\u0103laia.<\/p>\n<p>Prin participarea la \u201eNoaptea Muzeelor la Sate\u201d, S\u0103li\u0219tea revine pe harta cultural\u0103 na\u021bional\u0103 cu un program care reune\u0219te instrumente tradi\u021bionale, muzic\u0103, film \u0219i astronomie.<\/p>\n<p>Accesul publicului \u00eencepe pe 29 august, de la ora 18:00, la \u0218coala Veche.<\/p>\n<\/div>\n<div class=\"news-content editor-content-entry\">\n<p>\u0218coala Veche din S\u0103li\u0219tea \u00ee\u0219i deschide por\u021bile pe 29 august pentru o nou\u0103 edi\u021bie a evenimentului \u201eNoaptea Muzeelor la Sate\u201d. Publicul va putea vizita Expozi\u021bia \u201eFluierele Lumii\u201d, va asista la demonstra\u021bii muzicale, va urm\u0103ri filmul \u201eUltima transhuman\u021b\u0103\u201d \u0219i va observa cerul prin telescop. Evenimentul poart\u0103 numele \u201eSufl\u0103torul de vise\u201d \u0219i este organizat de Asocia\u021bia Cultural\u0103 ISVOR.<\/p>\n<p><strong><u>V\u00e2lcea, pe harta evenimentului na\u021bional<\/u><\/strong><\/p>\n<p>S\u0103li\u0219tea, din comuna M\u0103laia, particip\u0103 pentru al doilea an consecutiv la \u201eNoaptea Muzeelor la Sate\u201d, proiect lansat \u00een 2023 de Re\u021beaua Na\u021bional\u0103 a Muzeelor din Rom\u00e2nia. Ini\u021biativa prezint\u0103 publicului colec\u021bii, case memoriale, biserici de lemn, gospod\u0103rii tradi\u021bionale \u0219i alte spa\u021bii care p\u0103streaz\u0103 istoria satului rom\u00e2nesc.<\/p>\n<p>La M\u0103laia, programul se desf\u0103\u0219oar\u0103 la \u0218coala Veche, unde se afl\u0103 Expozi\u021bia \u201eFluierele Lumii\u201d, o colec\u021bie dedicat\u0103 instrumentelor tradi\u021bionale de suflat \u0219i de percu\u021bie.<\/p>\n<p><strong><u>Tururi ghidate \u0219i demonstra\u021bii muzicale<\/u><\/strong><\/p>\n<p>Programul \u00eencepe la ora 18:00, cu tururi ghidate prin expozi\u021bie. Cei prezen\u021bi vor afla pove\u0219tile instrumentelor expuse \u0219i vor putea asculta demonstra\u021biile muzicale sus\u021binute de Oana \u0219i Daniel Iva\u0219cu, fondatorii ansamblului Imago Mundi.<\/p>\n<p>Dup\u0103 vizitarea expozi\u021biei, oaspe\u021bii sunt invita\u021bi la o mas\u0103 comun\u0103, cu preparate aduse din mai multe zone. \u00cent\u00e2lnirea va oferi prilejul unor discu\u021bii despre tradi\u021bii, muzic\u0103 \u0219i istoria locurilor de pe Valea Lotrului.<\/p>\n<p><strong><u>Proiec\u021bia filmului \u201eUltima transhuman\u021b\u0103<\/u><\/strong>\u201d<\/p>\n<p>Unul dintre momentele principale ale serii este \u00eent\u00e2lnirea cu Drago\u0219 Lumpan, care va prezenta filmul documentar \u201eUltima transhuman\u021b\u0103\u201d. Produc\u021bia urm\u0103re\u0219te p\u0103storii \u0219i turmele care mai str\u0103bat vechile drumuri ale transhuman\u021bei, un obicei p\u0103strat timp de mii de ani, dar tot mai rar \u00eent\u00e2lnit.<\/p>\n<p>Subiectul are o leg\u0103tur\u0103 direct\u0103 cu Valea Lotrului, zon\u0103 \u00een care p\u0103storitul \u0219i deplasarea turmelor \u00eentre sate \u0219i munte au ocupat un loc important \u00een istoria local\u0103.<\/p>\n<p>Dup\u0103 proiec\u021bie, publicul este invitat afar\u0103 pentru observa\u021bii astronomice. Cu ajutorul unui telescop, cei prezen\u021bi vor putea \u00eencheia seara privind cerul deasupra S\u0103li\u0219tei.<\/p>\n<p><strong><u>Un proiect \u00eenceput \u00een 2025<\/u><\/strong><\/p>\n<p>\u201eSufl\u0103torul de vise\u201d, ini\u021biat de Asocia\u021bia Cultural\u0103 ISVOR, continu\u0103 activit\u0103\u021bile \u00eencepute \u00een 2025 prin proiectul \u201eMuzeul Fluierelor Lumii\u201d, realizat al\u0103turi de Prim\u0103ria Comunei M\u0103laia.<\/p>\n<p>Prin participarea la \u201eNoaptea Muzeelor la Sate\u201d, S\u0103li\u0219tea revine pe harta cultural\u0103 na\u021bional\u0103 cu un program care reune\u0219te instrumente tradi\u021bionale, muzic\u0103, film \u0219i astronomie.<\/p>\n<p>Accesul publicului \u00eencepe pe 29 august, de la ora 18:00, la \u0218coala Veche.<\/p>\n<\/div>\n<p>[analyse_source url=&#8221;https:\/\/www.impactreal.ro\/2026\/08\/21\/pe-29-august-suflatorul-de-vise-aduce-noaptea-muzeelor-la-sate-in-malaia-muzica-traditionala-film-si-observatii-astronomice-la-scoala-veche-din-salistea\/&#8221;]<\/p>\n","protected":false},"excerpt":{"rendered":"<p>[analyse_image type=&#8221;featured&#8221; src=&#8221;https:\/\/www.impactreal.ro\/wp-content\/uploads\/2026\/08\/MALAIA-4f536f9df354-1024&#215;576.png&#8221;] 21 august 2026Claudia SchiopuAdministra\u0163ieMalaia \u0218coala Veche din S\u0103li\u0219tea \u00ee\u0219i deschide por\u021bile pe 29 august pentru o nou\u0103 edi\u021bie a evenimentului \u201eNoaptea Muzeelor la Sate\u201d. Publicul va putea vizita Expozi\u021bia \u201eFluierele Lumii\u201d, va asista la demonstra\u021bii muzicale, va urm\u0103ri filmul \u201eUltima transhuman\u021b\u0103\u201d \u0219i va observa cerul prin telescop. Evenimentul poart\u0103 numele \u201eSufl\u0103torul de [&hellip;]<\/p>\n","protected":false},"author":1,"featured_media":0,"comment_status":"open","ping_status":"","sticky":false,"template":"","format":"standard","meta":{"footnotes":""},"categories":[89],"tags":[226,212],"class_list":["post-2107029","post","type-post","status-publish","format-standard","hentry","category-romania","tag-crawlmanager","tag-impactreal-ro"],"_links":{"self":[{"href":"https:\/\/analyse.optim.biz\/index.php?rest_route=\/wp\/v2\/posts\/2107029","targetHints":{"allow":["GET"]}}],"collection":[{"href":"https:\/\/analyse.optim.biz\/index.php?rest_route=\/wp\/v2\/posts"}],"about":[{"href":"https:\/\/analyse.optim.biz\/index.php?rest_route=\/wp\/v2\/types\/post"}],"author":[{"embeddable":true,"href":"https:\/\/analyse.optim.biz\/index.php?rest_route=\/wp\/v2\/users\/1"}],"replies":[{"embeddable":true,"href":"https:\/\/analyse.optim.biz\/index.php?rest_route=%2Fwp%2Fv2%2Fcomments&post=2107029"}],"version-history":[{"count":0,"href":"https:\/\/analyse.optim.biz\/index.php?rest_route=\/wp\/v2\/posts\/2107029\/revisions"}],"wp:attachment":[{"href":"https:\/\/analyse.optim.biz\/index.php?rest_route=%2Fwp%2Fv2%2Fmedia&parent=2107029"}],"wp:term":[{"taxonomy":"category","embeddable":true,"href":"https:\/\/analyse.optim.biz\/index.php?rest_route=%2Fwp%2Fv2%2Fcategories&post=2107029"},{"taxonomy":"post_tag","embeddable":true,"href":"https:\/\/analyse.optim.biz\/index.php?rest_route=%2Fwp%2Fv2%2Ftags&post=2107029"}],"curies":[{"name":"wp","href":"https:\/\/api.w.org\/{rel}","templated":true}]}}