{"id":2107028,"date":"2026-08-21T18:09:58","date_gmt":"2026-08-21T15:09:58","guid":{"rendered":"https:\/\/analyse.optim.biz\/?p=2107028"},"modified":"2026-08-21T18:09:58","modified_gmt":"2026-08-21T15:09:58","slug":"consiliul-judetean-valcea-anunta-ca-ramnicul-nu-va-ramane-fara-apa-calda-si-caldura-lucrarile-la-noul-cet-au-ajuns-la-jumatate","status":"publish","type":"post","link":"https:\/\/analyse.optim.biz\/?p=2107028","title":{"rendered":"Consiliul Jude\u021bean V\u00e2lcea anun\u021b\u0103 c\u0103 R\u00e2mnicul nu va r\u0103m\u00e2ne f\u0103r\u0103 ap\u0103 cald\u0103 \u0219i c\u0103ldur\u0103. Lucr\u0103rile la noul CET au ajuns la jum\u0103tate"},"content":{"rendered":"<p>[analyse_image type=&#8221;featured&#8221; src=&#8221;https:\/\/www.impactreal.ro\/wp-content\/uploads\/2026\/08\/CET-CJ-2026d-1024&#215;768.png&#8221;]<\/p>\n<div class=\"single-news-content\">\n<div class=\"news-image\"><img loading=\"lazy\" decoding=\"async\" width=\"1448\" height=\"1086\" src=\"https:\/\/www.impactreal.ro\/wp-content\/uploads\/2026\/08\/CET-CJ-2026d.png\" class=\"img-responsive wp-post-image\" alt=\"Consiliul Jude\u021bean V\u00e2lcea anun\u021b\u0103 c\u0103 R\u00e2mnicul nu va r\u0103m\u00e2ne f\u0103r\u0103 ap\u0103 cald\u0103 \u0219i c\u0103ldur\u0103. Lucr\u0103rile la noul CET au ajuns la jum\u0103tate\"><\/div>\n<div class=\"news-detail clearfix\">\n<div class=\"entry-meta\"><span class=\"posted-date\"><a href=\"https:\/\/www.impactreal.ro\/2026\/08\/21\/consiliul-judetean-valcea-anunta-ca-ramnicul-nu-va-ramane-fara-apa-calda-si-caldura-lucrarile-la-noul-cet-au-ajuns-la-jumatate\/\" rel=\"bookmark\"><time class=\"entry-date published updated\" datetime=\"2026-08-21T21:09:58+03:00\">21 august 2026<\/time><\/a><\/span><span class=\"author vcard\"><a href=\"https:\/\/www.impactreal.ro\/author\/claudia-schiopu\/\">Claudia Schiopu<\/a><\/span><span class=\"cat-links\"><a href=\"https:\/\/www.impactreal.ro\/category\/1slider\/\" rel=\"category tag\">1Slider<\/a><a href=\"https:\/\/www.impactreal.ro\/category\/actualitate\/\" rel=\"category tag\">Actual<\/a><a href=\"https:\/\/www.impactreal.ro\/category\/administratie\/\" rel=\"category tag\">Administra\u0163ie<\/a><\/span><\/div>\n<div class=\"news-content editor-content-entry\">\n<p><em>Consiliul Jude\u021bean V\u00e2lcea sus\u021bine c\u0103 nu a decis \u00eenchiderea produc\u021biei pe c\u0103rbune \u0219i c\u0103 a ob\u021binut prelungirea func\u021bion\u0103rii CET Govora p\u00e2n\u0103 la 31 august 2026. Institu\u021bia anun\u021b\u0103 c\u0103 noua central\u0103, o investi\u021bie de 140 de milioane de euro, a ajuns la jum\u0103tatea lucr\u0103rilor \u0219i cere Guvernului 40 de milioane de lei pentru transportul \u0219i distribu\u021bia agentului termic p\u00e2n\u0103 la pornirea noului sistem<\/em>:<\/p>\n<p>\u00a0<\/p>\n<p>\u201dNU v\u0103 l\u0103sa\u021bi MIN\u021aI\u021aI \u0219i MANIPULA\u021aI!<\/p>\n<p>Vom avea ap\u0103 cald\u0103 \u0219i c\u0103ldur\u0103!<\/p>\n<p>Pentru o corect\u0103 informare a opiniei publice care, \u00een ultimele zile, a fost supus\u0103 dezinform\u0103rii cu privire la situa\u021bia CET Govora de c\u0103tre un parlamentar PNL din jude\u021bul V\u00e2lcea, \u00een lumina adev\u0103rului, lucrurile stau \u00een felul urm\u0103tor:<\/p>\n<p>Noi, Consiliul Jude\u021bean V\u00e2lcea, am f\u0103cut tot ce a depins de noi pentru a asigura r\u00e2mnicenilor continuarea serviciului de furnizare a agentului termic.<\/p>\n<p>Avem \u00een implementare un proiect de 140 de milioane euro pentru construirea unui nou CET, care a ajuns la jum\u0103tatea stadiului de execu\u021bie.<\/p>\n<p>NU am decis noi, Consiliul Jude\u021bean, s\u0103 \u00eenchidem produc\u021bia pe c\u0103rbune \u0219i NU noi am decis de bun\u0103voie s\u0103 \u00eenchidem CET-ul!<\/p>\n<p>Nou\u0103 ni s-a comunicat de c\u0103tre Ministerul Energiei c\u0103 \u00eenchiderea CET Govora trebuia s\u0103 aib\u0103 loc la 31 decembrie 2025, dup\u0103 aceea la 31 martie 2026, dar am ob\u021binut un termen nou, 31 august 2026. Am informat atunci Ministerul Energiei c\u0103, dac\u0103 \u00eenchidem produc\u021bia pe c\u0103rbune, avem nevoie de 40 de milioane de lei pentru ca vechiul CET s\u0103 asigure \u00een continuare transportul \u0219i distribu\u021bia agentului termic c\u0103tre consumatori, p\u00e2n\u0103 c\u00e2nd noul CET va fi pus \u00een func\u021biune. Cu alte cuvinte, s\u0103 fac\u0103 tranzi\u021bia.<\/p>\n<p>Demersurile noastre sunt sus\u021binute \u0219i de Prim\u0103ria Municipiului R\u00e2mnicu V\u00e2lcea, prin primarul Mircia Gut\u0103u, care ne este partener de n\u0103dejde \u0219i munce\u0219te al\u0103turi de noi pentru succesul acestui proiect.<\/p>\n<p>\u00cent\u00e2lnirea de ast\u0103zi de la Institu\u021bia Prefectului este tardiv\u0103, \u00eens\u0103 poate avea o singur\u0103 calitate: s\u0103 se transforme \u00eentr-o adres\u0103 oficial\u0103 c\u0103tre Prim-ministrul \u0219i Guvernul Rom\u00e2niei, semnat\u0103 de prefectul jude\u021bului, prin care s\u0103 se solicite alocarea de urgen\u021b\u0103 a celor 40 de milioane de lei de care CET Govora are nevoie, pentru continuarea activit\u0103\u021bii de transport \u0219i distribu\u021bie a energiei termice.<\/p>\n<p>Dac\u0103 nu se aloc\u0103 aceast\u0103 sum\u0103, fundamentat\u0103 pe minimul necesar, problema nu este doar a CET Govora, ci a \u00eentregului municipiu (inclusiv institu\u021biile publice), care va r\u0103m\u00e2ne f\u0103r\u0103 ap\u0103 cald\u0103 \u0219i c\u0103ldur\u0103.<\/p>\n<p>Orice alt\u0103 abordare, \u00een afar\u0103 de una constructiv\u0103, bazat\u0103 pe solicitarea \u0219i alocarea sumelor pe care Consiliul Jude\u021bean V\u00e2lcea le-a cerut pentru fiecare lun\u0103 de func\u021bionare, este una nefireasc\u0103 \u0219i contrar\u0103 intereselor v\u00e2lcenilor.<\/p>\n<p>Nu este momentul pentru declara\u021bii politice, pentru \u00eent\u00e2lniri f\u0103r\u0103 rezultat sau pentru explica\u021bii care nu rezolv\u0103 problema!<\/p>\n<p>Este momentul pentru o decizie simpl\u0103 \u0219i concret\u0103: GUVERNUL ROM\u00c2NIEI TREBUIE S\u0102 ALOCE DE URGEN\u021a\u0102 CELE 40 DE MILIOANE DE LEI!<\/p>\n<p><strong><em><u>Compartiment Comunicare, Rela\u021bii Publice<\/u><\/em><\/strong><\/p>\n<\/div>\n<\/div>\n<\/div>\n<div class=\"news-content editor-content-entry\">\n<p><em>Consiliul Jude\u021bean V\u00e2lcea sus\u021bine c\u0103 nu a decis \u00eenchiderea produc\u021biei pe c\u0103rbune \u0219i c\u0103 a ob\u021binut prelungirea func\u021bion\u0103rii CET Govora p\u00e2n\u0103 la 31 august 2026. Institu\u021bia anun\u021b\u0103 c\u0103 noua central\u0103, o investi\u021bie de 140 de milioane de euro, a ajuns la jum\u0103tatea lucr\u0103rilor \u0219i cere Guvernului 40 de milioane de lei pentru transportul \u0219i distribu\u021bia agentului termic p\u00e2n\u0103 la pornirea noului sistem<\/em>:<\/p>\n<p>\u00a0<\/p>\n<p>\u201dNU v\u0103 l\u0103sa\u021bi MIN\u021aI\u021aI \u0219i MANIPULA\u021aI!<\/p>\n<p>Vom avea ap\u0103 cald\u0103 \u0219i c\u0103ldur\u0103!<\/p>\n<p>Pentru o corect\u0103 informare a opiniei publice care, \u00een ultimele zile, a fost supus\u0103 dezinform\u0103rii cu privire la situa\u021bia CET Govora de c\u0103tre un parlamentar PNL din jude\u021bul V\u00e2lcea, \u00een lumina adev\u0103rului, lucrurile stau \u00een felul urm\u0103tor:<\/p>\n<p>Noi, Consiliul Jude\u021bean V\u00e2lcea, am f\u0103cut tot ce a depins de noi pentru a asigura r\u00e2mnicenilor continuarea serviciului de furnizare a agentului termic.<\/p>\n<p>Avem \u00een implementare un proiect de 140 de milioane euro pentru construirea unui nou CET, care a ajuns la jum\u0103tatea stadiului de execu\u021bie.<\/p>\n<p>NU am decis noi, Consiliul Jude\u021bean, s\u0103 \u00eenchidem produc\u021bia pe c\u0103rbune \u0219i NU noi am decis de bun\u0103voie s\u0103 \u00eenchidem CET-ul!<\/p>\n<p>Nou\u0103 ni s-a comunicat de c\u0103tre Ministerul Energiei c\u0103 \u00eenchiderea CET Govora trebuia s\u0103 aib\u0103 loc la 31 decembrie 2025, dup\u0103 aceea la 31 martie 2026, dar am ob\u021binut un termen nou, 31 august 2026. Am informat atunci Ministerul Energiei c\u0103, dac\u0103 \u00eenchidem produc\u021bia pe c\u0103rbune, avem nevoie de 40 de milioane de lei pentru ca vechiul CET s\u0103 asigure \u00een continuare transportul \u0219i distribu\u021bia agentului termic c\u0103tre consumatori, p\u00e2n\u0103 c\u00e2nd noul CET va fi pus \u00een func\u021biune. Cu alte cuvinte, s\u0103 fac\u0103 tranzi\u021bia.<\/p>\n<p>Demersurile noastre sunt sus\u021binute \u0219i de Prim\u0103ria Municipiului R\u00e2mnicu V\u00e2lcea, prin primarul Mircia Gut\u0103u, care ne este partener de n\u0103dejde \u0219i munce\u0219te al\u0103turi de noi pentru succesul acestui proiect.<\/p>\n<p>\u00cent\u00e2lnirea de ast\u0103zi de la Institu\u021bia Prefectului este tardiv\u0103, \u00eens\u0103 poate avea o singur\u0103 calitate: s\u0103 se transforme \u00eentr-o adres\u0103 oficial\u0103 c\u0103tre Prim-ministrul \u0219i Guvernul Rom\u00e2niei, semnat\u0103 de prefectul jude\u021bului, prin care s\u0103 se solicite alocarea de urgen\u021b\u0103 a celor 40 de milioane de lei de care CET Govora are nevoie, pentru continuarea activit\u0103\u021bii de transport \u0219i distribu\u021bie a energiei termice.<\/p>\n<p>Dac\u0103 nu se aloc\u0103 aceast\u0103 sum\u0103, fundamentat\u0103 pe minimul necesar, problema nu este doar a CET Govora, ci a \u00eentregului municipiu (inclusiv institu\u021biile publice), care va r\u0103m\u00e2ne f\u0103r\u0103 ap\u0103 cald\u0103 \u0219i c\u0103ldur\u0103.<\/p>\n<p>Orice alt\u0103 abordare, \u00een afar\u0103 de una constructiv\u0103, bazat\u0103 pe solicitarea \u0219i alocarea sumelor pe care Consiliul Jude\u021bean V\u00e2lcea le-a cerut pentru fiecare lun\u0103 de func\u021bionare, este una nefireasc\u0103 \u0219i contrar\u0103 intereselor v\u00e2lcenilor.<\/p>\n<p>Nu este momentul pentru declara\u021bii politice, pentru \u00eent\u00e2lniri f\u0103r\u0103 rezultat sau pentru explica\u021bii care nu rezolv\u0103 problema!<\/p>\n<p>Este momentul pentru o decizie simpl\u0103 \u0219i concret\u0103: GUVERNUL ROM\u00c2NIEI TREBUIE S\u0102 ALOCE DE URGEN\u021a\u0102 CELE 40 DE MILIOANE DE LEI!<\/p>\n<p><strong><em><u>Compartiment Comunicare, Rela\u021bii Publice<\/u><\/em><\/strong><\/p>\n<\/div>\n<div class=\"news-content editor-content-entry\">\n<p><em>Consiliul Jude\u021bean V\u00e2lcea sus\u021bine c\u0103 nu a decis \u00eenchiderea produc\u021biei pe c\u0103rbune \u0219i c\u0103 a ob\u021binut prelungirea func\u021bion\u0103rii CET Govora p\u00e2n\u0103 la 31 august 2026. Institu\u021bia anun\u021b\u0103 c\u0103 noua central\u0103, o investi\u021bie de 140 de milioane de euro, a ajuns la jum\u0103tatea lucr\u0103rilor \u0219i cere Guvernului 40 de milioane de lei pentru transportul \u0219i distribu\u021bia agentului termic p\u00e2n\u0103 la pornirea noului sistem<\/em>:<\/p>\n<p>\u00a0<\/p>\n<p>\u201dNU v\u0103 l\u0103sa\u021bi MIN\u021aI\u021aI \u0219i MANIPULA\u021aI!<\/p>\n<p>Vom avea ap\u0103 cald\u0103 \u0219i c\u0103ldur\u0103!<\/p>\n<p>Pentru o corect\u0103 informare a opiniei publice care, \u00een ultimele zile, a fost supus\u0103 dezinform\u0103rii cu privire la situa\u021bia CET Govora de c\u0103tre un parlamentar PNL din jude\u021bul V\u00e2lcea, \u00een lumina adev\u0103rului, lucrurile stau \u00een felul urm\u0103tor:<\/p>\n<p>Noi, Consiliul Jude\u021bean V\u00e2lcea, am f\u0103cut tot ce a depins de noi pentru a asigura r\u00e2mnicenilor continuarea serviciului de furnizare a agentului termic.<\/p>\n<p>Avem \u00een implementare un proiect de 140 de milioane euro pentru construirea unui nou CET, care a ajuns la jum\u0103tatea stadiului de execu\u021bie.<\/p>\n<p>NU am decis noi, Consiliul Jude\u021bean, s\u0103 \u00eenchidem produc\u021bia pe c\u0103rbune \u0219i NU noi am decis de bun\u0103voie s\u0103 \u00eenchidem CET-ul!<\/p>\n<p>Nou\u0103 ni s-a comunicat de c\u0103tre Ministerul Energiei c\u0103 \u00eenchiderea CET Govora trebuia s\u0103 aib\u0103 loc la 31 decembrie 2025, dup\u0103 aceea la 31 martie 2026, dar am ob\u021binut un termen nou, 31 august 2026. Am informat atunci Ministerul Energiei c\u0103, dac\u0103 \u00eenchidem produc\u021bia pe c\u0103rbune, avem nevoie de 40 de milioane de lei pentru ca vechiul CET s\u0103 asigure \u00een continuare transportul \u0219i distribu\u021bia agentului termic c\u0103tre consumatori, p\u00e2n\u0103 c\u00e2nd noul CET va fi pus \u00een func\u021biune. Cu alte cuvinte, s\u0103 fac\u0103 tranzi\u021bia.<\/p>\n<p>Demersurile noastre sunt sus\u021binute \u0219i de Prim\u0103ria Municipiului R\u00e2mnicu V\u00e2lcea, prin primarul Mircia Gut\u0103u, care ne este partener de n\u0103dejde \u0219i munce\u0219te al\u0103turi de noi pentru succesul acestui proiect.<\/p>\n<p>\u00cent\u00e2lnirea de ast\u0103zi de la Institu\u021bia Prefectului este tardiv\u0103, \u00eens\u0103 poate avea o singur\u0103 calitate: s\u0103 se transforme \u00eentr-o adres\u0103 oficial\u0103 c\u0103tre Prim-ministrul \u0219i Guvernul Rom\u00e2niei, semnat\u0103 de prefectul jude\u021bului, prin care s\u0103 se solicite alocarea de urgen\u021b\u0103 a celor 40 de milioane de lei de care CET Govora are nevoie, pentru continuarea activit\u0103\u021bii de transport \u0219i distribu\u021bie a energiei termice.<\/p>\n<p>Dac\u0103 nu se aloc\u0103 aceast\u0103 sum\u0103, fundamentat\u0103 pe minimul necesar, problema nu este doar a CET Govora, ci a \u00eentregului municipiu (inclusiv institu\u021biile publice), care va r\u0103m\u00e2ne f\u0103r\u0103 ap\u0103 cald\u0103 \u0219i c\u0103ldur\u0103.<\/p>\n<p>Orice alt\u0103 abordare, \u00een afar\u0103 de una constructiv\u0103, bazat\u0103 pe solicitarea \u0219i alocarea sumelor pe care Consiliul Jude\u021bean V\u00e2lcea le-a cerut pentru fiecare lun\u0103 de func\u021bionare, este una nefireasc\u0103 \u0219i contrar\u0103 intereselor v\u00e2lcenilor.<\/p>\n<p>Nu este momentul pentru declara\u021bii politice, pentru \u00eent\u00e2lniri f\u0103r\u0103 rezultat sau pentru explica\u021bii care nu rezolv\u0103 problema!<\/p>\n<p>Este momentul pentru o decizie simpl\u0103 \u0219i concret\u0103: GUVERNUL ROM\u00c2NIEI TREBUIE S\u0102 ALOCE DE URGEN\u021a\u0102 CELE 40 DE MILIOANE DE LEI!<\/p>\n<p><strong><em><u>Compartiment Comunicare, Rela\u021bii Publice<\/u><\/em><\/strong><\/p>\n<\/div>\n<p>[analyse_source url=&#8221;https:\/\/www.impactreal.ro\/2026\/08\/21\/consiliul-judetean-valcea-anunta-ca-ramnicul-nu-va-ramane-fara-apa-calda-si-caldura-lucrarile-la-noul-cet-au-ajuns-la-jumatate\/&#8221;]<\/p>\n","protected":false},"excerpt":{"rendered":"<p>[analyse_image type=&#8221;featured&#8221; src=&#8221;https:\/\/www.impactreal.ro\/wp-content\/uploads\/2026\/08\/CET-CJ-2026d-1024&#215;768.png&#8221;] 21 august 2026Claudia Schiopu1SliderActualAdministra\u0163ie Consiliul Jude\u021bean V\u00e2lcea sus\u021bine c\u0103 nu a decis \u00eenchiderea produc\u021biei pe c\u0103rbune \u0219i c\u0103 a ob\u021binut prelungirea func\u021bion\u0103rii CET Govora p\u00e2n\u0103 la 31 august 2026. Institu\u021bia anun\u021b\u0103 c\u0103 noua central\u0103, o investi\u021bie de 140 de milioane de euro, a ajuns la jum\u0103tatea lucr\u0103rilor \u0219i cere Guvernului 40 de [&hellip;]<\/p>\n","protected":false},"author":1,"featured_media":0,"comment_status":"open","ping_status":"","sticky":false,"template":"","format":"standard","meta":{"footnotes":""},"categories":[89],"tags":[226,212],"class_list":["post-2107028","post","type-post","status-publish","format-standard","hentry","category-romania","tag-crawlmanager","tag-impactreal-ro"],"_links":{"self":[{"href":"https:\/\/analyse.optim.biz\/index.php?rest_route=\/wp\/v2\/posts\/2107028","targetHints":{"allow":["GET"]}}],"collection":[{"href":"https:\/\/analyse.optim.biz\/index.php?rest_route=\/wp\/v2\/posts"}],"about":[{"href":"https:\/\/analyse.optim.biz\/index.php?rest_route=\/wp\/v2\/types\/post"}],"author":[{"embeddable":true,"href":"https:\/\/analyse.optim.biz\/index.php?rest_route=\/wp\/v2\/users\/1"}],"replies":[{"embeddable":true,"href":"https:\/\/analyse.optim.biz\/index.php?rest_route=%2Fwp%2Fv2%2Fcomments&post=2107028"}],"version-history":[{"count":0,"href":"https:\/\/analyse.optim.biz\/index.php?rest_route=\/wp\/v2\/posts\/2107028\/revisions"}],"wp:attachment":[{"href":"https:\/\/analyse.optim.biz\/index.php?rest_route=%2Fwp%2Fv2%2Fmedia&parent=2107028"}],"wp:term":[{"taxonomy":"category","embeddable":true,"href":"https:\/\/analyse.optim.biz\/index.php?rest_route=%2Fwp%2Fv2%2Fcategories&post=2107028"},{"taxonomy":"post_tag","embeddable":true,"href":"https:\/\/analyse.optim.biz\/index.php?rest_route=%2Fwp%2Fv2%2Ftags&post=2107028"}],"curies":[{"name":"wp","href":"https:\/\/api.w.org\/{rel}","templated":true}]}}