{"id":2107027,"date":"2026-08-21T12:04:13","date_gmt":"2026-08-21T09:04:13","guid":{"rendered":"https:\/\/analyse.optim.biz\/?p=2107027"},"modified":"2026-08-21T12:04:13","modified_gmt":"2026-08-21T09:04:13","slug":"la-pausesti-maglasi-reteaua-de-apa-ajunge-in-zona-la-sica-se-construieste-un-pod-peste-raul-cheia-iar-gazele-sunt-urmate-de-asfalt","status":"publish","type":"post","link":"https:\/\/analyse.optim.biz\/?p=2107027","title":{"rendered":"La P\u0103u\u0219e\u0219ti-M\u0103gla\u0219i, re\u021beaua de ap\u0103 ajunge \u00een zona La Sic\u0103, se construie\u0219te un pod peste r\u00e2ul Cheia, iar gazele sunt urmate de asfalt"},"content":{"rendered":"<p>[analyse_image type=&#8221;featured&#8221; src=&#8221;https:\/\/www.impactreal.ro\/wp-content\/uploads\/2024\/12\/pausesti-maglasi-RADI-ION-scaled.jpg&#8221;]<\/p>\n<div class=\"single-news-content\">\n<div class=\"news-image\"><img loading=\"lazy\" decoding=\"async\" width=\"2560\" height=\"1920\" src=\"https:\/\/www.impactreal.ro\/wp-content\/uploads\/2024\/12\/pausesti-maglasi-RADI-ION-scaled.jpg\" class=\"img-responsive wp-post-image\" alt=\"La P\u0103u\u0219e\u0219ti-M\u0103gla\u0219i, re\u021beaua de ap\u0103 ajunge \u00een zona La Sic\u0103, se construie\u0219te un pod peste r\u00e2ul Cheia, iar gazele sunt urmate de asfalt\"><\/div>\n<div class=\"news-detail clearfix\">\n<div class=\"entry-meta\"><span class=\"posted-date\"><a href=\"https:\/\/www.impactreal.ro\/2026\/08\/21\/la-pausesti-maglasi-reteaua-de-apa-ajunge-in-zona-la-sica-se-construieste-un-pod-peste-raul-cheia-iar-gazele-sunt-urmate-de-asfalt\/\" rel=\"bookmark\"><time class=\"entry-date published updated\" datetime=\"2026-08-21T15:04:13+03:00\">21 august 2026<\/time><\/a><\/span><span class=\"author vcard\"><a href=\"https:\/\/www.impactreal.ro\/author\/claudia-schiopu\/\">Claudia Schiopu<\/a><\/span><span class=\"cat-links\"><a href=\"https:\/\/www.impactreal.ro\/category\/administratie\/\" rel=\"category tag\">Administra\u0163ie<\/a><a href=\"https:\/\/www.impactreal.ro\/category\/stiri-pausesti-maglasi-un-loc-unde-traditiile-si-obiceiurile-sunt-inca-pastrate-si-respectate\/\" rel=\"category tag\">Pausesti Maglasi<\/a><\/span><\/div>\n<div class=\"news-content editor-content-entry\">\n<p><em>Mai multe lucr\u0103ri sunt \u00een desf\u0103\u0219urare la P\u0103u\u0219e\u0219ti-M\u0103gla\u0219i, unde administra\u021bia local\u0103 investe\u0219te \u00een extinderea re\u021belei de ap\u0103 \u0219i construirea unui pod peste r\u00e2ul Cheia. Consiliul Jude\u021bean V\u00e2lcea modernizeaz\u0103 o por\u021biune din DJ 654, spre satul Cheia, iar pe alte drumuri sunt introduse conductele de gaze \u00eenainte de turnarea asfaltului<\/em><\/p>\n<p><strong><u>Ap\u0103 \u00een zona La Sic\u0103<\/u><\/strong><\/p>\n<p>\u00cen satul Coasta a \u00eenceput extinderea re\u021belei de ap\u0103 pe strada M\u0103ndoiu, \u00een punctul \u201eLa Sic\u0103\u201d. Conducta va avea o lungime de 300 de metri \u0219i va deservi o zon\u0103 \u00een care acest serviciu nu era disponibil. Lucrarea este pl\u0103tit\u0103 din bugetul local.<\/p>\n<p>\u201e<strong>\u00cen prezent, facem o extindere a re\u021belei de ap\u0103 pe o lungime de 300 de metri, \u00een punctul \u00abLa Sic\u0103\u00bb din satul Coasta, pe strada M\u0103ndoiu. \u00cen zona respectiv\u0103 nu exista re\u021bea de ap\u0103. Lucr\u0103rile au \u00eenceput, iar investi\u021bia este realizat\u0103 cu bani din bugetul local\u201d<\/strong>, a declarat primarul comunei P\u0103u\u0219e\u0219ti-M\u0103gla\u0219i, Marcel Radi.<\/p>\n<p><strong><u>Pod peste r\u00e2ul Cheia<\/u><\/strong><\/p>\n<p>Tot din bugetul local va fi construit podul peste r\u00e2ul Cheia, care va face leg\u0103tura \u00eentre strada Luncii \u0219i strada Cheia. Primarul a semnat ordinul de \u00eencepere a lucr\u0103rilor, iar podul va avea o lungime de 18 metri:\u201e<strong><em>Am semnat ordinul de \u00eencepere a lucr\u0103rilor pentru construirea podului peste r\u00e2ul Cheia. Acesta va lega strada Luncii de strada Cheia \u0219i va avea o lungime de 18 metri\u201d,<\/em><\/strong> a precizat Marcel Radi.<\/p>\n<p><strong><u>Lucr\u0103ri pe drumul jude\u021bean<\/u><\/strong><\/p>\n<p>Consiliul Jude\u021bean V\u00e2lcea lucreaz\u0103 \u0219i pe DJ 654, pe tronsonul care duce spre satul Cheia. Este modernizat un kilometru de drum, fiind realizate rigolele \u0219i accesele c\u0103tre propriet\u0103\u021bi.<\/p>\n<p><strong><u>Gazele, \u00eenaintea asfaltului<\/u><\/strong><\/p>\n<p>Pe alte drumuri din P\u0103u\u0219e\u0219ti-M\u0103gla\u0219i sunt executate lucr\u0103ri finan\u021bate de Ministerul Dezvolt\u0103rii. Mai \u00eent\u00e2i este introdus\u0103 conducta de gaze, apoi urmeaz\u0103 asfaltarea, astfel \u00eenc\u00e2t carosabilul nou s\u0103 nu fie spart ulterior pentru montarea re\u021belei: \u201e<strong><em>Lucr\u0103rile sunt organizate \u00eentr-o ordine fireasc\u0103. Se introduce conducta de gaze, dup\u0103 care se toarn\u0103 asfaltul. \u00cen acest fel, drumurile nu vor mai fi desf\u0103cute dup\u0103 modernizare<\/em><\/strong>\u201d, a explicat primarul Marcel Radi.<\/p>\n<p>\u00a0<\/p>\n<p>\u00a0<\/p>\n<\/div>\n<\/div>\n<\/div>\n<div class=\"news-content editor-content-entry\">\n<p><em>Mai multe lucr\u0103ri sunt \u00een desf\u0103\u0219urare la P\u0103u\u0219e\u0219ti-M\u0103gla\u0219i, unde administra\u021bia local\u0103 investe\u0219te \u00een extinderea re\u021belei de ap\u0103 \u0219i construirea unui pod peste r\u00e2ul Cheia. Consiliul Jude\u021bean V\u00e2lcea modernizeaz\u0103 o por\u021biune din DJ 654, spre satul Cheia, iar pe alte drumuri sunt introduse conductele de gaze \u00eenainte de turnarea asfaltului<\/em><\/p>\n<p><strong><u>Ap\u0103 \u00een zona La Sic\u0103<\/u><\/strong><\/p>\n<p>\u00cen satul Coasta a \u00eenceput extinderea re\u021belei de ap\u0103 pe strada M\u0103ndoiu, \u00een punctul \u201eLa Sic\u0103\u201d. Conducta va avea o lungime de 300 de metri \u0219i va deservi o zon\u0103 \u00een care acest serviciu nu era disponibil. Lucrarea este pl\u0103tit\u0103 din bugetul local.<\/p>\n<p>\u201e<strong>\u00cen prezent, facem o extindere a re\u021belei de ap\u0103 pe o lungime de 300 de metri, \u00een punctul \u00abLa Sic\u0103\u00bb din satul Coasta, pe strada M\u0103ndoiu. \u00cen zona respectiv\u0103 nu exista re\u021bea de ap\u0103. Lucr\u0103rile au \u00eenceput, iar investi\u021bia este realizat\u0103 cu bani din bugetul local\u201d<\/strong>, a declarat primarul comunei P\u0103u\u0219e\u0219ti-M\u0103gla\u0219i, Marcel Radi.<\/p>\n<p><strong><u>Pod peste r\u00e2ul Cheia<\/u><\/strong><\/p>\n<p>Tot din bugetul local va fi construit podul peste r\u00e2ul Cheia, care va face leg\u0103tura \u00eentre strada Luncii \u0219i strada Cheia. Primarul a semnat ordinul de \u00eencepere a lucr\u0103rilor, iar podul va avea o lungime de 18 metri:\u201e<strong><em>Am semnat ordinul de \u00eencepere a lucr\u0103rilor pentru construirea podului peste r\u00e2ul Cheia. Acesta va lega strada Luncii de strada Cheia \u0219i va avea o lungime de 18 metri\u201d,<\/em><\/strong> a precizat Marcel Radi.<\/p>\n<p><strong><u>Lucr\u0103ri pe drumul jude\u021bean<\/u><\/strong><\/p>\n<p>Consiliul Jude\u021bean V\u00e2lcea lucreaz\u0103 \u0219i pe DJ 654, pe tronsonul care duce spre satul Cheia. Este modernizat un kilometru de drum, fiind realizate rigolele \u0219i accesele c\u0103tre propriet\u0103\u021bi.<\/p>\n<p><strong><u>Gazele, \u00eenaintea asfaltului<\/u><\/strong><\/p>\n<p>Pe alte drumuri din P\u0103u\u0219e\u0219ti-M\u0103gla\u0219i sunt executate lucr\u0103ri finan\u021bate de Ministerul Dezvolt\u0103rii. Mai \u00eent\u00e2i este introdus\u0103 conducta de gaze, apoi urmeaz\u0103 asfaltarea, astfel \u00eenc\u00e2t carosabilul nou s\u0103 nu fie spart ulterior pentru montarea re\u021belei: \u201e<strong><em>Lucr\u0103rile sunt organizate \u00eentr-o ordine fireasc\u0103. Se introduce conducta de gaze, dup\u0103 care se toarn\u0103 asfaltul. \u00cen acest fel, drumurile nu vor mai fi desf\u0103cute dup\u0103 modernizare<\/em><\/strong>\u201d, a explicat primarul Marcel Radi.<\/p>\n<p>\u00a0<\/p>\n<p>\u00a0<\/p>\n<\/div>\n<div class=\"news-content editor-content-entry\">\n<p><em>Mai multe lucr\u0103ri sunt \u00een desf\u0103\u0219urare la P\u0103u\u0219e\u0219ti-M\u0103gla\u0219i, unde administra\u021bia local\u0103 investe\u0219te \u00een extinderea re\u021belei de ap\u0103 \u0219i construirea unui pod peste r\u00e2ul Cheia. Consiliul Jude\u021bean V\u00e2lcea modernizeaz\u0103 o por\u021biune din DJ 654, spre satul Cheia, iar pe alte drumuri sunt introduse conductele de gaze \u00eenainte de turnarea asfaltului<\/em><\/p>\n<p><strong><u>Ap\u0103 \u00een zona La Sic\u0103<\/u><\/strong><\/p>\n<p>\u00cen satul Coasta a \u00eenceput extinderea re\u021belei de ap\u0103 pe strada M\u0103ndoiu, \u00een punctul \u201eLa Sic\u0103\u201d. Conducta va avea o lungime de 300 de metri \u0219i va deservi o zon\u0103 \u00een care acest serviciu nu era disponibil. Lucrarea este pl\u0103tit\u0103 din bugetul local.<\/p>\n<p>\u201e<strong>\u00cen prezent, facem o extindere a re\u021belei de ap\u0103 pe o lungime de 300 de metri, \u00een punctul \u00abLa Sic\u0103\u00bb din satul Coasta, pe strada M\u0103ndoiu. \u00cen zona respectiv\u0103 nu exista re\u021bea de ap\u0103. Lucr\u0103rile au \u00eenceput, iar investi\u021bia este realizat\u0103 cu bani din bugetul local\u201d<\/strong>, a declarat primarul comunei P\u0103u\u0219e\u0219ti-M\u0103gla\u0219i, Marcel Radi.<\/p>\n<p><strong><u>Pod peste r\u00e2ul Cheia<\/u><\/strong><\/p>\n<p>Tot din bugetul local va fi construit podul peste r\u00e2ul Cheia, care va face leg\u0103tura \u00eentre strada Luncii \u0219i strada Cheia. Primarul a semnat ordinul de \u00eencepere a lucr\u0103rilor, iar podul va avea o lungime de 18 metri:\u201e<strong><em>Am semnat ordinul de \u00eencepere a lucr\u0103rilor pentru construirea podului peste r\u00e2ul Cheia. Acesta va lega strada Luncii de strada Cheia \u0219i va avea o lungime de 18 metri\u201d,<\/em><\/strong> a precizat Marcel Radi.<\/p>\n<p><strong><u>Lucr\u0103ri pe drumul jude\u021bean<\/u><\/strong><\/p>\n<p>Consiliul Jude\u021bean V\u00e2lcea lucreaz\u0103 \u0219i pe DJ 654, pe tronsonul care duce spre satul Cheia. Este modernizat un kilometru de drum, fiind realizate rigolele \u0219i accesele c\u0103tre propriet\u0103\u021bi.<\/p>\n<p><strong><u>Gazele, \u00eenaintea asfaltului<\/u><\/strong><\/p>\n<p>Pe alte drumuri din P\u0103u\u0219e\u0219ti-M\u0103gla\u0219i sunt executate lucr\u0103ri finan\u021bate de Ministerul Dezvolt\u0103rii. Mai \u00eent\u00e2i este introdus\u0103 conducta de gaze, apoi urmeaz\u0103 asfaltarea, astfel \u00eenc\u00e2t carosabilul nou s\u0103 nu fie spart ulterior pentru montarea re\u021belei: \u201e<strong><em>Lucr\u0103rile sunt organizate \u00eentr-o ordine fireasc\u0103. Se introduce conducta de gaze, dup\u0103 care se toarn\u0103 asfaltul. \u00cen acest fel, drumurile nu vor mai fi desf\u0103cute dup\u0103 modernizare<\/em><\/strong>\u201d, a explicat primarul Marcel Radi.<\/p>\n<p>\u00a0<\/p>\n<p>\u00a0<\/p>\n<\/div>\n<p>[analyse_source url=&#8221;https:\/\/www.impactreal.ro\/2026\/08\/21\/la-pausesti-maglasi-reteaua-de-apa-ajunge-in-zona-la-sica-se-construieste-un-pod-peste-raul-cheia-iar-gazele-sunt-urmate-de-asfalt\/&#8221;]<\/p>\n","protected":false},"excerpt":{"rendered":"<p>[analyse_image type=&#8221;featured&#8221; src=&#8221;https:\/\/www.impactreal.ro\/wp-content\/uploads\/2024\/12\/pausesti-maglasi-RADI-ION-scaled.jpg&#8221;] 21 august 2026Claudia SchiopuAdministra\u0163iePausesti Maglasi Mai multe lucr\u0103ri sunt \u00een desf\u0103\u0219urare la P\u0103u\u0219e\u0219ti-M\u0103gla\u0219i, unde administra\u021bia local\u0103 investe\u0219te \u00een extinderea re\u021belei de ap\u0103 \u0219i construirea unui pod peste r\u00e2ul Cheia. Consiliul Jude\u021bean V\u00e2lcea modernizeaz\u0103 o por\u021biune din DJ 654, spre satul Cheia, iar pe alte drumuri sunt introduse conductele de gaze \u00eenainte de [&hellip;]<\/p>\n","protected":false},"author":1,"featured_media":0,"comment_status":"open","ping_status":"","sticky":false,"template":"","format":"standard","meta":{"footnotes":""},"categories":[89],"tags":[226,212],"class_list":["post-2107027","post","type-post","status-publish","format-standard","hentry","category-romania","tag-crawlmanager","tag-impactreal-ro"],"_links":{"self":[{"href":"https:\/\/analyse.optim.biz\/index.php?rest_route=\/wp\/v2\/posts\/2107027","targetHints":{"allow":["GET"]}}],"collection":[{"href":"https:\/\/analyse.optim.biz\/index.php?rest_route=\/wp\/v2\/posts"}],"about":[{"href":"https:\/\/analyse.optim.biz\/index.php?rest_route=\/wp\/v2\/types\/post"}],"author":[{"embeddable":true,"href":"https:\/\/analyse.optim.biz\/index.php?rest_route=\/wp\/v2\/users\/1"}],"replies":[{"embeddable":true,"href":"https:\/\/analyse.optim.biz\/index.php?rest_route=%2Fwp%2Fv2%2Fcomments&post=2107027"}],"version-history":[{"count":0,"href":"https:\/\/analyse.optim.biz\/index.php?rest_route=\/wp\/v2\/posts\/2107027\/revisions"}],"wp:attachment":[{"href":"https:\/\/analyse.optim.biz\/index.php?rest_route=%2Fwp%2Fv2%2Fmedia&parent=2107027"}],"wp:term":[{"taxonomy":"category","embeddable":true,"href":"https:\/\/analyse.optim.biz\/index.php?rest_route=%2Fwp%2Fv2%2Fcategories&post=2107027"},{"taxonomy":"post_tag","embeddable":true,"href":"https:\/\/analyse.optim.biz\/index.php?rest_route=%2Fwp%2Fv2%2Ftags&post=2107027"}],"curies":[{"name":"wp","href":"https:\/\/api.w.org\/{rel}","templated":true}]}}