{"id":2107026,"date":"2026-08-22T08:33:24","date_gmt":"2026-08-22T05:33:24","guid":{"rendered":"https:\/\/analyse.optim.biz\/?p=2107026"},"modified":"2026-08-22T08:33:24","modified_gmt":"2026-08-22T05:33:24","slug":"doru-diaconu-o-poveste-de-administratie-care-nu-s-a-incheiat-doua-mandate-de-viceprimar-unul-de-primar-si-experienta-adunata-in-peste-20-de-ani","status":"publish","type":"post","link":"https:\/\/analyse.optim.biz\/?p=2107026","title":{"rendered":"Doru Diaconu, o poveste de administra\u021bie care nu s-a \u00eencheiat. Dou\u0103 mandate de viceprimar, unul de primar \u0219i experien\u021ba adunat\u0103 \u00een peste 20 de ani"},"content":{"rendered":"<p>[analyse_image type=&#8221;featured&#8221; src=&#8221;https:\/\/www.impactreal.ro\/wp-content\/uploads\/2026\/08\/doru-diaconu-2.jpg&#8221;]<\/p>\n<div class=\"single-news-content\">\n<div class=\"news-image\"><img loading=\"lazy\" decoding=\"async\" width=\"2040\" height=\"1530\" src=\"https:\/\/www.impactreal.ro\/wp-content\/uploads\/2026\/08\/doru-diaconu-2.jpg\" class=\"img-responsive wp-post-image\" alt=\"Doru Diaconu, o poveste de administra\u021bie care nu s-a \u00eencheiat. Dou\u0103 mandate de viceprimar, unul de primar \u0219i experien\u021ba adunat\u0103 \u00een peste 20 de ani\"><\/div>\n<div class=\"news-detail clearfix\">\n<div class=\"entry-meta\"><span class=\"posted-date\"><a href=\"https:\/\/www.impactreal.ro\/2026\/08\/22\/doru-diaconu-o-poveste-de-administratie-care-nu-s-a-incheiat-doua-mandate-de-viceprimar-unul-de-primar-si-experienta-adunata-in-peste-20-de-ani\/\" rel=\"bookmark\"><time class=\"entry-date published updated\" datetime=\"2026-08-22T11:33:24+03:00\">22 august 2026<\/time><\/a><\/span><span class=\"author vcard\"><a href=\"https:\/\/www.impactreal.ro\/author\/claudia-schiopu\/\">Claudia Schiopu<\/a><\/span><span class=\"cat-links\"><a href=\"https:\/\/www.impactreal.ro\/category\/1slider\/\" rel=\"category tag\">1Slider<\/a><a href=\"https:\/\/www.impactreal.ro\/category\/actualitate\/\" rel=\"category tag\">Actual<\/a><a href=\"https:\/\/www.impactreal.ro\/category\/rosiile\/\" rel=\"category tag\">Rosiile<\/a><\/span><\/div>\n<div class=\"news-content editor-content-entry\">\n<p><em>\u00cen vara anului 2026, c\u00e2nd lipsa apei pune probleme \u00een multe localit\u0103\u021bi, la Ro\u0219iile sistemul realizat \u00een urm\u0103 cu mai mul\u021bi ani face fa\u021b\u0103 perioadelor de secet\u0103. \u00cen spatele investi\u021biei se afl\u0103 o poveste administrativ\u0103 \u00eenceput\u0103 cu mult \u00eenainte ca lucr\u0103rile s\u0103 ajung\u0103 \u00een teren. Proiectul a trecut prin ani de a\u0219teptare, o finan\u021bare care p\u0103rea pierdut\u0103, modific\u0103ri f\u0103cute pentru extinderea re\u021belei \u0219i, ulterior, alte investi\u021bii prin care apa a ajuns \u00een aproape toate satele comunei<\/em>:<\/p>\n<p><em>Unul dintre oamenii implica\u021bi direct a fost Doru Diaconu, fost viceprimar \u0219i primar al comunei Ro\u0219iile. Are \u00een spate mai multe mandate \u00een administra\u021bia local\u0103, o perioad\u0103 \u00een care nu a mai putut candida \u0219i o revenire \u00een administra\u021bie, de aceast\u0103 dat\u0103 la L\u0103pu\u0219ata, unde lucreaz\u0103 al\u0103turi de primarul Silviu Iliescu<\/em>.<\/p>\n<p><strong><u>Un proiect de aproximativ 2,5 milioane de euro<\/u><\/strong><\/p>\n<p>Povestea re\u021belei de ap\u0103 de la Ro\u0219iile \u00eencepe cu un proiect depus \u00een 2009 sau 2010 prin AFIR. Investi\u021bia a fost declarat\u0103 eligibil\u0103, dar nu a primit ini\u021bial finan\u021bare. Situa\u021bia s-a schimbat la sf\u00e2r\u0219itul anului 2015, c\u00e2nd Prim\u0103ria Ro\u0219iile a primit o notificare de la AFIR Craiova prin care i se cereau informa\u021bii despre proiect \u0219i despre eventualele surse de finan\u021bare g\u0103site \u00eentre timp.<\/p>\n<p>Prim\u0103ria nu reu\u0219ise s\u0103 ob\u021bin\u0103 bani din alt\u0103 parte, astfel c\u0103 proiectul a reintrat \u00een cursa pentru finan\u021bare. Valoarea sa era de aproximativ 2,5 milioane de euro \u0219i cuprindea alimentarea cu ap\u0103, canalizarea, asfaltarea unui drum comunal \u0219i dotarea c\u0103minului cultural cu costume populare. Execu\u021bia a \u00eenceput \u00een 2016, iar proiectul a fost finalizat \u00een 2018.<\/p>\n<p>Doru Diaconu ne-a poveste\u0219te c\u0103 una dintre deciziile importante a fost modificarea solu\u021biei ini\u021biale. Proiectul prevedea aproximativ \u0219ase kilometri de re\u021bea de ap\u0103 \u0219i 2,6 kilometri de canalizare. Dup\u0103 discu\u021biile purtate la AFIR Craiova, investi\u021bia a fost reg\u00e2ndit\u0103 astfel \u00eenc\u00e2t aceea\u0219i finan\u021bare s\u0103 permit\u0103 realizarea unei re\u021bele mult mai mari. A\u0219a s-a ajuns la aproximativ 11 kilometri de ap\u0103 \u0219i nou\u0103 kilometri de canalizare. A fost schimbat\u0103 \u0219i amplasarea gospod\u0103riei de ap\u0103, inclusiv a bazinului \u0219i a capt\u0103rilor.<\/p>\n<p><strong><u>Bazinul amplasat sus a contat \u00een anii seceto\u0219i<\/u><\/strong><\/p>\n<p>O alt\u0103 decizie luat\u0103 atunci \u00ee\u0219i arat\u0103 utilitatea inclusiv ast\u0103zi. Bazinul a fost amplasat aproape de cea mai \u00eenalt\u0103 cot\u0103 a localit\u0103\u021bii, ceea ce permite alimentarea gravita\u021bional\u0103 pentru o mare parte din comun\u0103. Dac\u0103 bazinul este plin, apa poate ajunge la consumatori chiar \u0219i atunci c\u00e2nd apar probleme cu alimentarea cu energie electric\u0103.<\/p>\n<p>\u201e<strong><em>Proiectul de alimentare cu ap\u0103 a fost unul dintre cele mai importante pentru Ro\u0219iile. Am \u00eencercat s\u0103 folosim finan\u021barea c\u00e2t mai bine \u0219i s\u0103 extindem re\u021beaua fa\u021b\u0103 de ceea ce fusese prev\u0103zut ini\u021bial. De la aproximativ \u0219ase kilometri de ap\u0103 am ajuns la circa 11 kilometri, iar la canalizare, de la 2,6 kilometri, la aproximativ nou\u0103 kilometri. Am schimbat \u0219i amplasamentul gospod\u0103riei de ap\u0103 \u0219i am dus bazinul la o cot\u0103 ridicat\u0103, astfel \u00eenc\u00e2t o mare parte a localit\u0103\u021bii s\u0103 poat\u0103 fi alimentat\u0103 gravita\u021bional. Ast\u0103zi, c\u00e2nd vedem perioade lungi de secet\u0103 \u0219i probleme cu apa \u00een multe localit\u0103\u021bi, cred c\u0103 se vede c\u00e2t de importante au fost solu\u021biile alese atunci<\/em><\/strong>\u201d ,ne poveste\u0219te \u00a0Doru Diaconu.<\/p>\n<p><strong><u>Re\u021beaua a continuat s\u0103 fie extins\u0103<\/u><\/strong><\/p>\n<p>Investi\u021bia prin AFIR nu putea acoperi \u00eentreaga comun\u0103. Au r\u0103mas sate \u00een care era nevoie de ap\u0103 \u0219i canalizare, astfel c\u0103 administra\u021bia a c\u0103utat o nou\u0103 surs\u0103 de finan\u021bare.<\/p>\n<p>Prin PNDL 2 au fost ob\u021binu\u021bi bani pentru aproximativ 25,3 kilometri de alimentare cu ap\u0103 \u0219i aproape 10 kilometri de canalizare. Doru Diaconu estimeaz\u0103 valoarea celor dou\u0103 lucr\u0103ri la aproximativ 1,7 milioane de euro. Re\u021beaua principal\u0103 a fost astfel dus\u0103 c\u0103tre toate satele, iar por\u021biunile mici r\u0103mase au putut fi completate ulterior din bugetul local.<\/p>\n<p>Rezultatul acestor investi\u021bii se vede ast\u0103zi \u00eentr-un lucru foarte concret: cea mai mare parte a localit\u0103\u021bii dispune de re\u021bea principal\u0103 de alimentare cu ap\u0103.<\/p>\n<p><strong><u>Dou\u0103 mandate de viceprimar \u0219i unul de primar<\/u><\/strong><\/p>\n<p>Doru Diaconu a fost viceprimar al comunei Ro\u0219iile \u00een perioadele 2004-2008 \u0219i 2012-2016, apoi primar \u00een mandatul 2016-2020. Parcursul s\u0103u administrativ a fost \u00eentrerupt de o decizie de incompatibilitate care l-a \u00eempiedicat s\u0103 candideze timp de trei ani.<\/p>\n<p>A fost o decizie nedreapt\u0103, \u0219i asta pentru c\u0103 societatea \u00een care figura ca administrator nu desf\u0103\u0219ura activitate economic\u0103 \u0219i nu avea contracte cu statul. Procedura de verificare \u00eencepuse c\u00e2nd era viceprimar \u0219i s-a \u00eencheiat dup\u0103 aproximativ patru ani, la finalul mandatului s\u0103u de primar.<\/p>\n<p>\u201e<strong><em>Am considerat atunci \u0219i consider \u0219i ast\u0103zi c\u0103 legea a fost foarte aspr\u0103 \u00een cazul meu. Societatea respectiv\u0103 nu func\u021biona, nu avea activitate \u0219i nu avea contracte cu statul. Eu uitasem efectiv de existen\u021ba ei. Cred c\u0103 oamenii care intr\u0103 \u00een administra\u021bia public\u0103 ar trebui informa\u021bi foarte clar, \u00eenc\u0103 de la \u00eenceputul mandatului, despre toate incompatibilit\u0103\u021bile \u0219i obliga\u021biile pe care le au. Am respectat decizia, chiar dac\u0103 am considerat-o nedreapt\u0103 \u0219i nu am mai putut candida timp de trei ani<\/em><\/strong>\u201d, spune Doru Diaconu.<\/p>\n<p>\u00cen 2024 a revenit \u00een competi\u021bia electoral\u0103 \u0219i spune c\u0103 a ob\u021binut 528 de voturi din aproximativ 1.200-1.300 de aleg\u0103tori prezen\u021bi la urne, \u00eens\u0103 nu a c\u00e2\u0219tigat alegerile.<\/p>\n<p><strong><u>De la Ro\u0219iile la Prim\u0103ria L\u0103pu\u0219ata<\/u><\/strong><\/p>\n<p>Dup\u0103 alegerile din 2024, Doru Diaconu a primit propunerea primarului Silviu Iliescu de a lucra \u00een administra\u021bia comunei L\u0103pu\u0219ata. A acceptat, ocup\u00e2nd func\u021bia de consilier personal al primarului, unde experien\u021ba acumulat\u0103 \u00een administra\u021bia local\u0103 a putut fi folosit\u0103.<\/p>\n<p>Pentru Diaconu, administra\u021bia nu a fost o alegere \u00eent\u00e2mpl\u0103toare. Este originar din Ro\u0219iile, este absolvent al Facult\u0103\u021bii de Agricultur\u0103 din Craiova \u0219i spune c\u0103 a ales acest domeniu tocmai pentru c\u0103 \u00ee\u0219i dorea s\u0103 lucreze acas\u0103, \u00een mediul rural. \u00a0La \u00eenceputul anilor 2000 a fost foarte aproape s\u0103 plece \u00een str\u0103in\u0103tate, \u00eens\u0103 o discu\u021bie cu profesorul universitar Mihai Nicolescu, la acea vreme deputat de Dolj, l-a determinat s\u0103 r\u0103m\u00e2n\u0103 \u00een Rom\u00e2nia.<\/p>\n<p>Primii ani \u00een politic\u0103 au venit apoi firesc. A candidat pe listele PNL, fiind ales viceprimar \u00een 2004, iar ulterior a candidat din partea PSD. Doru Diaconu vorbe\u0219te \u0219i despre colaborarea cu pre\u0219edintele Consiliului Jude\u021bean V\u00e2lcea, Constantin R\u0103dulescu, despre care spune c\u0103 l-a sprijinit \u00een perioada \u00een care la Ro\u0219iile au fost asfaltate mai multe drumuri.<\/p>\n<p>Experien\u021ba acumulat\u0103 l-a f\u0103cut s\u0103 vad\u0103 politica \u0219i administra\u021bia ca fiind str\u00e2ns legate, mai ales \u00een cazul localit\u0103\u021bilor mici. Doru Diaconu spune c\u0103 sprijinul politic conteaz\u0103 atunci c\u00e2nd un primar caut\u0103 finan\u021bare pentru proiectele comunei.<\/p>\n<p><strong><u>Vom continua povestea proiectelor din mandatul lui Doru Diaconu<\/u><\/strong><\/p>\n<p>Re\u021beaua de ap\u0103 este doar unul dintre proiectele despre care Doru Diaconu vorbe\u0219te atunci c\u00e2nd \u00ee\u0219i aminte\u0219te anii petrecu\u021bi \u00een administra\u021bia comunei Ro\u0219iile. \u00cen materialele urm\u0103toare vom reveni asupra investi\u021biilor realizate \u00een mandatele sale, asupra modului \u00een care au fost ob\u021binute finan\u021b\u0103rile \u0219i asupra proiectelor pentru care fostul primar spune c\u0103 a mers direct la institu\u021biile centrale pentru a g\u0103si bani.<\/p>\n<p>Vom continua seria dedicat\u0103 activit\u0103\u021bii sale \u00een administra\u021bia local\u0103 \u0219i vom reveni cu noi episoade despre proiectele care au r\u0103mas \u00een urma mandatelor sale.<\/p>\n<\/div>\n<\/div>\n<\/div>\n<div class=\"news-content editor-content-entry\">\n<p><em>\u00cen vara anului 2026, c\u00e2nd lipsa apei pune probleme \u00een multe localit\u0103\u021bi, la Ro\u0219iile sistemul realizat \u00een urm\u0103 cu mai mul\u021bi ani face fa\u021b\u0103 perioadelor de secet\u0103. \u00cen spatele investi\u021biei se afl\u0103 o poveste administrativ\u0103 \u00eenceput\u0103 cu mult \u00eenainte ca lucr\u0103rile s\u0103 ajung\u0103 \u00een teren. Proiectul a trecut prin ani de a\u0219teptare, o finan\u021bare care p\u0103rea pierdut\u0103, modific\u0103ri f\u0103cute pentru extinderea re\u021belei \u0219i, ulterior, alte investi\u021bii prin care apa a ajuns \u00een aproape toate satele comunei<\/em>:<\/p>\n<p><em>Unul dintre oamenii implica\u021bi direct a fost Doru Diaconu, fost viceprimar \u0219i primar al comunei Ro\u0219iile. Are \u00een spate mai multe mandate \u00een administra\u021bia local\u0103, o perioad\u0103 \u00een care nu a mai putut candida \u0219i o revenire \u00een administra\u021bie, de aceast\u0103 dat\u0103 la L\u0103pu\u0219ata, unde lucreaz\u0103 al\u0103turi de primarul Silviu Iliescu<\/em>.<\/p>\n<p><strong><u>Un proiect de aproximativ 2,5 milioane de euro<\/u><\/strong><\/p>\n<p>Povestea re\u021belei de ap\u0103 de la Ro\u0219iile \u00eencepe cu un proiect depus \u00een 2009 sau 2010 prin AFIR. Investi\u021bia a fost declarat\u0103 eligibil\u0103, dar nu a primit ini\u021bial finan\u021bare. Situa\u021bia s-a schimbat la sf\u00e2r\u0219itul anului 2015, c\u00e2nd Prim\u0103ria Ro\u0219iile a primit o notificare de la AFIR Craiova prin care i se cereau informa\u021bii despre proiect \u0219i despre eventualele surse de finan\u021bare g\u0103site \u00eentre timp.<\/p>\n<p>Prim\u0103ria nu reu\u0219ise s\u0103 ob\u021bin\u0103 bani din alt\u0103 parte, astfel c\u0103 proiectul a reintrat \u00een cursa pentru finan\u021bare. Valoarea sa era de aproximativ 2,5 milioane de euro \u0219i cuprindea alimentarea cu ap\u0103, canalizarea, asfaltarea unui drum comunal \u0219i dotarea c\u0103minului cultural cu costume populare. Execu\u021bia a \u00eenceput \u00een 2016, iar proiectul a fost finalizat \u00een 2018.<\/p>\n<p>Doru Diaconu ne-a poveste\u0219te c\u0103 una dintre deciziile importante a fost modificarea solu\u021biei ini\u021biale. Proiectul prevedea aproximativ \u0219ase kilometri de re\u021bea de ap\u0103 \u0219i 2,6 kilometri de canalizare. Dup\u0103 discu\u021biile purtate la AFIR Craiova, investi\u021bia a fost reg\u00e2ndit\u0103 astfel \u00eenc\u00e2t aceea\u0219i finan\u021bare s\u0103 permit\u0103 realizarea unei re\u021bele mult mai mari. A\u0219a s-a ajuns la aproximativ 11 kilometri de ap\u0103 \u0219i nou\u0103 kilometri de canalizare. A fost schimbat\u0103 \u0219i amplasarea gospod\u0103riei de ap\u0103, inclusiv a bazinului \u0219i a capt\u0103rilor.<\/p>\n<p><strong><u>Bazinul amplasat sus a contat \u00een anii seceto\u0219i<\/u><\/strong><\/p>\n<p>O alt\u0103 decizie luat\u0103 atunci \u00ee\u0219i arat\u0103 utilitatea inclusiv ast\u0103zi. Bazinul a fost amplasat aproape de cea mai \u00eenalt\u0103 cot\u0103 a localit\u0103\u021bii, ceea ce permite alimentarea gravita\u021bional\u0103 pentru o mare parte din comun\u0103. Dac\u0103 bazinul este plin, apa poate ajunge la consumatori chiar \u0219i atunci c\u00e2nd apar probleme cu alimentarea cu energie electric\u0103.<\/p>\n<p>\u201e<strong><em>Proiectul de alimentare cu ap\u0103 a fost unul dintre cele mai importante pentru Ro\u0219iile. Am \u00eencercat s\u0103 folosim finan\u021barea c\u00e2t mai bine \u0219i s\u0103 extindem re\u021beaua fa\u021b\u0103 de ceea ce fusese prev\u0103zut ini\u021bial. De la aproximativ \u0219ase kilometri de ap\u0103 am ajuns la circa 11 kilometri, iar la canalizare, de la 2,6 kilometri, la aproximativ nou\u0103 kilometri. Am schimbat \u0219i amplasamentul gospod\u0103riei de ap\u0103 \u0219i am dus bazinul la o cot\u0103 ridicat\u0103, astfel \u00eenc\u00e2t o mare parte a localit\u0103\u021bii s\u0103 poat\u0103 fi alimentat\u0103 gravita\u021bional. Ast\u0103zi, c\u00e2nd vedem perioade lungi de secet\u0103 \u0219i probleme cu apa \u00een multe localit\u0103\u021bi, cred c\u0103 se vede c\u00e2t de importante au fost solu\u021biile alese atunci<\/em><\/strong>\u201d ,ne poveste\u0219te \u00a0Doru Diaconu.<\/p>\n<p><strong><u>Re\u021beaua a continuat s\u0103 fie extins\u0103<\/u><\/strong><\/p>\n<p>Investi\u021bia prin AFIR nu putea acoperi \u00eentreaga comun\u0103. Au r\u0103mas sate \u00een care era nevoie de ap\u0103 \u0219i canalizare, astfel c\u0103 administra\u021bia a c\u0103utat o nou\u0103 surs\u0103 de finan\u021bare.<\/p>\n<p>Prin PNDL 2 au fost ob\u021binu\u021bi bani pentru aproximativ 25,3 kilometri de alimentare cu ap\u0103 \u0219i aproape 10 kilometri de canalizare. Doru Diaconu estimeaz\u0103 valoarea celor dou\u0103 lucr\u0103ri la aproximativ 1,7 milioane de euro. Re\u021beaua principal\u0103 a fost astfel dus\u0103 c\u0103tre toate satele, iar por\u021biunile mici r\u0103mase au putut fi completate ulterior din bugetul local.<\/p>\n<p>Rezultatul acestor investi\u021bii se vede ast\u0103zi \u00eentr-un lucru foarte concret: cea mai mare parte a localit\u0103\u021bii dispune de re\u021bea principal\u0103 de alimentare cu ap\u0103.<\/p>\n<p><strong><u>Dou\u0103 mandate de viceprimar \u0219i unul de primar<\/u><\/strong><\/p>\n<p>Doru Diaconu a fost viceprimar al comunei Ro\u0219iile \u00een perioadele 2004-2008 \u0219i 2012-2016, apoi primar \u00een mandatul 2016-2020. Parcursul s\u0103u administrativ a fost \u00eentrerupt de o decizie de incompatibilitate care l-a \u00eempiedicat s\u0103 candideze timp de trei ani.<\/p>\n<p>A fost o decizie nedreapt\u0103, \u0219i asta pentru c\u0103 societatea \u00een care figura ca administrator nu desf\u0103\u0219ura activitate economic\u0103 \u0219i nu avea contracte cu statul. Procedura de verificare \u00eencepuse c\u00e2nd era viceprimar \u0219i s-a \u00eencheiat dup\u0103 aproximativ patru ani, la finalul mandatului s\u0103u de primar.<\/p>\n<p>\u201e<strong><em>Am considerat atunci \u0219i consider \u0219i ast\u0103zi c\u0103 legea a fost foarte aspr\u0103 \u00een cazul meu. Societatea respectiv\u0103 nu func\u021biona, nu avea activitate \u0219i nu avea contracte cu statul. Eu uitasem efectiv de existen\u021ba ei. Cred c\u0103 oamenii care intr\u0103 \u00een administra\u021bia public\u0103 ar trebui informa\u021bi foarte clar, \u00eenc\u0103 de la \u00eenceputul mandatului, despre toate incompatibilit\u0103\u021bile \u0219i obliga\u021biile pe care le au. Am respectat decizia, chiar dac\u0103 am considerat-o nedreapt\u0103 \u0219i nu am mai putut candida timp de trei ani<\/em><\/strong>\u201d, spune Doru Diaconu.<\/p>\n<p>\u00cen 2024 a revenit \u00een competi\u021bia electoral\u0103 \u0219i spune c\u0103 a ob\u021binut 528 de voturi din aproximativ 1.200-1.300 de aleg\u0103tori prezen\u021bi la urne, \u00eens\u0103 nu a c\u00e2\u0219tigat alegerile.<\/p>\n<p><strong><u>De la Ro\u0219iile la Prim\u0103ria L\u0103pu\u0219ata<\/u><\/strong><\/p>\n<p>Dup\u0103 alegerile din 2024, Doru Diaconu a primit propunerea primarului Silviu Iliescu de a lucra \u00een administra\u021bia comunei L\u0103pu\u0219ata. A acceptat, ocup\u00e2nd func\u021bia de consilier personal al primarului, unde experien\u021ba acumulat\u0103 \u00een administra\u021bia local\u0103 a putut fi folosit\u0103.<\/p>\n<p>Pentru Diaconu, administra\u021bia nu a fost o alegere \u00eent\u00e2mpl\u0103toare. Este originar din Ro\u0219iile, este absolvent al Facult\u0103\u021bii de Agricultur\u0103 din Craiova \u0219i spune c\u0103 a ales acest domeniu tocmai pentru c\u0103 \u00ee\u0219i dorea s\u0103 lucreze acas\u0103, \u00een mediul rural. \u00a0La \u00eenceputul anilor 2000 a fost foarte aproape s\u0103 plece \u00een str\u0103in\u0103tate, \u00eens\u0103 o discu\u021bie cu profesorul universitar Mihai Nicolescu, la acea vreme deputat de Dolj, l-a determinat s\u0103 r\u0103m\u00e2n\u0103 \u00een Rom\u00e2nia.<\/p>\n<p>Primii ani \u00een politic\u0103 au venit apoi firesc. A candidat pe listele PNL, fiind ales viceprimar \u00een 2004, iar ulterior a candidat din partea PSD. Doru Diaconu vorbe\u0219te \u0219i despre colaborarea cu pre\u0219edintele Consiliului Jude\u021bean V\u00e2lcea, Constantin R\u0103dulescu, despre care spune c\u0103 l-a sprijinit \u00een perioada \u00een care la Ro\u0219iile au fost asfaltate mai multe drumuri.<\/p>\n<p>Experien\u021ba acumulat\u0103 l-a f\u0103cut s\u0103 vad\u0103 politica \u0219i administra\u021bia ca fiind str\u00e2ns legate, mai ales \u00een cazul localit\u0103\u021bilor mici. Doru Diaconu spune c\u0103 sprijinul politic conteaz\u0103 atunci c\u00e2nd un primar caut\u0103 finan\u021bare pentru proiectele comunei.<\/p>\n<p><strong><u>Vom continua povestea proiectelor din mandatul lui Doru Diaconu<\/u><\/strong><\/p>\n<p>Re\u021beaua de ap\u0103 este doar unul dintre proiectele despre care Doru Diaconu vorbe\u0219te atunci c\u00e2nd \u00ee\u0219i aminte\u0219te anii petrecu\u021bi \u00een administra\u021bia comunei Ro\u0219iile. \u00cen materialele urm\u0103toare vom reveni asupra investi\u021biilor realizate \u00een mandatele sale, asupra modului \u00een care au fost ob\u021binute finan\u021b\u0103rile \u0219i asupra proiectelor pentru care fostul primar spune c\u0103 a mers direct la institu\u021biile centrale pentru a g\u0103si bani.<\/p>\n<p>Vom continua seria dedicat\u0103 activit\u0103\u021bii sale \u00een administra\u021bia local\u0103 \u0219i vom reveni cu noi episoade despre proiectele care au r\u0103mas \u00een urma mandatelor sale.<\/p>\n<\/div>\n<div class=\"news-content editor-content-entry\">\n<p><em>\u00cen vara anului 2026, c\u00e2nd lipsa apei pune probleme \u00een multe localit\u0103\u021bi, la Ro\u0219iile sistemul realizat \u00een urm\u0103 cu mai mul\u021bi ani face fa\u021b\u0103 perioadelor de secet\u0103. \u00cen spatele investi\u021biei se afl\u0103 o poveste administrativ\u0103 \u00eenceput\u0103 cu mult \u00eenainte ca lucr\u0103rile s\u0103 ajung\u0103 \u00een teren. Proiectul a trecut prin ani de a\u0219teptare, o finan\u021bare care p\u0103rea pierdut\u0103, modific\u0103ri f\u0103cute pentru extinderea re\u021belei \u0219i, ulterior, alte investi\u021bii prin care apa a ajuns \u00een aproape toate satele comunei<\/em>:<\/p>\n<p><em>Unul dintre oamenii implica\u021bi direct a fost Doru Diaconu, fost viceprimar \u0219i primar al comunei Ro\u0219iile. Are \u00een spate mai multe mandate \u00een administra\u021bia local\u0103, o perioad\u0103 \u00een care nu a mai putut candida \u0219i o revenire \u00een administra\u021bie, de aceast\u0103 dat\u0103 la L\u0103pu\u0219ata, unde lucreaz\u0103 al\u0103turi de primarul Silviu Iliescu<\/em>.<\/p>\n<p><strong><u>Un proiect de aproximativ 2,5 milioane de euro<\/u><\/strong><\/p>\n<p>Povestea re\u021belei de ap\u0103 de la Ro\u0219iile \u00eencepe cu un proiect depus \u00een 2009 sau 2010 prin AFIR. Investi\u021bia a fost declarat\u0103 eligibil\u0103, dar nu a primit ini\u021bial finan\u021bare. Situa\u021bia s-a schimbat la sf\u00e2r\u0219itul anului 2015, c\u00e2nd Prim\u0103ria Ro\u0219iile a primit o notificare de la AFIR Craiova prin care i se cereau informa\u021bii despre proiect \u0219i despre eventualele surse de finan\u021bare g\u0103site \u00eentre timp.<\/p>\n<p>Prim\u0103ria nu reu\u0219ise s\u0103 ob\u021bin\u0103 bani din alt\u0103 parte, astfel c\u0103 proiectul a reintrat \u00een cursa pentru finan\u021bare. Valoarea sa era de aproximativ 2,5 milioane de euro \u0219i cuprindea alimentarea cu ap\u0103, canalizarea, asfaltarea unui drum comunal \u0219i dotarea c\u0103minului cultural cu costume populare. Execu\u021bia a \u00eenceput \u00een 2016, iar proiectul a fost finalizat \u00een 2018.<\/p>\n<p>Doru Diaconu ne-a poveste\u0219te c\u0103 una dintre deciziile importante a fost modificarea solu\u021biei ini\u021biale. Proiectul prevedea aproximativ \u0219ase kilometri de re\u021bea de ap\u0103 \u0219i 2,6 kilometri de canalizare. Dup\u0103 discu\u021biile purtate la AFIR Craiova, investi\u021bia a fost reg\u00e2ndit\u0103 astfel \u00eenc\u00e2t aceea\u0219i finan\u021bare s\u0103 permit\u0103 realizarea unei re\u021bele mult mai mari. A\u0219a s-a ajuns la aproximativ 11 kilometri de ap\u0103 \u0219i nou\u0103 kilometri de canalizare. A fost schimbat\u0103 \u0219i amplasarea gospod\u0103riei de ap\u0103, inclusiv a bazinului \u0219i a capt\u0103rilor.<\/p>\n<p><strong><u>Bazinul amplasat sus a contat \u00een anii seceto\u0219i<\/u><\/strong><\/p>\n<p>O alt\u0103 decizie luat\u0103 atunci \u00ee\u0219i arat\u0103 utilitatea inclusiv ast\u0103zi. Bazinul a fost amplasat aproape de cea mai \u00eenalt\u0103 cot\u0103 a localit\u0103\u021bii, ceea ce permite alimentarea gravita\u021bional\u0103 pentru o mare parte din comun\u0103. Dac\u0103 bazinul este plin, apa poate ajunge la consumatori chiar \u0219i atunci c\u00e2nd apar probleme cu alimentarea cu energie electric\u0103.<\/p>\n<p>\u201e<strong><em>Proiectul de alimentare cu ap\u0103 a fost unul dintre cele mai importante pentru Ro\u0219iile. Am \u00eencercat s\u0103 folosim finan\u021barea c\u00e2t mai bine \u0219i s\u0103 extindem re\u021beaua fa\u021b\u0103 de ceea ce fusese prev\u0103zut ini\u021bial. De la aproximativ \u0219ase kilometri de ap\u0103 am ajuns la circa 11 kilometri, iar la canalizare, de la 2,6 kilometri, la aproximativ nou\u0103 kilometri. Am schimbat \u0219i amplasamentul gospod\u0103riei de ap\u0103 \u0219i am dus bazinul la o cot\u0103 ridicat\u0103, astfel \u00eenc\u00e2t o mare parte a localit\u0103\u021bii s\u0103 poat\u0103 fi alimentat\u0103 gravita\u021bional. Ast\u0103zi, c\u00e2nd vedem perioade lungi de secet\u0103 \u0219i probleme cu apa \u00een multe localit\u0103\u021bi, cred c\u0103 se vede c\u00e2t de importante au fost solu\u021biile alese atunci<\/em><\/strong>\u201d ,ne poveste\u0219te \u00a0Doru Diaconu.<\/p>\n<p><strong><u>Re\u021beaua a continuat s\u0103 fie extins\u0103<\/u><\/strong><\/p>\n<p>Investi\u021bia prin AFIR nu putea acoperi \u00eentreaga comun\u0103. Au r\u0103mas sate \u00een care era nevoie de ap\u0103 \u0219i canalizare, astfel c\u0103 administra\u021bia a c\u0103utat o nou\u0103 surs\u0103 de finan\u021bare.<\/p>\n<p>Prin PNDL 2 au fost ob\u021binu\u021bi bani pentru aproximativ 25,3 kilometri de alimentare cu ap\u0103 \u0219i aproape 10 kilometri de canalizare. Doru Diaconu estimeaz\u0103 valoarea celor dou\u0103 lucr\u0103ri la aproximativ 1,7 milioane de euro. Re\u021beaua principal\u0103 a fost astfel dus\u0103 c\u0103tre toate satele, iar por\u021biunile mici r\u0103mase au putut fi completate ulterior din bugetul local.<\/p>\n<p>Rezultatul acestor investi\u021bii se vede ast\u0103zi \u00eentr-un lucru foarte concret: cea mai mare parte a localit\u0103\u021bii dispune de re\u021bea principal\u0103 de alimentare cu ap\u0103.<\/p>\n<p><strong><u>Dou\u0103 mandate de viceprimar \u0219i unul de primar<\/u><\/strong><\/p>\n<p>Doru Diaconu a fost viceprimar al comunei Ro\u0219iile \u00een perioadele 2004-2008 \u0219i 2012-2016, apoi primar \u00een mandatul 2016-2020. Parcursul s\u0103u administrativ a fost \u00eentrerupt de o decizie de incompatibilitate care l-a \u00eempiedicat s\u0103 candideze timp de trei ani.<\/p>\n<p>A fost o decizie nedreapt\u0103, \u0219i asta pentru c\u0103 societatea \u00een care figura ca administrator nu desf\u0103\u0219ura activitate economic\u0103 \u0219i nu avea contracte cu statul. Procedura de verificare \u00eencepuse c\u00e2nd era viceprimar \u0219i s-a \u00eencheiat dup\u0103 aproximativ patru ani, la finalul mandatului s\u0103u de primar.<\/p>\n<p>\u201e<strong><em>Am considerat atunci \u0219i consider \u0219i ast\u0103zi c\u0103 legea a fost foarte aspr\u0103 \u00een cazul meu. Societatea respectiv\u0103 nu func\u021biona, nu avea activitate \u0219i nu avea contracte cu statul. Eu uitasem efectiv de existen\u021ba ei. Cred c\u0103 oamenii care intr\u0103 \u00een administra\u021bia public\u0103 ar trebui informa\u021bi foarte clar, \u00eenc\u0103 de la \u00eenceputul mandatului, despre toate incompatibilit\u0103\u021bile \u0219i obliga\u021biile pe care le au. Am respectat decizia, chiar dac\u0103 am considerat-o nedreapt\u0103 \u0219i nu am mai putut candida timp de trei ani<\/em><\/strong>\u201d, spune Doru Diaconu.<\/p>\n<p>\u00cen 2024 a revenit \u00een competi\u021bia electoral\u0103 \u0219i spune c\u0103 a ob\u021binut 528 de voturi din aproximativ 1.200-1.300 de aleg\u0103tori prezen\u021bi la urne, \u00eens\u0103 nu a c\u00e2\u0219tigat alegerile.<\/p>\n<p><strong><u>De la Ro\u0219iile la Prim\u0103ria L\u0103pu\u0219ata<\/u><\/strong><\/p>\n<p>Dup\u0103 alegerile din 2024, Doru Diaconu a primit propunerea primarului Silviu Iliescu de a lucra \u00een administra\u021bia comunei L\u0103pu\u0219ata. A acceptat, ocup\u00e2nd func\u021bia de consilier personal al primarului, unde experien\u021ba acumulat\u0103 \u00een administra\u021bia local\u0103 a putut fi folosit\u0103.<\/p>\n<p>Pentru Diaconu, administra\u021bia nu a fost o alegere \u00eent\u00e2mpl\u0103toare. Este originar din Ro\u0219iile, este absolvent al Facult\u0103\u021bii de Agricultur\u0103 din Craiova \u0219i spune c\u0103 a ales acest domeniu tocmai pentru c\u0103 \u00ee\u0219i dorea s\u0103 lucreze acas\u0103, \u00een mediul rural. \u00a0La \u00eenceputul anilor 2000 a fost foarte aproape s\u0103 plece \u00een str\u0103in\u0103tate, \u00eens\u0103 o discu\u021bie cu profesorul universitar Mihai Nicolescu, la acea vreme deputat de Dolj, l-a determinat s\u0103 r\u0103m\u00e2n\u0103 \u00een Rom\u00e2nia.<\/p>\n<p>Primii ani \u00een politic\u0103 au venit apoi firesc. A candidat pe listele PNL, fiind ales viceprimar \u00een 2004, iar ulterior a candidat din partea PSD. Doru Diaconu vorbe\u0219te \u0219i despre colaborarea cu pre\u0219edintele Consiliului Jude\u021bean V\u00e2lcea, Constantin R\u0103dulescu, despre care spune c\u0103 l-a sprijinit \u00een perioada \u00een care la Ro\u0219iile au fost asfaltate mai multe drumuri.<\/p>\n<p>Experien\u021ba acumulat\u0103 l-a f\u0103cut s\u0103 vad\u0103 politica \u0219i administra\u021bia ca fiind str\u00e2ns legate, mai ales \u00een cazul localit\u0103\u021bilor mici. Doru Diaconu spune c\u0103 sprijinul politic conteaz\u0103 atunci c\u00e2nd un primar caut\u0103 finan\u021bare pentru proiectele comunei.<\/p>\n<p><strong><u>Vom continua povestea proiectelor din mandatul lui Doru Diaconu<\/u><\/strong><\/p>\n<p>Re\u021beaua de ap\u0103 este doar unul dintre proiectele despre care Doru Diaconu vorbe\u0219te atunci c\u00e2nd \u00ee\u0219i aminte\u0219te anii petrecu\u021bi \u00een administra\u021bia comunei Ro\u0219iile. \u00cen materialele urm\u0103toare vom reveni asupra investi\u021biilor realizate \u00een mandatele sale, asupra modului \u00een care au fost ob\u021binute finan\u021b\u0103rile \u0219i asupra proiectelor pentru care fostul primar spune c\u0103 a mers direct la institu\u021biile centrale pentru a g\u0103si bani.<\/p>\n<p>Vom continua seria dedicat\u0103 activit\u0103\u021bii sale \u00een administra\u021bia local\u0103 \u0219i vom reveni cu noi episoade despre proiectele care au r\u0103mas \u00een urma mandatelor sale.<\/p>\n<\/div>\n<p>[analyse_source url=&#8221;https:\/\/www.impactreal.ro\/2026\/08\/22\/doru-diaconu-o-poveste-de-administratie-care-nu-s-a-incheiat-doua-mandate-de-viceprimar-unul-de-primar-si-experienta-adunata-in-peste-20-de-ani\/&#8221;]<\/p>\n","protected":false},"excerpt":{"rendered":"<p>[analyse_image type=&#8221;featured&#8221; src=&#8221;https:\/\/www.impactreal.ro\/wp-content\/uploads\/2026\/08\/doru-diaconu-2.jpg&#8221;] 22 august 2026Claudia Schiopu1SliderActualRosiile \u00cen vara anului 2026, c\u00e2nd lipsa apei pune probleme \u00een multe localit\u0103\u021bi, la Ro\u0219iile sistemul realizat \u00een urm\u0103 cu mai mul\u021bi ani face fa\u021b\u0103 perioadelor de secet\u0103. \u00cen spatele investi\u021biei se afl\u0103 o poveste administrativ\u0103 \u00eenceput\u0103 cu mult \u00eenainte ca lucr\u0103rile s\u0103 ajung\u0103 \u00een teren. Proiectul a trecut [&hellip;]<\/p>\n","protected":false},"author":1,"featured_media":0,"comment_status":"open","ping_status":"","sticky":false,"template":"","format":"standard","meta":{"footnotes":""},"categories":[89],"tags":[226,212],"class_list":["post-2107026","post","type-post","status-publish","format-standard","hentry","category-romania","tag-crawlmanager","tag-impactreal-ro"],"_links":{"self":[{"href":"https:\/\/analyse.optim.biz\/index.php?rest_route=\/wp\/v2\/posts\/2107026","targetHints":{"allow":["GET"]}}],"collection":[{"href":"https:\/\/analyse.optim.biz\/index.php?rest_route=\/wp\/v2\/posts"}],"about":[{"href":"https:\/\/analyse.optim.biz\/index.php?rest_route=\/wp\/v2\/types\/post"}],"author":[{"embeddable":true,"href":"https:\/\/analyse.optim.biz\/index.php?rest_route=\/wp\/v2\/users\/1"}],"replies":[{"embeddable":true,"href":"https:\/\/analyse.optim.biz\/index.php?rest_route=%2Fwp%2Fv2%2Fcomments&post=2107026"}],"version-history":[{"count":0,"href":"https:\/\/analyse.optim.biz\/index.php?rest_route=\/wp\/v2\/posts\/2107026\/revisions"}],"wp:attachment":[{"href":"https:\/\/analyse.optim.biz\/index.php?rest_route=%2Fwp%2Fv2%2Fmedia&parent=2107026"}],"wp:term":[{"taxonomy":"category","embeddable":true,"href":"https:\/\/analyse.optim.biz\/index.php?rest_route=%2Fwp%2Fv2%2Fcategories&post=2107026"},{"taxonomy":"post_tag","embeddable":true,"href":"https:\/\/analyse.optim.biz\/index.php?rest_route=%2Fwp%2Fv2%2Ftags&post=2107026"}],"curies":[{"name":"wp","href":"https:\/\/api.w.org\/{rel}","templated":true}]}}