{"id":2107022,"date":"2026-08-22T13:42:27","date_gmt":"2026-08-22T10:42:27","guid":{"rendered":"https:\/\/analyse.optim.biz\/?p=2107022"},"modified":"2026-08-22T13:42:27","modified_gmt":"2026-08-22T10:42:27","slug":"sarbatoare-mare-la-buzad","status":"publish","type":"post","link":"https:\/\/analyse.optim.biz\/?p=2107022","title":{"rendered":"S\u0103rb\u0103toare mare la Buzad"},"content":{"rendered":"<p>[analyse_image type=&#8221;featured&#8221; src=&#8221;https:\/\/renasterea.ro\/ro\/wp-content\/uploads\/2026\/08\/buzad.jpghttps:\/\/renasterea.ro\/ro\/wp-content\/uploads\/2026\/08\/buzad.jpg&#8221;]<\/p>\n<div class=\"entry-content\"><img loading=\"lazy\" decoding=\"async\" width=\"648\" height=\"454\" src=\"https:\/\/renasterea.ro\/ro\/wp-content\/uploads\/2026\/08\/buzad.jpg\" class=\"attachment-medium size-medium wp-post-image\" alt=\"S\u0103rb\u0103toare mare la Buzad\" title=\"S\u0103rb\u0103toare mare la Buzad 1\"><\/p>\n<h4>Cel mai mare sat al comunei liliputane Bogda din jude\u021bul Timi\u0219, localitatea Buzad, va s\u0103rb\u0103tori duminic\u0103, 23 august, de la ora 17, Ruga Satului.<\/h4>\n<p>Spectacolul preg\u0103tit de autorit\u0103\u021bile locale cu acest prilej se va desf\u0103\u0219ura \u00een fa\u021ba bisericii ortodoxe locale \u0219i-i va avea ca protagoni\u0219ti pe soli\u0219tii Petre Iancu \u0219i Laura Li\u021ba Doroiman, precum \u0219i pe membrii forma\u021biei instrumentale conduse de Zeno Terbancea.<\/p>\n<p>Num\u0103r\u00e2nd circa 170 de locuitori, din totalul de 450 ai \u00eentregii comune Bogda (care reune\u0219te \u0219ase sate din nordul jude\u021bului), Buzad a devenit, ca \u0219i celelalte sate ale comunei, un spa\u021biu de agrement tradi\u021bional pentru locuitorii din centrele or\u0103\u0219ene\u0219ti apropiate.<\/p>\n<h2>CITE\u0218TE \u0218I: <span><a href=\"https:\/\/renasterea.ro\/estul-timisului-isi-deschide-valorile-turistice-de-la-sopot-si-transluncani-la-surduc-si-poiana-rusca-foto\/\">Estul Timi\u0219ului \u00ee\u0219i deschide valorile turistice. De la \u0218opot \u0219i Transluncani, la Surduc \u0219i Poiana Rusc\u0103 (foto)<\/a><\/span><\/h2>\n<p><em>Sursa foto: Visit Timi\u0219<\/em><\/p>\n<\/div>\n<p>[analyse_source url=&#8221;https:\/\/renasterea.ro\/sarbatoare-mare-la-buzad\/&#8221;]<\/p>\n","protected":false},"excerpt":{"rendered":"<p>[analyse_image type=&#8221;featured&#8221; src=&#8221;https:\/\/renasterea.ro\/ro\/wp-content\/uploads\/2026\/08\/buzad.jpghttps:\/\/renasterea.ro\/ro\/wp-content\/uploads\/2026\/08\/buzad.jpg&#8221;] Cel mai mare sat al comunei liliputane Bogda din jude\u021bul Timi\u0219, localitatea Buzad, va s\u0103rb\u0103tori duminic\u0103, 23 august, de la ora 17, Ruga Satului. Spectacolul preg\u0103tit de autorit\u0103\u021bile locale cu acest prilej se va desf\u0103\u0219ura \u00een fa\u021ba bisericii ortodoxe locale \u0219i-i va avea ca protagoni\u0219ti pe soli\u0219tii Petre Iancu \u0219i Laura Li\u021ba [&hellip;]<\/p>\n","protected":false},"author":1,"featured_media":0,"comment_status":"open","ping_status":"","sticky":false,"template":"","format":"standard","meta":{"footnotes":""},"categories":[89],"tags":[226,188],"class_list":["post-2107022","post","type-post","status-publish","format-standard","hentry","category-romania","tag-crawlmanager","tag-renasterea-ro"],"_links":{"self":[{"href":"https:\/\/analyse.optim.biz\/index.php?rest_route=\/wp\/v2\/posts\/2107022","targetHints":{"allow":["GET"]}}],"collection":[{"href":"https:\/\/analyse.optim.biz\/index.php?rest_route=\/wp\/v2\/posts"}],"about":[{"href":"https:\/\/analyse.optim.biz\/index.php?rest_route=\/wp\/v2\/types\/post"}],"author":[{"embeddable":true,"href":"https:\/\/analyse.optim.biz\/index.php?rest_route=\/wp\/v2\/users\/1"}],"replies":[{"embeddable":true,"href":"https:\/\/analyse.optim.biz\/index.php?rest_route=%2Fwp%2Fv2%2Fcomments&post=2107022"}],"version-history":[{"count":0,"href":"https:\/\/analyse.optim.biz\/index.php?rest_route=\/wp\/v2\/posts\/2107022\/revisions"}],"wp:attachment":[{"href":"https:\/\/analyse.optim.biz\/index.php?rest_route=%2Fwp%2Fv2%2Fmedia&parent=2107022"}],"wp:term":[{"taxonomy":"category","embeddable":true,"href":"https:\/\/analyse.optim.biz\/index.php?rest_route=%2Fwp%2Fv2%2Fcategories&post=2107022"},{"taxonomy":"post_tag","embeddable":true,"href":"https:\/\/analyse.optim.biz\/index.php?rest_route=%2Fwp%2Fv2%2Ftags&post=2107022"}],"curies":[{"name":"wp","href":"https:\/\/api.w.org\/{rel}","templated":true}]}}