{"id":2107021,"date":"2026-08-21T08:06:12","date_gmt":"2026-08-21T05:06:12","guid":{"rendered":"https:\/\/analyse.optim.biz\/?p=2107021"},"modified":"2026-08-21T08:06:12","modified_gmt":"2026-08-21T05:06:12","slug":"o-fosta-campioana-mondiala-la-patinaj-artistic-se-muta-cu-familia-in-timisoara","status":"publish","type":"post","link":"https:\/\/analyse.optim.biz\/?p=2107021","title":{"rendered":"O fost\u0103 campioan\u0103 mondial\u0103 la patinaj artistic se mut\u0103 cu familia \u00een Timi\u0219oara"},"content":{"rendered":"<p>[analyse_image type=&#8221;featured&#8221; src=&#8221;https:\/\/renasterea.ro\/ro\/wp-content\/uploads\/2026\/08\/Tanja-Szewczenko.jpghttps:\/\/renasterea.ro\/ro\/wp-content\/uploads\/2026\/08\/Tanja-Szewczenko.jpg&#8221;]<\/p>\n<div class=\"entry-content\"><img loading=\"lazy\" decoding=\"async\" width=\"642\" height=\"429\" src=\"https:\/\/renasterea.ro\/ro\/wp-content\/uploads\/2026\/08\/Tanja-Szewczenko.jpg\" class=\"attachment-medium size-medium wp-post-image\" alt=\"O fost\u0103 campioan\u0103 mondial\u0103 la patinaj artistic se mut\u0103 cu familia \u00een Timi\u0219oara\" title=\"O fost\u0103 campioan\u0103 mondial\u0103 la patinaj artistic se mut\u0103 cu familia \u00een Timi\u0219oara 1\"><\/p>\n<h4>Fosta campioan\u0103 mondial\u0103 la patinaj artistic Tanja Szewczenko a decis s\u0103 \u00eenceap\u0103 un nou capitol al vie\u021bii sale \u00een Rom\u00e2nia. Vedeta german\u0103, \u00een v\u00e2rst\u0103 de 49 de ani, se mut\u0103 \u00eempreun\u0103 cu familia la Timi\u0219oara, ora\u0219 despre care spune c\u0103 le ofer\u0103 exact stilul de via\u021b\u0103 pe care \u00eel c\u0103utau.<\/h4>\n<p>Szewczenko a anun\u021bat pe re\u021belele sociale c\u0103 familia sa \u0219i-a g\u0103sit noua cas\u0103 dup\u0103 luni \u00eentregi de c\u0103ut\u0103ri \u0219i planuri \u021binute departe de ochii publicului. Destina\u021bia aleas\u0103 este Timi\u0219oara, de\u0219i anterior familia luase \u00een calcul \u0219i alte variante, iar o deplasare la Bucure\u0219ti fusese \u00eencheiat\u0103 mai devreme dec\u00e2t era prev\u0103zut.<\/p>\n<p>Fosta sportiv\u0103 a descris Timi\u0219oara drept locul \u00een care familia sa simte c\u0103 poate, \u00een sf\u00e2r\u0219it, \u201es\u0103 respire\u201d. Un rol important \u00een alegere l-au avut istoria \u0219i arhitectura ora\u0219ului, dar \u0219i leg\u0103turile sale cu spa\u021biul german, relateaz\u0103 publica\u021bia Focus.<\/p>\n<p>Szewczenko le-a vorbit urm\u0103ritorilor s\u0103i despre supranumele de \u201eMica Vien\u0103\u201d, trecutul habsburgic al Timi\u0219oarei \u0219i mo\u0219tenirea \u0219vabilor b\u0103n\u0103\u021beni. Ea s-a declarat impresionat\u0103 de arhitectura baroc\u0103 \u0219i de oferta cultural\u0103 a ora\u0219ului.<\/p>\n<h3>Ce a convins-o s\u0103 aleag\u0103 Rom\u00e2nia<\/h3>\n<p>Dincolo de aspectul Timi\u0219oarei, vedeta german\u0103 spune c\u0103 a fost cucerit\u0103 de atmosfera ora\u0219ului \u0219i de oamenii pe care i-a \u00eent\u00e2lnit. Ea descrie noua sa destina\u021bie drept sigur\u0103, curat\u0103 \u0219i foarte verde.<\/p>\n<p>Decizia a fost influen\u021bat\u0103 \u0219i de nevoile celor trei copii. Fiica sa, Jona, pasionat\u0103 de dans, ar urma s\u0103 beneficieze de condi\u021bii bune de preg\u0103tire, iar to\u021bi cei trei copii ai familiei vor urma cursurile unei \u0219coli interna\u021bionale din Timi\u0219oara.<\/p>\n<p>Pentru Szewczenko \u0219i so\u021bul s\u0103u, Norman Jeschke, mutarea \u00een Rom\u00e2nia reprezint\u0103 mai ales o schimbare a ritmului de via\u021b\u0103. Fosta campioan\u0103 spune c\u0103 familia vrea s\u0103 renun\u021be definitiv la ceea ce ea nume\u0219te \u201eroata de hamster\u201d \u00een favoarea unei vie\u021bi mai independente \u0219i \u00een care p\u0103rin\u021bii s\u0103 fie mai prezen\u021bi pentru copii.<\/p>\n<h3>Din Germania \u0219i Dubai, la Timi\u0219oara<\/h3>\n<p>Familia Szewczenko a p\u0103r\u0103sit K\u00f6lnul \u00een 2023 pentru Dubai, iar ulterior a locuit o perioad\u0103 \u0219i la Bremen. Mutarea la Timi\u0219oara nu \u00eenseamn\u0103 \u00eens\u0103 o desp\u0103r\u021bire definitiv\u0103 de Emiratele Arabe Unite. Locuin\u021ba din Dubai ar urma s\u0103 fie p\u0103strat\u0103 ca re\u0219edin\u021b\u0103 secundar\u0103 \u0219i loc \u00een care familia se poate retrage periodic.<\/p>\n<p>Tanja Szewczenko este cunoscut\u0103 \u00een Germania at\u00e2t pentru cariera din patinaj artistic, c\u00e2t \u0219i pentru cea de actri\u021b\u0103. A devenit campioan\u0103 mondial\u0103 de juniori \u00een 1990, iar ulterior a ob\u021binut medalii importante la competi\u021biile interna\u021bionale de seniori, inclusiv o medalie de bronz la Campionatele Mondiale de Patinaj Artistic din 1994. Dup\u0103 retragerea din sport, a devenit cunoscut\u0103 unui public mai larg prin intermediul unui rol \u00eentr-un cunoscut serial german.<\/p>\n<h2>CITE\u015eTE \u015eI: <span><a href=\"https:\/\/renasterea.ro\/comunicat-important-pentru-populatie-de-la-dsp-timis-legat-de-fumul-inecacios-care-a-acoperit-timisoara-si-imprejurimile\/\">Comunicat important pentru popula\u0163ie, de la DSP Timi\u015f, legat de fumul \u00eenec\u0103cios care a acoperit Timi\u015foara \u015fi \u00eemprejurimile<\/a><\/span><\/h2>\n<p>Szewczenko \u0219i so\u021bul s\u0103u, Norman Jeschke s-au cunoscut prin intermediul patinajului, iar rela\u021bia lor a \u00eenceput \u00een 2008. Cei doi au trei copii: Jona, n\u0103scut\u0103 \u00een 2011, \u0219i gemenii Leo \u0219i Luis, veni\u021bi pe lume zece ani mai t\u00e2rziu.<\/p>\n<p>(sursa:\u00a0<a href=\"https:\/\/mediafax.ro\/\" target=\"_blank\" rel=\"noopener\">Mediafax<\/a>)<\/p>\n<p><em>Sursa foto: rtl.de \/ Instagram<\/em><\/p>\n<\/div>\n<p>[analyse_source url=&#8221;https:\/\/renasterea.ro\/o-fosta-campioana-mondiala-la-patinaj-artistic-isi-muta-familia-la-timisoara\/&#8221;]<\/p>\n","protected":false},"excerpt":{"rendered":"<p>[analyse_image type=&#8221;featured&#8221; src=&#8221;https:\/\/renasterea.ro\/ro\/wp-content\/uploads\/2026\/08\/Tanja-Szewczenko.jpghttps:\/\/renasterea.ro\/ro\/wp-content\/uploads\/2026\/08\/Tanja-Szewczenko.jpg&#8221;] Fosta campioan\u0103 mondial\u0103 la patinaj artistic Tanja Szewczenko a decis s\u0103 \u00eenceap\u0103 un nou capitol al vie\u021bii sale \u00een Rom\u00e2nia. Vedeta german\u0103, \u00een v\u00e2rst\u0103 de 49 de ani, se mut\u0103 \u00eempreun\u0103 cu familia la Timi\u0219oara, ora\u0219 despre care spune c\u0103 le ofer\u0103 exact stilul de via\u021b\u0103 pe care \u00eel c\u0103utau. Szewczenko a [&hellip;]<\/p>\n","protected":false},"author":1,"featured_media":0,"comment_status":"open","ping_status":"","sticky":false,"template":"","format":"standard","meta":{"footnotes":""},"categories":[89],"tags":[226,188],"class_list":["post-2107021","post","type-post","status-publish","format-standard","hentry","category-romania","tag-crawlmanager","tag-renasterea-ro"],"_links":{"self":[{"href":"https:\/\/analyse.optim.biz\/index.php?rest_route=\/wp\/v2\/posts\/2107021","targetHints":{"allow":["GET"]}}],"collection":[{"href":"https:\/\/analyse.optim.biz\/index.php?rest_route=\/wp\/v2\/posts"}],"about":[{"href":"https:\/\/analyse.optim.biz\/index.php?rest_route=\/wp\/v2\/types\/post"}],"author":[{"embeddable":true,"href":"https:\/\/analyse.optim.biz\/index.php?rest_route=\/wp\/v2\/users\/1"}],"replies":[{"embeddable":true,"href":"https:\/\/analyse.optim.biz\/index.php?rest_route=%2Fwp%2Fv2%2Fcomments&post=2107021"}],"version-history":[{"count":0,"href":"https:\/\/analyse.optim.biz\/index.php?rest_route=\/wp\/v2\/posts\/2107021\/revisions"}],"wp:attachment":[{"href":"https:\/\/analyse.optim.biz\/index.php?rest_route=%2Fwp%2Fv2%2Fmedia&parent=2107021"}],"wp:term":[{"taxonomy":"category","embeddable":true,"href":"https:\/\/analyse.optim.biz\/index.php?rest_route=%2Fwp%2Fv2%2Fcategories&post=2107021"},{"taxonomy":"post_tag","embeddable":true,"href":"https:\/\/analyse.optim.biz\/index.php?rest_route=%2Fwp%2Fv2%2Ftags&post=2107021"}],"curies":[{"name":"wp","href":"https:\/\/api.w.org\/{rel}","templated":true}]}}