{"id":2107020,"date":"2026-08-21T10:55:46","date_gmt":"2026-08-21T07:55:46","guid":{"rendered":"https:\/\/analyse.optim.biz\/?p=2107020"},"modified":"2026-08-21T10:55:46","modified_gmt":"2026-08-21T07:55:46","slug":"ruga-slovaca-in-timis","status":"publish","type":"post","link":"https:\/\/analyse.optim.biz\/?p=2107020","title":{"rendered":"Rug\u0103 slovac\u0103 \u00een Timi\u015f"},"content":{"rendered":"<p>[analyse_image type=&#8221;featured&#8221; src=&#8221;https:\/\/renasterea.ro\/ro\/wp-content\/uploads\/2026\/08\/dorian-talpes.jpghttps:\/\/renasterea.ro\/ro\/wp-content\/uploads\/2026\/08\/dorian-talpes.jpg&#8221;]<\/p>\n<div class=\"entry-content\"><img loading=\"lazy\" decoding=\"async\" width=\"650\" height=\"420\" src=\"https:\/\/renasterea.ro\/ro\/wp-content\/uploads\/2026\/08\/dorian-talpes.jpg\" class=\"attachment-medium size-medium wp-post-image\" alt=\"Rug\u0103 slovac\u0103 \u00een Timi\u015f\" title=\"Rug\u0103 slovac\u0103 \u00een Timi\u015f 1\"><\/p>\n<h4>Gazd\u0103 a unei importante comunit\u0103\u021bi de etnie slovac\u0103, satul Butin, din componen\u021ba ora\u0219ului timi\u0219ean G\u0103taia, se preg\u0103te\u0219te de s\u0103rb\u0103toare.<\/h4>\n<p>Aici, \u00een ziua de duminic\u0103, 23 august, cu \u00eencepere de la ora 13, se va desf\u0103\u0219ura Ruga Satului, eveniment care face parte din calendarul Zilelor Culturii Slovace, prin care se marcheaz\u0103 \u00eemplinirea a 65 de ani de la str\u0103mutarea primilor slovaci catolici din Bihor \u00een Banat.<\/p>\n<p>Dup\u0103 ceremonialul religios de la biserica local\u0103, organizatorii au programat, de la ora 16, \u00een parcul s\u0103tesc \u0219i la Casa Slovac\u0103 din Butin, un spectacol de tradi\u021bii slovace, la care \u00ee\u0219i vor da concursul membrii forma\u021biei Iosif Baitar \u0219i solista Doriana Talpe\u0219 (foto).<\/p>\n<h2>CITE\u015eTE \u015eI: <span><a href=\"https:\/\/renasterea.ro\/o-fosta-campioana-mondiala-la-patinaj-artistic-isi-muta-familia-la-timisoara\/\">O fost\u0103 campioan\u0103 mondial\u0103 la patinaj artistic se mut\u0103 cu familia \u00een Timi\u0219oara<\/a><\/span><\/h2>\n<\/div>\n<p>[analyse_source url=&#8221;https:\/\/renasterea.ro\/ruga-slovaca-in-timis\/&#8221;]<\/p>\n","protected":false},"excerpt":{"rendered":"<p>[analyse_image type=&#8221;featured&#8221; src=&#8221;https:\/\/renasterea.ro\/ro\/wp-content\/uploads\/2026\/08\/dorian-talpes.jpghttps:\/\/renasterea.ro\/ro\/wp-content\/uploads\/2026\/08\/dorian-talpes.jpg&#8221;] Gazd\u0103 a unei importante comunit\u0103\u021bi de etnie slovac\u0103, satul Butin, din componen\u021ba ora\u0219ului timi\u0219ean G\u0103taia, se preg\u0103te\u0219te de s\u0103rb\u0103toare. Aici, \u00een ziua de duminic\u0103, 23 august, cu \u00eencepere de la ora 13, se va desf\u0103\u0219ura Ruga Satului, eveniment care face parte din calendarul Zilelor Culturii Slovace, prin care se marcheaz\u0103 \u00eemplinirea a [&hellip;]<\/p>\n","protected":false},"author":1,"featured_media":0,"comment_status":"open","ping_status":"","sticky":false,"template":"","format":"standard","meta":{"footnotes":""},"categories":[89],"tags":[226,188],"class_list":["post-2107020","post","type-post","status-publish","format-standard","hentry","category-romania","tag-crawlmanager","tag-renasterea-ro"],"_links":{"self":[{"href":"https:\/\/analyse.optim.biz\/index.php?rest_route=\/wp\/v2\/posts\/2107020","targetHints":{"allow":["GET"]}}],"collection":[{"href":"https:\/\/analyse.optim.biz\/index.php?rest_route=\/wp\/v2\/posts"}],"about":[{"href":"https:\/\/analyse.optim.biz\/index.php?rest_route=\/wp\/v2\/types\/post"}],"author":[{"embeddable":true,"href":"https:\/\/analyse.optim.biz\/index.php?rest_route=\/wp\/v2\/users\/1"}],"replies":[{"embeddable":true,"href":"https:\/\/analyse.optim.biz\/index.php?rest_route=%2Fwp%2Fv2%2Fcomments&post=2107020"}],"version-history":[{"count":0,"href":"https:\/\/analyse.optim.biz\/index.php?rest_route=\/wp\/v2\/posts\/2107020\/revisions"}],"wp:attachment":[{"href":"https:\/\/analyse.optim.biz\/index.php?rest_route=%2Fwp%2Fv2%2Fmedia&parent=2107020"}],"wp:term":[{"taxonomy":"category","embeddable":true,"href":"https:\/\/analyse.optim.biz\/index.php?rest_route=%2Fwp%2Fv2%2Fcategories&post=2107020"},{"taxonomy":"post_tag","embeddable":true,"href":"https:\/\/analyse.optim.biz\/index.php?rest_route=%2Fwp%2Fv2%2Ftags&post=2107020"}],"curies":[{"name":"wp","href":"https:\/\/api.w.org\/{rel}","templated":true}]}}