{"id":2107005,"date":"2026-08-22T17:51:16","date_gmt":"2026-08-22T14:51:16","guid":{"rendered":"https:\/\/analyse.optim.biz\/?p=2107005"},"modified":"2026-08-22T17:51:16","modified_gmt":"2026-08-22T14:51:16","slug":"pe-surse-pnl-buzau-pregateste-schimbarea-conducerii-isj-patru-nume-sunt-in-discutie","status":"publish","type":"post","link":"https:\/\/analyse.optim.biz\/?p=2107005","title":{"rendered":"PE SURSE | PNL Buz\u0103u preg\u0103te\u0219te schimbarea conducerii ISJ. Patru nume sunt \u00een discu\u021bie"},"content":{"rendered":"<p>[analyse_image type=&#8221;featured&#8221; src=&#8221;https:\/\/gazetabuzoiana.ro\/wp-content\/uploads\/2026\/08\/ISJ-BUZAU.jpg&#8221;]<\/p>\n<div class=\"entry-content entry clearfix\">\n<p class=\"wp-block-paragraph\">Daniela Palc\u0103u ar urma s\u0103 fie \u00eenlocuit\u0103 de la conducerea Inspectoratului \u0218colar Jude\u021bean Buz\u0103u<strong>. <\/strong>Potrivit informa\u021biilor ob\u021binute de <em>Gazeta Buzoian\u0103 <\/em>din surse politice, PNL Buz\u0103u a pus \u00een discu\u021bie \u00een aceast\u0103 s\u0103pt\u0103m\u00e2n\u0103 patru nume pentru func\u021bia de inspector \u0219colar general: Gina Manea, Ionel Meiro\u0219u, Felicia Bo\u0219codal\u0103 \u0219i Cristina Ivan.<\/p>\n<p class=\"wp-block-paragraph\">Discu\u021biile nu s-au \u00eencheiat \u00eenc\u0103, iar potrivit surselor noastre, luni sau mar\u021bi ar urma s\u0103 fie luat\u0103 decizia privind persoana care va prelua func\u021bia ocupat\u0103 \u00een prezent de Daniela Palc\u0103u.<\/p>\n<p class=\"wp-block-paragraph\">Acelea\u0219i surse sus\u021bin c\u0103 schimbarea de la ISJ Buz\u0103u va deschide seria  schimb\u0103rilor preg\u0103tite de liberalii buzoieni la conducerea institu\u021biilor deconcentrate. \u00cen ceea ce prive\u0219te Inspectoraul \u0218colar, dup\u0103 stabilirea noului inspector general, vor infi puse \u00een discu\u021bie \u0219i posturile de inspectori generali adjunc\u021bi.<\/p>\n<p class=\"wp-block-paragraph\">Gina Manea este \u00een prezent inspector \u0219colar general adjunct, \u00een timp ce Ionel Meiro\u0219u a mai ocupat func\u021bia de inspector \u0219colar general. Felicia Bo\u0219codal\u0103 \u0219i Cristina Ivan se afl\u0103, la r\u00e2ndul lor, printre variantele analizate \u00een interiorul organiza\u021biei liberale. <\/p>\n<figure class=\"wp-block-image size-large\"><img loading=\"lazy\" decoding=\"async\" width=\"1024\" height=\"682\" src=\"https:\/\/gazetabuzoiana.ro\/wp-content\/uploads\/2026\/08\/boscodeala-bun-1024x682.png\" alt class=\"wp-image-22234\"><\/figure>\n<p class=\"wp-block-paragraph\">Felicia Elena Bo\u0219codeal\u0103 este profesor de istorie la Colegiul Na\u021bional Pedagogic \u201eSpiru Haret\u201d Buz\u0103u \u0219i inspector \u0219colar \u00een cadrul Inspectoratului \u0218colar Jude\u021bean Buz\u0103u. De\u021bine un doctorat \u00een \u0219tiin\u021bele educa\u021biei, este cercet\u0103tor \u0219i coautor de manuale \u0219colare de istorie aprobate de Ministerul Educa\u021biei. Pe l\u00e2ng\u0103 activitatea la catedr\u0103 \u0219i cea de management educa\u021bional, coordoneaz\u0103 proiecte europene de reform\u0103 curricular\u0103 \u0219i semneaz\u0103 lucr\u0103ri de cercetare documentar\u0103 axate pe istoria local\u0103.<\/p>\n<div class=\"wp-block-image\">\n<figure class=\"aligncenter size-full\"><img decoding=\"async\" loading=\"lazy\" width=\"600\" height=\"601\" src=\"https:\/\/gazetabuzoiana.ro\/wp-content\/uploads\/2026\/08\/ivan-buna.jpg\" alt class=\"wp-image-22236\"><\/figure>\n<\/div>\n<p class=\"wp-block-paragraph\">Cristina Ivan este inspector \u0219colar pentru educa\u021bie timpurie \u00een cadrul Inspectoratului \u0218colar Jude\u021bean Buz\u0103u. Aceasta coordoneaz\u0103 direct activitatea unit\u0103\u021bilor de \u00eenv\u0103\u021b\u0103m\u00e2nt pre\u0219colar din jude\u021b \u0219i ofer\u0103 \u00eendrumare metodologic\u0103 cadrelor didactice pentru aplicarea curriculumului na\u021bional. De asemenea, gestioneaz\u0103 programele locale \u0219i proiectele educa\u021bionale destinate dezvolt\u0103rii copiilor la v\u00e2rste timpurii.<\/p>\n<div class=\"wp-block-image\">\n<figure class=\"aligncenter size-full is-resized\"><img decoding=\"async\" loading=\"lazy\" width=\"297\" height=\"348\" src=\"https:\/\/gazetabuzoiana.ro\/wp-content\/uploads\/2026\/08\/manea.jpg\" alt class=\"wp-image-22237\"><\/figure>\n<\/div>\n<p class=\"wp-block-paragraph\">Gina Manea este profesor \u0219i activeaz\u0103 \u00een managementul educa\u021bional din jude\u021b, ocup\u00e2nd de asemenea func\u021bia de inspector \u0219colar general adjunct la Inspectoratului \u0218colar Jude\u021bean Buz\u0103u. Activitatea sa este centrat\u0103 pe monitorizarea programelor metodologice, centralizarea proiectelor locale (precum acordarea burselor \u0219colare) \u0219i implementarea directivelor Ministerului Educa\u021biei \u00een \u0219coli. <\/p>\n<div class=\"wp-block-image\">\n<figure class=\"alignleft size-full is-resized\"><img decoding=\"async\" loading=\"lazy\" width=\"187\" height=\"270\" src=\"https:\/\/gazetabuzoiana.ro\/wp-content\/uploads\/2026\/08\/meirosu.jpeg\" alt class=\"wp-image-22238\"><\/figure>\n<\/div>\n<p class=\"wp-block-paragraph\">Ionel Meiro\u0219u este profesor \u0219i a ocupat func\u021bia de inspector \u0219colar general \u00een cadrul Inspectoratului \u0218colar Jude\u021bean Buz\u0103u. Acesta are o carier\u0103 de lung\u0103 durat\u0103 \u00een \u00eenv\u0103\u021b\u0103m\u00e2nt, activ\u00e2nd ca profesor \u0219i ocup\u00e2nd anterior func\u021bia de director al \u0218colii Gimnaziale \u201eVasile Cristoforeanu\u201d din R\u00e2mnicu S\u0103rat. \u00cen cadrul activit\u0103\u021bii sale la conducerea ISJ Buz\u0103u, a coordonat organizarea concursurilor pentru func\u021biile de conducere din unit\u0103\u021bile \u0219colare \u0219i managementul institu\u021bional la nivel jude\u021bean.<\/p>\n<p class=\"wp-block-paragraph\">Sursele Gazeta Buzoian\u0103 spun c\u0103 discu\u021bia privind numele viitorului inspector general va fi reluat\u0103 la \u00eenceputul s\u0103pt\u0103m\u00e2nii viitoare, iar luni sau mar\u021bi este a\u0219teptat\u0103 o decizie.<\/p>\n<p class=\"wp-block-paragraph\">Dup\u0103 cum am men\u021bionat mai sus, PNL Buz\u0103u preg\u0103te\u0219te, potrivit surselor politice, schimb\u0103ri la conducerea mai multor institu\u021bii deconcentrate din jude\u021b, cu inten\u021bia de a-\u0219i instala oamenii sus\u021binu\u021bi de organiza\u021bia jude\u021bean\u0103 \u00een func\u021biile de conducere.<\/p>\n<div class=\"post-bottom-meta post-bottom-tags post-tags-modern\">\n<div class=\"post-bottom-meta-title\"> Etichete<\/div>\n<p><span class=\"tagcloud\"><a href=\"https:\/\/gazetabuzoiana.ro\/tag\/buzau-2\/\" rel=\"tag\">Buz\u0103u<\/a><a href=\"https:\/\/gazetabuzoiana.ro\/tag\/cristina-ivan\/\" rel=\"tag\">Cristina Ivan<\/a><a href=\"https:\/\/gazetabuzoiana.ro\/tag\/daniela-palcau\/\" rel=\"tag\">Daniela Palc\u0103u<\/a><a href=\"https:\/\/gazetabuzoiana.ro\/tag\/felicia-boscodala\/\" rel=\"tag\">Felicia Bo\u0219codal\u0103<\/a><a href=\"https:\/\/gazetabuzoiana.ro\/tag\/gina-manea\/\" rel=\"tag\">Gina Manea<\/a><a href=\"https:\/\/gazetabuzoiana.ro\/tag\/inspector-scolar-general\/\" rel=\"tag\">inspector \u0219colar general<\/a><a href=\"https:\/\/gazetabuzoiana.ro\/tag\/inspector-scolar-general-adjunct\/\" rel=\"tag\">inspector \u0219colar general adjunct<\/a><a href=\"https:\/\/gazetabuzoiana.ro\/tag\/inspectoratul-scolar-judetean-buzau\/\" rel=\"tag\">Inspectoratul \u0218colar Jude\u021bean Buz\u0103u<\/a><a href=\"https:\/\/gazetabuzoiana.ro\/tag\/institutii-deconcentrate-buzau\/\" rel=\"tag\">institu\u021bii deconcentrate Buz\u0103u<\/a><a href=\"https:\/\/gazetabuzoiana.ro\/tag\/invatamant-buzau\/\" rel=\"tag\">\u00eenv\u0103\u021b\u0103m\u00e2nt Buz\u0103u<\/a><a href=\"https:\/\/gazetabuzoiana.ro\/tag\/ionel-meirosu\/\" rel=\"tag\">Ionel Meiro\u0219u<\/a><a href=\"https:\/\/gazetabuzoiana.ro\/tag\/isj-buzau-2\/\" rel=\"tag\">ISJ Buz\u0103u<\/a><a href=\"https:\/\/gazetabuzoiana.ro\/tag\/pnl\/\" rel=\"tag\">PNL<\/a><a href=\"https:\/\/gazetabuzoiana.ro\/tag\/pnl-buzau\/\" rel=\"tag\">PNL Buz\u0103u<\/a><a href=\"https:\/\/gazetabuzoiana.ro\/tag\/politica-buzau-2\/\" rel=\"tag\">politic\u0103 Buz\u0103u<\/a><a href=\"https:\/\/gazetabuzoiana.ro\/tag\/schimbari-institutii-deconcentrate\/\" rel=\"tag\">schimb\u0103ri institu\u021bii deconcentrate<\/a><\/span><\/div>\n<\/div>\n<p>[analyse_source url=&#8221;https:\/\/gazetabuzoiana.ro\/2026\/08\/22\/pe-surse-pnl-buzau-pregateste-schimbarea-conducerii-isj-patru-nume-sunt-in-discutie\/&#8221;]<\/p>\n","protected":false},"excerpt":{"rendered":"<p>[analyse_image type=&#8221;featured&#8221; src=&#8221;https:\/\/gazetabuzoiana.ro\/wp-content\/uploads\/2026\/08\/ISJ-BUZAU.jpg&#8221;] Daniela Palc\u0103u ar urma s\u0103 fie \u00eenlocuit\u0103 de la conducerea Inspectoratului \u0218colar Jude\u021bean Buz\u0103u. Potrivit informa\u021biilor ob\u021binute de Gazeta Buzoian\u0103 din surse politice, PNL Buz\u0103u a pus \u00een discu\u021bie \u00een aceast\u0103 s\u0103pt\u0103m\u00e2n\u0103 patru nume pentru func\u021bia de inspector \u0219colar general: Gina Manea, Ionel Meiro\u0219u, Felicia Bo\u0219codal\u0103 \u0219i Cristina Ivan. Discu\u021biile nu s-au [&hellip;]<\/p>\n","protected":false},"author":1,"featured_media":0,"comment_status":"open","ping_status":"","sticky":false,"template":"","format":"standard","meta":{"footnotes":""},"categories":[2],"tags":[226,38],"class_list":["post-2107005","post","type-post","status-publish","format-standard","hentry","category-politics","tag-crawlmanager","tag-gazetabuzoiana-ro"],"_links":{"self":[{"href":"https:\/\/analyse.optim.biz\/index.php?rest_route=\/wp\/v2\/posts\/2107005","targetHints":{"allow":["GET"]}}],"collection":[{"href":"https:\/\/analyse.optim.biz\/index.php?rest_route=\/wp\/v2\/posts"}],"about":[{"href":"https:\/\/analyse.optim.biz\/index.php?rest_route=\/wp\/v2\/types\/post"}],"author":[{"embeddable":true,"href":"https:\/\/analyse.optim.biz\/index.php?rest_route=\/wp\/v2\/users\/1"}],"replies":[{"embeddable":true,"href":"https:\/\/analyse.optim.biz\/index.php?rest_route=%2Fwp%2Fv2%2Fcomments&post=2107005"}],"version-history":[{"count":0,"href":"https:\/\/analyse.optim.biz\/index.php?rest_route=\/wp\/v2\/posts\/2107005\/revisions"}],"wp:attachment":[{"href":"https:\/\/analyse.optim.biz\/index.php?rest_route=%2Fwp%2Fv2%2Fmedia&parent=2107005"}],"wp:term":[{"taxonomy":"category","embeddable":true,"href":"https:\/\/analyse.optim.biz\/index.php?rest_route=%2Fwp%2Fv2%2Fcategories&post=2107005"},{"taxonomy":"post_tag","embeddable":true,"href":"https:\/\/analyse.optim.biz\/index.php?rest_route=%2Fwp%2Fv2%2Ftags&post=2107005"}],"curies":[{"name":"wp","href":"https:\/\/api.w.org\/{rel}","templated":true}]}}