{"id":2107000,"date":"2026-08-20T19:55:43","date_gmt":"2026-08-20T16:55:43","guid":{"rendered":"https:\/\/analyse.optim.biz\/?p=2107000"},"modified":"2026-08-20T19:55:43","modified_gmt":"2026-08-20T16:55:43","slug":"buzau-cel-mai-afectat-judet-in-urma-calamitatilor","status":"publish","type":"post","link":"https:\/\/analyse.optim.biz\/?p=2107000","title":{"rendered":"Buz\u0103u, cel mai afectat jude\u0163 \u00een urma calamit\u0103\u0163ilor"},"content":{"rendered":"<p>[analyse_image type=&#8221;featured&#8221; src=&#8221;https:\/\/www.tvbuzau.ro\/wp-content\/uploads\/2026\/08\/sddefault-37.jpghttps:\/\/www.tvbuzau.ro\/wp-content\/uploads\/2026\/08\/sddefault-37.jpg&#8221;]<\/p>\n<div class=\"td-ss-main-content\">\n<article id=\"post-120094\" class=\"post-120094 post type-post status-publish format-video has-post-thumbnail hentry category-actualitate post_format-post-format-video\">\n<div class=\"td-post-header\">\n<ul class=\"td-category\">\n<li class=\"entry-category\"><a href=\"https:\/\/www.tvbuzau.ro\/category\/actualitate\/\">Actualitate<\/a><\/li>\n<\/ul>\n<header class=\"td-post-title\">\n<h1 class=\"entry-title\">Buz\u0103u, cel mai afectat jude\u0163 \u00een urma calamit\u0103\u0163ilor<\/h1>\n<div class=\"td-module-meta-info\">\n<div class=\"td-post-author-name\">De c\u0103tre <a href=\"https:\/\/www.tvbuzau.ro\/author\/mihai-vasilescu\/\">TV Buz\u0103u<\/a> &#8211; <\/div>\n<p><span class=\"td-post-date\"><time class=\"entry-date updated td-module-date\" datetime=\"2026-08-20T19:55:43+00:00\">august 20, 2026<\/time><\/span><\/p>\n<div class=\"td-post-comments\"><a href=\"https:\/\/www.tvbuzau.ro\/buzau-cel-mai-afectat-judet-in-urma-calamitatilor\/#respond\">0<\/a><\/div>\n<div class=\"td-post-views\"><span class=\"td-nr-views-120094\">6<\/span><\/div>\n<\/div>\n<\/header>\n<\/div>\n<div class=\"td-post-sharing td-post-sharing-top td-with-like\">\n<div class=\"td-default-sharing\"><a class=\"td-social-sharing-buttons td-social-facebook\" href=\"http:\/\/www.facebook.com\/sharer.php?u=https%3A%2F%2Fwww.tvbuzau.ro%2Fbuzau-cel-mai-afectat-judet-in-urma-calamitatilor%2F\"><\/p>\n<div class=\"td-social-but-text\">Distribui\u021bi pe Facebook<\/div>\n<p><\/a><a class=\"td-social-sharing-buttons td-social-twitter\" href=\"https:\/\/twitter.com\/intent\/tweet?text=Buz%C4%83u%2C+cel+mai+afectat+jude%C5%A3+%C3%AEn+urma+calamit%C4%83%C5%A3ilor&amp;url=https%3A%2F%2Fwww.tvbuzau.ro%2Fbuzau-cel-mai-afectat-judet-in-urma-calamitatilor%2F&amp;via=TV+Buz%C4%83u\"><\/p>\n<div class=\"td-social-but-text\">Distribui\u021bi pe Twitter<\/div>\n<p><\/a><\/div>\n<div class=\"td-classic-sharing\">\n<ul>\n<li class=\"td-classic-facebook\"><iframe frameborder src=\"https:\/\/www.facebook.com\/plugins\/like.php?href=https:\/\/www.tvbuzau.ro\/buzau-cel-mai-afectat-judet-in-urma-calamitatilor\/&amp;layout=button_count&amp;show_faces=false&amp;width=105&amp;action=like&amp;colorscheme=light&amp;height=21\"><\/iframe><\/li>\n<li class=\"td-classic-twitter\"><a href=\"https:\/\/twitter.com\/share\" class=\"twitter-share-button\" data-url=\"https:\/\/www.tvbuzau.ro\/buzau-cel-mai-afectat-judet-in-urma-calamitatilor\/\" data-text=\"Buz\u0103u, cel mai afectat jude\u0163 \u00een urma calamit\u0103\u0163ilor\" data-via data-lang=\"en\">tweet<\/a><\/li>\n<\/ul>\n<\/div>\n<\/div>\n<div class=\"td-post-content\">\n<div class=\"td-featured-image-rec\">\n<div class=\"wpb_video_wrapper\">\n                    <iframe loading=\"lazy\" id=\"td_youtube_player\" width=\"600\" height=\"560\" src=\"https:\/\/www.youtube.com\/embed\/0CsecZEsWCk?enablejsapi=1&amp;feature=oembed&amp;wmode=opaque&amp;vq=hd720\" frameborder allowfullscreen><\/iframe><\/p><\/div>\n<\/div>\n<p>Expetize pe DJ 102C Sc\u0103ri\u015foara -Buda Cr\u0103ciune\u015fti<br \/>\nPloile de la sf\u00e2r\u015fitul prim\u0103verii care s-au continuat \u015fi \u00een lunile iunie \u015fi iulie au produs pagube semnificative \u00een jude\u0163ul Buz\u0103u. Mai multe drumuri s\u0103te\u015fti \u015fi jude\u0163ene au fost afectate, pompierii fiind solicita\u0163i s\u0103 intervin\u0103 \u015fi \u00een cazul unor gospod\u0103rii inundate. Consiliul Jude\u0163ean Buz\u0103u a efectuat o analiz\u0103 \u015fi a alocat sume de bani pentru reabilitarea unor por\u0163iuni din DJ 102C Sc\u0103ri\u015foara -Buda Cr\u0103ciune\u015fti, DJ 203L km la Br\u0103e\u015fti \u015fi DJ 205  Breaza -Vispe\u015fti.<br \/>\nExpertizele au ar\u0103tat \u00een cazul  DJ 102C Sc\u0103ri\u015foara -Buda Cr\u0103ciune\u015fti c\u0103 \u00een urma ploilor abundente alunec\u0103rile de teren au afectat partea carosabil\u0103 pe o lungime de peste 100 de metri.<br \/>\nTotodat\u0103, Consilul Jude\u0163ean Buz\u0103u a alocat bani \u015fi pentru modernizare DJ204C, Bisoca-Sarulesti-Vintila Voda.<\/p>\n<div class=\"post-views post-120094 entry-meta\"><span class=\"post-views-label\">Post Views: <\/span><span class=\"post-views-count\">196<\/span><\/div>\n<\/div>\n<footer>\n<div class=\"td-post-sharing td-post-sharing-bottom td-with-like\"><span class=\"td-post-share-title\">DISTRIBUI\u021aI<\/span><\/p>\n<div class=\"td-default-sharing\"><a class=\"td-social-sharing-buttons td-social-facebook\" href=\"http:\/\/www.facebook.com\/sharer.php?u=https%3A%2F%2Fwww.tvbuzau.ro%2Fbuzau-cel-mai-afectat-judet-in-urma-calamitatilor%2F\"><\/p>\n<div class=\"td-social-but-text\">Facebook<\/div>\n<p><\/a><a class=\"td-social-sharing-buttons td-social-twitter\" href=\"https:\/\/twitter.com\/intent\/tweet?text=Buz%C4%83u%2C+cel+mai+afectat+jude%C5%A3+%C3%AEn+urma+calamit%C4%83%C5%A3ilor&amp;url=https%3A%2F%2Fwww.tvbuzau.ro%2Fbuzau-cel-mai-afectat-judet-in-urma-calamitatilor%2F&amp;via=TV+Buz%C4%83u\"><\/p>\n<div class=\"td-social-but-text\">Twitter<\/div>\n<p><\/a><\/div>\n<div class=\"td-classic-sharing\">\n<ul>\n<li class=\"td-classic-facebook\"><iframe frameborder src=\"https:\/\/www.facebook.com\/plugins\/like.php?href=https:\/\/www.tvbuzau.ro\/buzau-cel-mai-afectat-judet-in-urma-calamitatilor\/&amp;layout=button_count&amp;show_faces=false&amp;width=105&amp;action=like&amp;colorscheme=light&amp;height=21\"><\/iframe><\/li>\n<li class=\"td-classic-twitter\"><a href=\"https:\/\/twitter.com\/share\" class=\"twitter-share-button\" data-url=\"https:\/\/www.tvbuzau.ro\/buzau-cel-mai-afectat-judet-in-urma-calamitatilor\/\" data-text=\"Buz\u0103u, cel mai afectat jude\u0163 \u00een urma calamit\u0103\u0163ilor\" data-via data-lang=\"en\">tweet<\/a><\/li>\n<\/ul>\n<\/div>\n<\/div>\n<div class=\"td-author-name vcard author\"><span class=\"fn\"><a href=\"https:\/\/www.tvbuzau.ro\/author\/mihai-vasilescu\/\">TV Buz\u0103u<\/a><\/span><\/div>\n<p><span><\/span><span><span><\/span><\/span><span><\/span><\/footer>\n<\/article>\n<div class=\"td_block_wrap td_block_related_posts td_uid_1_6a8a13a81dca9_rand td_with_ajax_pagination td-pb-border-top\" data-td-block-uid=\"td_uid_1_6a8a13a81dca9\">\n<h4 class=\"td-related-title\"><a id=\"td_uid_2_6a8a13a82322a\" class=\"td-related-left td-cur-simple-item\" data-td_filter_value data-td_block_id=\"td_uid_1_6a8a13a81dca9\" href=\"https:\/\/www.tvbuzau.ro\/buzau-cel-mai-afectat-judet-in-urma-calamitatilor\/\">ARTICOLE SIMILARE<\/a><a id=\"td_uid_3_6a8a13a823268\" class=\"td-related-right\" data-td_filter_value=\"td_related_more_from_author\" data-td_block_id=\"td_uid_1_6a8a13a81dca9\" href=\"https:\/\/www.tvbuzau.ro\/buzau-cel-mai-afectat-judet-in-urma-calamitatilor\/\">DE LA ACELA\u0218I AUTOR<\/a><\/h4>\n<div id=\"td_uid_1_6a8a13a81dca9\" class=\"td_block_inner\">\n<div class=\"td-related-row\">\n<div class=\"td-related-span4\">\n<div class=\"td_module_related_posts td-animation-stack td_mod_related_posts\">\n<div class=\"td-module-image\">\n<div class=\"td-module-thumb\"><a href=\"https:\/\/www.tvbuzau.ro\/epopeea-acoperisului-colegiului-m-eminescu-continua\/\" rel=\"bookmark\" title=\"Epopeea acoperi\u015fului Colegiului M. Eminescu continu\u0103\"><img loading=\"lazy\" decoding=\"async\" width=\"218\" height=\"150\" class=\"entry-thumb\" src=\"https:\/\/www.tvbuzau.ro\/wp-content\/uploads\/2026\/08\/sddefault-44-218x150.jpg\" alt title=\"Epopeea acoperi\u015fului Colegiului M. Eminescu continu\u0103\"><span class=\"td-video-play-ico\"><img loading=\"lazy\" decoding=\"async\" width=\"40\" height=\"40\" class=\"td-retina\" src=\"https:\/\/www.tvbuzau.ro\/wp-content\/themes\/Newspaper\/images\/icons\/ico-video-large.png\" alt=\"video\"><\/span><\/a><\/div>\n<p><a href=\"https:\/\/www.tvbuzau.ro\/category\/actualitate\/\" class=\"td-post-category\">Actualitate<\/a><\/div>\n<div class=\"item-details\">\n<h3 class=\"entry-title td-module-title\"><a href=\"https:\/\/www.tvbuzau.ro\/epopeea-acoperisului-colegiului-m-eminescu-continua\/\" rel=\"bookmark\" title=\"Epopeea acoperi\u015fului Colegiului M. Eminescu continu\u0103\">Epopeea acoperi\u015fului Colegiului M. Eminescu continu\u0103<\/a><\/h3>\n<\/div>\n<\/div>\n<\/div>\n<div class=\"td-related-span4\">\n<div class=\"td_module_related_posts td-animation-stack td_mod_related_posts\">\n<div class=\"td-module-image\">\n<div class=\"td-module-thumb\"><a href=\"https:\/\/www.tvbuzau.ro\/dsvsa-a-descoperit-pui-grill-cu-salmonella\/\" rel=\"bookmark\" title=\"DSVSA a descoperit pui grill cu Salmonella\"><img loading=\"lazy\" decoding=\"async\" width=\"218\" height=\"150\" class=\"entry-thumb\" src=\"https:\/\/www.tvbuzau.ro\/wp-content\/uploads\/2026\/08\/hqdefault-27-218x150.jpg\" alt title=\"DSVSA a descoperit pui grill cu Salmonella\"><span class=\"td-video-play-ico\"><img loading=\"lazy\" decoding=\"async\" width=\"40\" height=\"40\" class=\"td-retina\" src=\"https:\/\/www.tvbuzau.ro\/wp-content\/themes\/Newspaper\/images\/icons\/ico-video-large.png\" alt=\"video\"><\/span><\/a><\/div>\n<p><a href=\"https:\/\/www.tvbuzau.ro\/category\/actualitate\/\" class=\"td-post-category\">Actualitate<\/a><\/div>\n<div class=\"item-details\">\n<h3 class=\"entry-title td-module-title\"><a href=\"https:\/\/www.tvbuzau.ro\/dsvsa-a-descoperit-pui-grill-cu-salmonella\/\" rel=\"bookmark\" title=\"DSVSA a descoperit pui grill cu Salmonella\">DSVSA a descoperit pui grill cu Salmonella<\/a><\/h3>\n<\/div>\n<\/div>\n<\/div>\n<div class=\"td-related-span4\">\n<div class=\"td_module_related_posts td-animation-stack td_mod_related_posts\">\n<div class=\"td-module-image\">\n<div class=\"td-module-thumb\"><a href=\"https:\/\/www.tvbuzau.ro\/in-luna-septembrie-ar-putea-incepe-lucrarile-pe-drumul-spre-vulcanii-noroiosi\/\" rel=\"bookmark\" title=\"\u00cen luna septembrie ar putea \u00eencepe lucr\u0103rile pe drumul spre Vulcanii Noroio\u015fi\"><img loading=\"lazy\" decoding=\"async\" width=\"218\" height=\"150\" class=\"entry-thumb\" src=\"https:\/\/www.tvbuzau.ro\/wp-content\/uploads\/2026\/08\/sddefault-43-218x150.jpg\" alt title=\"\u00cen luna septembrie ar putea \u00eencepe lucr\u0103rile pe drumul spre Vulcanii Noroio\u015fi\"><span class=\"td-video-play-ico\"><img loading=\"lazy\" decoding=\"async\" width=\"40\" height=\"40\" class=\"td-retina\" src=\"https:\/\/www.tvbuzau.ro\/wp-content\/themes\/Newspaper\/images\/icons\/ico-video-large.png\" alt=\"video\"><\/span><\/a><\/div>\n<p><a href=\"https:\/\/www.tvbuzau.ro\/category\/actualitate\/\" class=\"td-post-category\">Actualitate<\/a><\/div>\n<div class=\"item-details\">\n<h3 class=\"entry-title td-module-title\"><a href=\"https:\/\/www.tvbuzau.ro\/in-luna-septembrie-ar-putea-incepe-lucrarile-pe-drumul-spre-vulcanii-noroiosi\/\" rel=\"bookmark\" title=\"\u00cen luna septembrie ar putea \u00eencepe lucr\u0103rile pe drumul spre Vulcanii Noroio\u015fi\">\u00cen luna septembrie ar putea \u00eencepe lucr\u0103rile pe drumul spre Vulcanii Noroio\u015fi<\/a><\/h3>\n<\/div>\n<\/div>\n<\/div>\n<\/div>\n<div class=\"td-related-row\">\n<div class=\"td-related-span4\">\n<div class=\"td_module_related_posts td-animation-stack td_mod_related_posts\">\n<div class=\"td-module-image\">\n<div class=\"td-module-thumb\"><a href=\"https:\/\/www.tvbuzau.ro\/municipiul-buzau-oras-burete\/\" rel=\"bookmark\" title=\"Municipiul Buz\u0103u, ora\u015f burete?\"><img loading=\"lazy\" decoding=\"async\" width=\"218\" height=\"150\" class=\"entry-thumb\" src=\"https:\/\/www.tvbuzau.ro\/wp-content\/uploads\/2026\/08\/sddefault-42-218x150.jpg\" alt title=\"Municipiul Buz\u0103u, ora\u015f burete?\"><span class=\"td-video-play-ico\"><img loading=\"lazy\" decoding=\"async\" width=\"40\" height=\"40\" class=\"td-retina\" src=\"https:\/\/www.tvbuzau.ro\/wp-content\/themes\/Newspaper\/images\/icons\/ico-video-large.png\" alt=\"video\"><\/span><\/a><\/div>\n<p><a href=\"https:\/\/www.tvbuzau.ro\/category\/actualitate\/\" class=\"td-post-category\">Actualitate<\/a><\/div>\n<div class=\"item-details\">\n<h3 class=\"entry-title td-module-title\"><a href=\"https:\/\/www.tvbuzau.ro\/municipiul-buzau-oras-burete\/\" rel=\"bookmark\" title=\"Municipiul Buz\u0103u, ora\u015f burete?\">Municipiul Buz\u0103u, ora\u015f burete?<\/a><\/h3>\n<\/div>\n<\/div>\n<\/div>\n<div class=\"td-related-span4\">\n<div class=\"td_module_related_posts td-animation-stack td_mod_related_posts\">\n<div class=\"td-module-image\">\n<div class=\"td-module-thumb\"><a href=\"https:\/\/www.tvbuzau.ro\/divizia-2-infanterie-getica-la-110-ani\/\" rel=\"bookmark\" title=\"Divizia 2 Infanterie \u201eGetica\u201d la 110 ani\"><img loading=\"lazy\" decoding=\"async\" width=\"218\" height=\"150\" class=\"entry-thumb\" src=\"https:\/\/www.tvbuzau.ro\/wp-content\/uploads\/2026\/08\/sddefault-41-218x150.jpg\" alt title=\"Divizia 2 Infanterie \u201eGetica\u201d la 110 ani\"><span class=\"td-video-play-ico\"><img loading=\"lazy\" decoding=\"async\" width=\"40\" height=\"40\" class=\"td-retina\" src=\"https:\/\/www.tvbuzau.ro\/wp-content\/themes\/Newspaper\/images\/icons\/ico-video-large.png\" alt=\"video\"><\/span><\/a><\/div>\n<p><a href=\"https:\/\/www.tvbuzau.ro\/category\/actualitate\/\" class=\"td-post-category\">Actualitate<\/a><\/div>\n<div class=\"item-details\">\n<h3 class=\"entry-title td-module-title\"><a href=\"https:\/\/www.tvbuzau.ro\/divizia-2-infanterie-getica-la-110-ani\/\" rel=\"bookmark\" title=\"Divizia 2 Infanterie \u201eGetica\u201d la 110 ani\">Divizia 2 Infanterie \u201eGetica\u201d la 110 ani<\/a><\/h3>\n<\/div>\n<\/div>\n<\/div>\n<div class=\"td-related-span4\">\n<div class=\"td_module_related_posts td-animation-stack td_mod_related_posts\">\n<div class=\"td-module-image\">\n<div class=\"td-module-thumb\"><a href=\"https:\/\/www.tvbuzau.ro\/profesor-de-legislatie-rutiera-trimis-in-judecata-pentru-ultraj\/\" rel=\"bookmark\" title=\"Profesor de legisla\u0163ie rutier\u0103 trimis \u00een judecat\u0103 pentru ultraj\"><img loading=\"lazy\" decoding=\"async\" width=\"218\" height=\"150\" class=\"entry-thumb\" src=\"https:\/\/www.tvbuzau.ro\/wp-content\/uploads\/2026\/08\/sddefault-40-218x150.jpg\" alt title=\"Profesor de legisla\u0163ie rutier\u0103 trimis \u00een judecat\u0103 pentru ultraj\"><span class=\"td-video-play-ico\"><img loading=\"lazy\" decoding=\"async\" width=\"40\" height=\"40\" class=\"td-retina\" src=\"https:\/\/www.tvbuzau.ro\/wp-content\/themes\/Newspaper\/images\/icons\/ico-video-large.png\" alt=\"video\"><\/span><\/a><\/div>\n<p><a href=\"https:\/\/www.tvbuzau.ro\/category\/actualitate\/\" class=\"td-post-category\">Actualitate<\/a><\/div>\n<div class=\"item-details\">\n<h3 class=\"entry-title td-module-title\"><a href=\"https:\/\/www.tvbuzau.ro\/profesor-de-legislatie-rutiera-trimis-in-judecata-pentru-ultraj\/\" rel=\"bookmark\" title=\"Profesor de legisla\u0163ie rutier\u0103 trimis \u00een judecat\u0103 pentru ultraj\">Profesor de legisla\u0163ie rutier\u0103 trimis \u00een judecat\u0103 pentru ultraj<\/a><\/h3>\n<\/div>\n<\/div>\n<\/div>\n<\/div>\n<\/div>\n<\/div>\n<div class=\"comments\" id=\"comments\">\n<div id=\"respond\" class=\"comment-respond\">\n<h3 id=\"reply-title\" class=\"comment-reply-title\">L\u0102SA\u021aI UN MESAJ <small><a rel=\"nofollow\" id=\"cancel-comment-reply-link\" href=\"https:\/\/www.tvbuzau.ro\/buzau-cel-mai-afectat-judet-in-urma-calamitatilor\/#respond\">Renun\u021ba\u021bi la r\u0103spuns<\/a><\/small><\/h3>\n<\/div>\n<\/div>\n<\/div>\n<div class=\"td-post-content\">\n<div class=\"td-featured-image-rec\">\n<div class=\"wpb_video_wrapper\">\n                    <iframe loading=\"lazy\" id=\"td_youtube_player\" width=\"600\" height=\"560\" src=\"https:\/\/www.youtube.com\/embed\/0CsecZEsWCk?enablejsapi=1&amp;feature=oembed&amp;wmode=opaque&amp;vq=hd720\" frameborder allowfullscreen><\/iframe><\/p><\/div>\n<\/div>\n<p>Expetize pe DJ 102C Sc\u0103ri\u015foara -Buda Cr\u0103ciune\u015fti<br \/>\nPloile de la sf\u00e2r\u015fitul prim\u0103verii care s-au continuat \u015fi \u00een lunile iunie \u015fi iulie au produs pagube semnificative \u00een jude\u0163ul Buz\u0103u. Mai multe drumuri s\u0103te\u015fti \u015fi jude\u0163ene au fost afectate, pompierii fiind solicita\u0163i s\u0103 intervin\u0103 \u015fi \u00een cazul unor gospod\u0103rii inundate. Consiliul Jude\u0163ean Buz\u0103u a efectuat o analiz\u0103 \u015fi a alocat sume de bani pentru reabilitarea unor por\u0163iuni din DJ 102C Sc\u0103ri\u015foara -Buda Cr\u0103ciune\u015fti, DJ 203L km la Br\u0103e\u015fti \u015fi DJ 205  Breaza -Vispe\u015fti.<br \/>\nExpertizele au ar\u0103tat \u00een cazul  DJ 102C Sc\u0103ri\u015foara -Buda Cr\u0103ciune\u015fti c\u0103 \u00een urma ploilor abundente alunec\u0103rile de teren au afectat partea carosabil\u0103 pe o lungime de peste 100 de metri.<br \/>\nTotodat\u0103, Consilul Jude\u0163ean Buz\u0103u a alocat bani \u015fi pentru modernizare DJ204C, Bisoca-Sarulesti-Vintila Voda.<\/p>\n<div class=\"post-views post-120094 entry-meta\"><span class=\"post-views-label\">Post Views: <\/span><span class=\"post-views-count\">196<\/span><\/div>\n<\/div>\n<p>[analyse_source url=&#8221;https:\/\/www.tvbuzau.ro\/buzau-cel-mai-afectat-judet-in-urma-calamitatilor\/&#8221;]<\/p>\n","protected":false},"excerpt":{"rendered":"<p>[analyse_image type=&#8221;featured&#8221; src=&#8221;https:\/\/www.tvbuzau.ro\/wp-content\/uploads\/2026\/08\/sddefault-37.jpghttps:\/\/www.tvbuzau.ro\/wp-content\/uploads\/2026\/08\/sddefault-37.jpg&#8221;] Actualitate Buz\u0103u, cel mai afectat jude\u0163 \u00een urma calamit\u0103\u0163ilor De c\u0103tre TV Buz\u0103u &#8211; august 20, 2026 0 6 Distribui\u021bi pe Facebook Distribui\u021bi pe Twitter tweet Expetize pe DJ 102C Sc\u0103ri\u015foara -Buda Cr\u0103ciune\u015fti Ploile de la sf\u00e2r\u015fitul prim\u0103verii care s-au continuat \u015fi \u00een lunile iunie \u015fi iulie au produs pagube semnificative \u00een [&hellip;]<\/p>\n","protected":false},"author":1,"featured_media":0,"comment_status":"open","ping_status":"","sticky":false,"template":"","format":"standard","meta":{"footnotes":""},"categories":[2],"tags":[226,116],"class_list":["post-2107000","post","type-post","status-publish","format-standard","hentry","category-politics","tag-crawlmanager","tag-tvbuzau-ro"],"_links":{"self":[{"href":"https:\/\/analyse.optim.biz\/index.php?rest_route=\/wp\/v2\/posts\/2107000","targetHints":{"allow":["GET"]}}],"collection":[{"href":"https:\/\/analyse.optim.biz\/index.php?rest_route=\/wp\/v2\/posts"}],"about":[{"href":"https:\/\/analyse.optim.biz\/index.php?rest_route=\/wp\/v2\/types\/post"}],"author":[{"embeddable":true,"href":"https:\/\/analyse.optim.biz\/index.php?rest_route=\/wp\/v2\/users\/1"}],"replies":[{"embeddable":true,"href":"https:\/\/analyse.optim.biz\/index.php?rest_route=%2Fwp%2Fv2%2Fcomments&post=2107000"}],"version-history":[{"count":0,"href":"https:\/\/analyse.optim.biz\/index.php?rest_route=\/wp\/v2\/posts\/2107000\/revisions"}],"wp:attachment":[{"href":"https:\/\/analyse.optim.biz\/index.php?rest_route=%2Fwp%2Fv2%2Fmedia&parent=2107000"}],"wp:term":[{"taxonomy":"category","embeddable":true,"href":"https:\/\/analyse.optim.biz\/index.php?rest_route=%2Fwp%2Fv2%2Fcategories&post=2107000"},{"taxonomy":"post_tag","embeddable":true,"href":"https:\/\/analyse.optim.biz\/index.php?rest_route=%2Fwp%2Fv2%2Ftags&post=2107000"}],"curies":[{"name":"wp","href":"https:\/\/api.w.org\/{rel}","templated":true}]}}