{"id":2106994,"date":"2026-08-21T20:19:49","date_gmt":"2026-08-21T17:19:49","guid":{"rendered":"https:\/\/analyse.optim.biz\/?p=2106994"},"modified":"2026-08-21T20:19:49","modified_gmt":"2026-08-21T17:19:49","slug":"municipiul-buzau-oras-burete","status":"publish","type":"post","link":"https:\/\/analyse.optim.biz\/?p=2106994","title":{"rendered":"Municipiul Buz\u0103u, ora\u015f burete?"},"content":{"rendered":"<p>[analyse_image type=&#8221;featured&#8221; src=&#8221;https:\/\/www.tvbuzau.ro\/wp-content\/uploads\/2026\/08\/sddefault-42.jpghttps:\/\/www.tvbuzau.ro\/wp-content\/uploads\/2026\/08\/sddefault-42.jpg&#8221;]<\/p>\n<div class=\"td-ss-main-content\">\n<article id=\"post-120109\" class=\"post-120109 post type-post status-publish format-video has-post-thumbnail hentry category-actualitate post_format-post-format-video\">\n<div class=\"td-post-header\">\n<ul class=\"td-category\">\n<li class=\"entry-category\"><a href=\"https:\/\/www.tvbuzau.ro\/category\/actualitate\/\">Actualitate<\/a><\/li>\n<\/ul>\n<header class=\"td-post-title\">\n<h1 class=\"entry-title\">Municipiul Buz\u0103u, ora\u015f burete?<\/h1>\n<div class=\"td-module-meta-info\">\n<div class=\"td-post-author-name\">De c\u0103tre <a href=\"https:\/\/www.tvbuzau.ro\/author\/mihai-vasilescu\/\">TV Buz\u0103u<\/a> &#8211; <\/div>\n<p><span class=\"td-post-date\"><time class=\"entry-date updated td-module-date\" datetime=\"2026-08-21T20:19:49+00:00\">august 21, 2026<\/time><\/span><\/p>\n<div class=\"td-post-comments\"><a href=\"https:\/\/www.tvbuzau.ro\/municipiul-buzau-oras-burete\/#respond\">0<\/a><\/div>\n<div class=\"td-post-views\"><span class=\"td-nr-views-120109\">5<\/span><\/div>\n<\/div>\n<\/header>\n<\/div>\n<div class=\"td-post-sharing td-post-sharing-top td-with-like\">\n<div class=\"td-default-sharing\"><a class=\"td-social-sharing-buttons td-social-facebook\" href=\"http:\/\/www.facebook.com\/sharer.php?u=https%3A%2F%2Fwww.tvbuzau.ro%2Fmunicipiul-buzau-oras-burete%2F\"><\/p>\n<div class=\"td-social-but-text\">Distribui\u021bi pe Facebook<\/div>\n<p><\/a><a class=\"td-social-sharing-buttons td-social-twitter\" href=\"https:\/\/twitter.com\/intent\/tweet?text=Municipiul+Buz%C4%83u%2C+ora%C5%9F+burete%3F&amp;url=https%3A%2F%2Fwww.tvbuzau.ro%2Fmunicipiul-buzau-oras-burete%2F&amp;via=TV+Buz%C4%83u\"><\/p>\n<div class=\"td-social-but-text\">Distribui\u021bi pe Twitter<\/div>\n<p><\/a><\/div>\n<div class=\"td-classic-sharing\">\n<ul>\n<li class=\"td-classic-facebook\"><iframe frameborder src=\"https:\/\/www.facebook.com\/plugins\/like.php?href=https:\/\/www.tvbuzau.ro\/municipiul-buzau-oras-burete\/&amp;layout=button_count&amp;show_faces=false&amp;width=105&amp;action=like&amp;colorscheme=light&amp;height=21\"><\/iframe><\/li>\n<li class=\"td-classic-twitter\"><a href=\"https:\/\/twitter.com\/share\" class=\"twitter-share-button\" data-url=\"https:\/\/www.tvbuzau.ro\/municipiul-buzau-oras-burete\/\" data-text=\"Municipiul Buz\u0103u, ora\u015f burete?\" data-via data-lang=\"en\">tweet<\/a><\/li>\n<\/ul>\n<\/div>\n<\/div>\n<div class=\"td-post-content\">\n<div class=\"td-featured-image-rec\">\n<div class=\"wpb_video_wrapper\">\n                    <iframe loading=\"lazy\" id=\"td_youtube_player\" width=\"600\" height=\"560\" src=\"https:\/\/www.youtube.com\/embed\/b3yUzBWGLeM?enablejsapi=1&amp;feature=oembed&amp;wmode=opaque&amp;vq=hd720\" frameborder allowfullscreen><\/iframe><\/p><\/div>\n<\/div>\n<p>Primul pas la centrul pentru aport voluntar<br \/>\nMunicipiul Buz\u0103u ar putea deveni un ora\u015f burete. Este un concept ecologic \u00een care localit\u0103\u0163ile sunt proiectate s\u0103 absorb\u0103, filtreze, stocheze \u0219i refoloseasc\u0103 apa de ploaie \u00een mod natural, \u00een loc s\u0103 o evacueze rapid prin re\u021belele clasice de canalizare.  Ideea de baz\u0103 const\u0103 \u00een \u00eenlocuirea suprafe\u021belor impermeabile din beton \u0219i asfalt cu solu\u021bii naturale poroase. Astfel, \u00een timpul ploilor toren\u021biale, ora\u0219ul re\u021bine apa exact ca un burete, reduc\u00e2nd riscul de inunda\u021bii \u0219i comb\u0103t\u00e2nd seceta. Un prim pas ar putea fi sistemul realizat \u00een cadrul centrului de aport volutar, lucr\u0103ri recep\u0163ioate recent de administra\u0163ia local\u0103. Acolo apa de ploaie este captat\u0103 \u015fi utlizat\u0103 pentru spa\u0163iile verzi sau \u00een procese tehnologice.<br \/>\nCum func\u0163ioneaz\u0103 un ora\u015f burete? Asfaltul clasic este \u00eenlocuit cu materiale poroase care permit apei s\u0103 se infiltreze direct \u00een sol iar zonele verzi ad\u00e2ncite sunt plasate de-a lungul str\u0103zilor, special g\u00e2ndite pentru a capta \u0219i filtra \u0219uvoaiele. Cl\u0103dirile sunt acoperite cu vegeta\u021bie care absoarbe precipita\u021biile \u0219i reduce supra\u00eenc\u0103lzirea cl\u0103dirilor \u015fi spa\u021bii publice multifunc\u021bionale  care ac\u021bioneaz\u0103 ca rezervoare temporare \u00een timpul furtunilor \u0219i ca zone de recreere \u00een restul timpului.<br \/>\nPrincipalele beneficii ale sistemului de ora\u015f burete fac referire la canaliz\u0103rile care nu mai sunt suprasolicitate, deoarece apa este re\u021binut\u0103 la surs\u0103, apa stocat\u0103 \u0219i filtrat\u0103 poate fi refolosit\u0103 pentru iriga\u021bii sau toalete, vegeta\u021bia bogat\u0103 scade temperatura din marile aglomer\u0103ri urbane.\u015fi se creeaz\u0103 noi habitate naturale pentru p\u0103s\u0103ri, insecte \u0219i plante.<\/p>\n<div class=\"post-views post-120109 entry-meta\"><span class=\"post-views-label\">Post Views: <\/span><span class=\"post-views-count\">109<\/span><\/div>\n<\/div>\n<footer>\n<div class=\"td-post-sharing td-post-sharing-bottom td-with-like\"><span class=\"td-post-share-title\">DISTRIBUI\u021aI<\/span><\/p>\n<div class=\"td-default-sharing\"><a class=\"td-social-sharing-buttons td-social-facebook\" href=\"http:\/\/www.facebook.com\/sharer.php?u=https%3A%2F%2Fwww.tvbuzau.ro%2Fmunicipiul-buzau-oras-burete%2F\"><\/p>\n<div class=\"td-social-but-text\">Facebook<\/div>\n<p><\/a><a class=\"td-social-sharing-buttons td-social-twitter\" href=\"https:\/\/twitter.com\/intent\/tweet?text=Municipiul+Buz%C4%83u%2C+ora%C5%9F+burete%3F&amp;url=https%3A%2F%2Fwww.tvbuzau.ro%2Fmunicipiul-buzau-oras-burete%2F&amp;via=TV+Buz%C4%83u\"><\/p>\n<div class=\"td-social-but-text\">Twitter<\/div>\n<p><\/a><\/div>\n<div class=\"td-classic-sharing\">\n<ul>\n<li class=\"td-classic-facebook\"><iframe frameborder src=\"https:\/\/www.facebook.com\/plugins\/like.php?href=https:\/\/www.tvbuzau.ro\/municipiul-buzau-oras-burete\/&amp;layout=button_count&amp;show_faces=false&amp;width=105&amp;action=like&amp;colorscheme=light&amp;height=21\"><\/iframe><\/li>\n<li class=\"td-classic-twitter\"><a href=\"https:\/\/twitter.com\/share\" class=\"twitter-share-button\" data-url=\"https:\/\/www.tvbuzau.ro\/municipiul-buzau-oras-burete\/\" data-text=\"Municipiul Buz\u0103u, ora\u015f burete?\" data-via data-lang=\"en\">tweet<\/a><\/li>\n<\/ul>\n<\/div>\n<\/div>\n<div class=\"td-author-name vcard author\"><span class=\"fn\"><a href=\"https:\/\/www.tvbuzau.ro\/author\/mihai-vasilescu\/\">TV Buz\u0103u<\/a><\/span><\/div>\n<p><span><\/span><span><span><\/span><\/span><span><\/span><\/footer>\n<\/article>\n<div class=\"td_block_wrap td_block_related_posts td_uid_1_6a8a12c50dea2_rand td_with_ajax_pagination td-pb-border-top\" data-td-block-uid=\"td_uid_1_6a8a12c50dea2\">\n<h4 class=\"td-related-title\"><a id=\"td_uid_2_6a8a12c5133bc\" class=\"td-related-left td-cur-simple-item\" data-td_filter_value data-td_block_id=\"td_uid_1_6a8a12c50dea2\" href=\"https:\/\/www.tvbuzau.ro\/municipiul-buzau-oras-burete\/\">ARTICOLE SIMILARE<\/a><a id=\"td_uid_3_6a8a12c5133f6\" class=\"td-related-right\" data-td_filter_value=\"td_related_more_from_author\" data-td_block_id=\"td_uid_1_6a8a12c50dea2\" href=\"https:\/\/www.tvbuzau.ro\/municipiul-buzau-oras-burete\/\">DE LA ACELA\u0218I AUTOR<\/a><\/h4>\n<div id=\"td_uid_1_6a8a12c50dea2\" class=\"td_block_inner\">\n<div class=\"td-related-row\">\n<div class=\"td-related-span4\">\n<div class=\"td_module_related_posts td-animation-stack td_mod_related_posts\">\n<div class=\"td-module-image\">\n<div class=\"td-module-thumb\"><a href=\"https:\/\/www.tvbuzau.ro\/epopeea-acoperisului-colegiului-m-eminescu-continua\/\" rel=\"bookmark\" title=\"Epopeea acoperi\u015fului Colegiului M. Eminescu continu\u0103\"><img loading=\"lazy\" decoding=\"async\" width=\"218\" height=\"150\" class=\"entry-thumb\" src=\"https:\/\/www.tvbuzau.ro\/wp-content\/uploads\/2026\/08\/sddefault-44-218x150.jpg\" alt title=\"Epopeea acoperi\u015fului Colegiului M. Eminescu continu\u0103\"><span class=\"td-video-play-ico\"><img loading=\"lazy\" decoding=\"async\" width=\"40\" height=\"40\" class=\"td-retina\" src=\"https:\/\/www.tvbuzau.ro\/wp-content\/themes\/Newspaper\/images\/icons\/ico-video-large.png\" alt=\"video\"><\/span><\/a><\/div>\n<p><a href=\"https:\/\/www.tvbuzau.ro\/category\/actualitate\/\" class=\"td-post-category\">Actualitate<\/a><\/div>\n<div class=\"item-details\">\n<h3 class=\"entry-title td-module-title\"><a href=\"https:\/\/www.tvbuzau.ro\/epopeea-acoperisului-colegiului-m-eminescu-continua\/\" rel=\"bookmark\" title=\"Epopeea acoperi\u015fului Colegiului M. Eminescu continu\u0103\">Epopeea acoperi\u015fului Colegiului M. Eminescu continu\u0103<\/a><\/h3>\n<\/div>\n<\/div>\n<\/div>\n<div class=\"td-related-span4\">\n<div class=\"td_module_related_posts td-animation-stack td_mod_related_posts\">\n<div class=\"td-module-image\">\n<div class=\"td-module-thumb\"><a href=\"https:\/\/www.tvbuzau.ro\/dsvsa-a-descoperit-pui-grill-cu-salmonella\/\" rel=\"bookmark\" title=\"DSVSA a descoperit pui grill cu Salmonella\"><img loading=\"lazy\" decoding=\"async\" width=\"218\" height=\"150\" class=\"entry-thumb\" src=\"https:\/\/www.tvbuzau.ro\/wp-content\/uploads\/2026\/08\/hqdefault-27-218x150.jpg\" alt title=\"DSVSA a descoperit pui grill cu Salmonella\"><span class=\"td-video-play-ico\"><img loading=\"lazy\" decoding=\"async\" width=\"40\" height=\"40\" class=\"td-retina\" src=\"https:\/\/www.tvbuzau.ro\/wp-content\/themes\/Newspaper\/images\/icons\/ico-video-large.png\" alt=\"video\"><\/span><\/a><\/div>\n<p><a href=\"https:\/\/www.tvbuzau.ro\/category\/actualitate\/\" class=\"td-post-category\">Actualitate<\/a><\/div>\n<div class=\"item-details\">\n<h3 class=\"entry-title td-module-title\"><a href=\"https:\/\/www.tvbuzau.ro\/dsvsa-a-descoperit-pui-grill-cu-salmonella\/\" rel=\"bookmark\" title=\"DSVSA a descoperit pui grill cu Salmonella\">DSVSA a descoperit pui grill cu Salmonella<\/a><\/h3>\n<\/div>\n<\/div>\n<\/div>\n<div class=\"td-related-span4\">\n<div class=\"td_module_related_posts td-animation-stack td_mod_related_posts\">\n<div class=\"td-module-image\">\n<div class=\"td-module-thumb\"><a href=\"https:\/\/www.tvbuzau.ro\/in-luna-septembrie-ar-putea-incepe-lucrarile-pe-drumul-spre-vulcanii-noroiosi\/\" rel=\"bookmark\" title=\"\u00cen luna septembrie ar putea \u00eencepe lucr\u0103rile pe drumul spre Vulcanii Noroio\u015fi\"><img loading=\"lazy\" decoding=\"async\" width=\"218\" height=\"150\" class=\"entry-thumb\" src=\"https:\/\/www.tvbuzau.ro\/wp-content\/uploads\/2026\/08\/sddefault-43-218x150.jpg\" alt title=\"\u00cen luna septembrie ar putea \u00eencepe lucr\u0103rile pe drumul spre Vulcanii Noroio\u015fi\"><span class=\"td-video-play-ico\"><img loading=\"lazy\" decoding=\"async\" width=\"40\" height=\"40\" class=\"td-retina\" src=\"https:\/\/www.tvbuzau.ro\/wp-content\/themes\/Newspaper\/images\/icons\/ico-video-large.png\" alt=\"video\"><\/span><\/a><\/div>\n<p><a href=\"https:\/\/www.tvbuzau.ro\/category\/actualitate\/\" class=\"td-post-category\">Actualitate<\/a><\/div>\n<div class=\"item-details\">\n<h3 class=\"entry-title td-module-title\"><a href=\"https:\/\/www.tvbuzau.ro\/in-luna-septembrie-ar-putea-incepe-lucrarile-pe-drumul-spre-vulcanii-noroiosi\/\" rel=\"bookmark\" title=\"\u00cen luna septembrie ar putea \u00eencepe lucr\u0103rile pe drumul spre Vulcanii Noroio\u015fi\">\u00cen luna septembrie ar putea \u00eencepe lucr\u0103rile pe drumul spre Vulcanii Noroio\u015fi<\/a><\/h3>\n<\/div>\n<\/div>\n<\/div>\n<\/div>\n<div class=\"td-related-row\">\n<div class=\"td-related-span4\">\n<div class=\"td_module_related_posts td-animation-stack td_mod_related_posts\">\n<div class=\"td-module-image\">\n<div class=\"td-module-thumb\"><a href=\"https:\/\/www.tvbuzau.ro\/divizia-2-infanterie-getica-la-110-ani\/\" rel=\"bookmark\" title=\"Divizia 2 Infanterie \u201eGetica\u201d la 110 ani\"><img loading=\"lazy\" decoding=\"async\" width=\"218\" height=\"150\" class=\"entry-thumb\" src=\"https:\/\/www.tvbuzau.ro\/wp-content\/uploads\/2026\/08\/sddefault-41-218x150.jpg\" alt title=\"Divizia 2 Infanterie \u201eGetica\u201d la 110 ani\"><span class=\"td-video-play-ico\"><img loading=\"lazy\" decoding=\"async\" width=\"40\" height=\"40\" class=\"td-retina\" src=\"https:\/\/www.tvbuzau.ro\/wp-content\/themes\/Newspaper\/images\/icons\/ico-video-large.png\" alt=\"video\"><\/span><\/a><\/div>\n<p><a href=\"https:\/\/www.tvbuzau.ro\/category\/actualitate\/\" class=\"td-post-category\">Actualitate<\/a><\/div>\n<div class=\"item-details\">\n<h3 class=\"entry-title td-module-title\"><a href=\"https:\/\/www.tvbuzau.ro\/divizia-2-infanterie-getica-la-110-ani\/\" rel=\"bookmark\" title=\"Divizia 2 Infanterie \u201eGetica\u201d la 110 ani\">Divizia 2 Infanterie \u201eGetica\u201d la 110 ani<\/a><\/h3>\n<\/div>\n<\/div>\n<\/div>\n<div class=\"td-related-span4\">\n<div class=\"td_module_related_posts td-animation-stack td_mod_related_posts\">\n<div class=\"td-module-image\">\n<div class=\"td-module-thumb\"><a href=\"https:\/\/www.tvbuzau.ro\/profesor-de-legislatie-rutiera-trimis-in-judecata-pentru-ultraj\/\" rel=\"bookmark\" title=\"Profesor de legisla\u0163ie rutier\u0103 trimis \u00een judecat\u0103 pentru ultraj\"><img loading=\"lazy\" decoding=\"async\" width=\"218\" height=\"150\" class=\"entry-thumb\" src=\"https:\/\/www.tvbuzau.ro\/wp-content\/uploads\/2026\/08\/sddefault-40-218x150.jpg\" alt title=\"Profesor de legisla\u0163ie rutier\u0103 trimis \u00een judecat\u0103 pentru ultraj\"><span class=\"td-video-play-ico\"><img loading=\"lazy\" decoding=\"async\" width=\"40\" height=\"40\" class=\"td-retina\" src=\"https:\/\/www.tvbuzau.ro\/wp-content\/themes\/Newspaper\/images\/icons\/ico-video-large.png\" alt=\"video\"><\/span><\/a><\/div>\n<p><a href=\"https:\/\/www.tvbuzau.ro\/category\/actualitate\/\" class=\"td-post-category\">Actualitate<\/a><\/div>\n<div class=\"item-details\">\n<h3 class=\"entry-title td-module-title\"><a href=\"https:\/\/www.tvbuzau.ro\/profesor-de-legislatie-rutiera-trimis-in-judecata-pentru-ultraj\/\" rel=\"bookmark\" title=\"Profesor de legisla\u0163ie rutier\u0103 trimis \u00een judecat\u0103 pentru ultraj\">Profesor de legisla\u0163ie rutier\u0103 trimis \u00een judecat\u0103 pentru ultraj<\/a><\/h3>\n<\/div>\n<\/div>\n<\/div>\n<div class=\"td-related-span4\">\n<div class=\"td_module_related_posts td-animation-stack td_mod_related_posts\">\n<div class=\"td-module-image\">\n<div class=\"td-module-thumb\"><a href=\"https:\/\/www.tvbuzau.ro\/constantin-toma-nu-mai-candideaza-la-primaria-buzau-din-partea-psd\/\" rel=\"bookmark\" title=\"Constantin Toma nu mai candideaz\u0103 la Prim\u0103ria Buz\u0103u din partea PSD\"><img loading=\"lazy\" decoding=\"async\" width=\"218\" height=\"150\" class=\"entry-thumb\" src=\"https:\/\/www.tvbuzau.ro\/wp-content\/uploads\/2026\/08\/sddefault-39-218x150.jpg\" alt title=\"Constantin Toma nu mai candideaz\u0103 la Prim\u0103ria Buz\u0103u din partea PSD\"><span class=\"td-video-play-ico\"><img loading=\"lazy\" decoding=\"async\" width=\"40\" height=\"40\" class=\"td-retina\" src=\"https:\/\/www.tvbuzau.ro\/wp-content\/themes\/Newspaper\/images\/icons\/ico-video-large.png\" alt=\"video\"><\/span><\/a><\/div>\n<p><a href=\"https:\/\/www.tvbuzau.ro\/category\/actualitate\/\" class=\"td-post-category\">Actualitate<\/a><\/div>\n<div class=\"item-details\">\n<h3 class=\"entry-title td-module-title\"><a href=\"https:\/\/www.tvbuzau.ro\/constantin-toma-nu-mai-candideaza-la-primaria-buzau-din-partea-psd\/\" rel=\"bookmark\" title=\"Constantin Toma nu mai candideaz\u0103 la Prim\u0103ria Buz\u0103u din partea PSD\">Constantin Toma nu mai candideaz\u0103 la Prim\u0103ria Buz\u0103u din partea PSD<\/a><\/h3>\n<\/div>\n<\/div>\n<\/div>\n<\/div>\n<\/div>\n<\/div>\n<div class=\"comments\" id=\"comments\">\n<div id=\"respond\" class=\"comment-respond\">\n<h3 id=\"reply-title\" class=\"comment-reply-title\">L\u0102SA\u021aI UN MESAJ <small><a rel=\"nofollow\" id=\"cancel-comment-reply-link\" href=\"https:\/\/www.tvbuzau.ro\/municipiul-buzau-oras-burete\/#respond\">Renun\u021ba\u021bi la r\u0103spuns<\/a><\/small><\/h3>\n<\/div>\n<\/div>\n<\/div>\n<div class=\"td-post-content\">\n<div class=\"td-featured-image-rec\">\n<div class=\"wpb_video_wrapper\">\n                    <iframe loading=\"lazy\" id=\"td_youtube_player\" width=\"600\" height=\"560\" src=\"https:\/\/www.youtube.com\/embed\/b3yUzBWGLeM?enablejsapi=1&amp;feature=oembed&amp;wmode=opaque&amp;vq=hd720\" frameborder allowfullscreen><\/iframe><\/p><\/div>\n<\/div>\n<p>Primul pas la centrul pentru aport voluntar<br \/>\nMunicipiul Buz\u0103u ar putea deveni un ora\u015f burete. Este un concept ecologic \u00een care localit\u0103\u0163ile sunt proiectate s\u0103 absorb\u0103, filtreze, stocheze \u0219i refoloseasc\u0103 apa de ploaie \u00een mod natural, \u00een loc s\u0103 o evacueze rapid prin re\u021belele clasice de canalizare.  Ideea de baz\u0103 const\u0103 \u00een \u00eenlocuirea suprafe\u021belor impermeabile din beton \u0219i asfalt cu solu\u021bii naturale poroase. Astfel, \u00een timpul ploilor toren\u021biale, ora\u0219ul re\u021bine apa exact ca un burete, reduc\u00e2nd riscul de inunda\u021bii \u0219i comb\u0103t\u00e2nd seceta. Un prim pas ar putea fi sistemul realizat \u00een cadrul centrului de aport volutar, lucr\u0103ri recep\u0163ioate recent de administra\u0163ia local\u0103. Acolo apa de ploaie este captat\u0103 \u015fi utlizat\u0103 pentru spa\u0163iile verzi sau \u00een procese tehnologice.<br \/>\nCum func\u0163ioneaz\u0103 un ora\u015f burete? Asfaltul clasic este \u00eenlocuit cu materiale poroase care permit apei s\u0103 se infiltreze direct \u00een sol iar zonele verzi ad\u00e2ncite sunt plasate de-a lungul str\u0103zilor, special g\u00e2ndite pentru a capta \u0219i filtra \u0219uvoaiele. Cl\u0103dirile sunt acoperite cu vegeta\u021bie care absoarbe precipita\u021biile \u0219i reduce supra\u00eenc\u0103lzirea cl\u0103dirilor \u015fi spa\u021bii publice multifunc\u021bionale  care ac\u021bioneaz\u0103 ca rezervoare temporare \u00een timpul furtunilor \u0219i ca zone de recreere \u00een restul timpului.<br \/>\nPrincipalele beneficii ale sistemului de ora\u015f burete fac referire la canaliz\u0103rile care nu mai sunt suprasolicitate, deoarece apa este re\u021binut\u0103 la surs\u0103, apa stocat\u0103 \u0219i filtrat\u0103 poate fi refolosit\u0103 pentru iriga\u021bii sau toalete, vegeta\u021bia bogat\u0103 scade temperatura din marile aglomer\u0103ri urbane.\u015fi se creeaz\u0103 noi habitate naturale pentru p\u0103s\u0103ri, insecte \u0219i plante.<\/p>\n<div class=\"post-views post-120109 entry-meta\"><span class=\"post-views-label\">Post Views: <\/span><span class=\"post-views-count\">109<\/span><\/div>\n<\/div>\n<p>[analyse_source url=&#8221;https:\/\/www.tvbuzau.ro\/municipiul-buzau-oras-burete\/&#8221;]<\/p>\n","protected":false},"excerpt":{"rendered":"<p>[analyse_image type=&#8221;featured&#8221; src=&#8221;https:\/\/www.tvbuzau.ro\/wp-content\/uploads\/2026\/08\/sddefault-42.jpghttps:\/\/www.tvbuzau.ro\/wp-content\/uploads\/2026\/08\/sddefault-42.jpg&#8221;] Actualitate Municipiul Buz\u0103u, ora\u015f burete? De c\u0103tre TV Buz\u0103u &#8211; august 21, 2026 0 5 Distribui\u021bi pe Facebook Distribui\u021bi pe Twitter tweet Primul pas la centrul pentru aport voluntar Municipiul Buz\u0103u ar putea deveni un ora\u015f burete. Este un concept ecologic \u00een care localit\u0103\u0163ile sunt proiectate s\u0103 absorb\u0103, filtreze, stocheze \u0219i refoloseasc\u0103 [&hellip;]<\/p>\n","protected":false},"author":1,"featured_media":0,"comment_status":"open","ping_status":"","sticky":false,"template":"","format":"standard","meta":{"footnotes":""},"categories":[2],"tags":[226,116],"class_list":["post-2106994","post","type-post","status-publish","format-standard","hentry","category-politics","tag-crawlmanager","tag-tvbuzau-ro"],"_links":{"self":[{"href":"https:\/\/analyse.optim.biz\/index.php?rest_route=\/wp\/v2\/posts\/2106994","targetHints":{"allow":["GET"]}}],"collection":[{"href":"https:\/\/analyse.optim.biz\/index.php?rest_route=\/wp\/v2\/posts"}],"about":[{"href":"https:\/\/analyse.optim.biz\/index.php?rest_route=\/wp\/v2\/types\/post"}],"author":[{"embeddable":true,"href":"https:\/\/analyse.optim.biz\/index.php?rest_route=\/wp\/v2\/users\/1"}],"replies":[{"embeddable":true,"href":"https:\/\/analyse.optim.biz\/index.php?rest_route=%2Fwp%2Fv2%2Fcomments&post=2106994"}],"version-history":[{"count":0,"href":"https:\/\/analyse.optim.biz\/index.php?rest_route=\/wp\/v2\/posts\/2106994\/revisions"}],"wp:attachment":[{"href":"https:\/\/analyse.optim.biz\/index.php?rest_route=%2Fwp%2Fv2%2Fmedia&parent=2106994"}],"wp:term":[{"taxonomy":"category","embeddable":true,"href":"https:\/\/analyse.optim.biz\/index.php?rest_route=%2Fwp%2Fv2%2Fcategories&post=2106994"},{"taxonomy":"post_tag","embeddable":true,"href":"https:\/\/analyse.optim.biz\/index.php?rest_route=%2Fwp%2Fv2%2Ftags&post=2106994"}],"curies":[{"name":"wp","href":"https:\/\/api.w.org\/{rel}","templated":true}]}}