{"id":2106765,"date":"2026-08-20T13:16:13","date_gmt":"2026-08-20T10:16:13","guid":{"rendered":"https:\/\/analyse.optim.biz\/?p=2106765"},"modified":"2026-08-20T13:16:13","modified_gmt":"2026-08-20T10:16:13","slug":"bogdan-muresanu-aduce-la-biff-povestile-ramase-in-afara-ecranului","status":"publish","type":"post","link":"https:\/\/analyse.optim.biz\/?p=2106765","title":{"rendered":"Bogdan Mure\u0219anu aduce la BIFF pove\u0219tile r\u0103mase \u00een afara ecranului"},"content":{"rendered":"<p>[analyse_image type=&#8221;featured&#8221; src=&#8221;https:\/\/img.svnews.ro\/foto\/2026\/08\/20\/554666\/6b387704ef573fd32a66d181a.jpg&#8221;]<\/p>\n<div class=\"entry\"><img loading=\"lazy\" decoding=\"async\" width=\"650\" height=\"325\" src=\"https:\/\/img.svnews.ro\/foto\/2026\/08\/20\/554666\/6b387704ef573fd32a66d181a06500325.jpg\" alt><\/p>\n<div class=\"entry_content\">\n<p>Expozi\u021bie, secven\u021be nev\u0103zute \u0219i patru pove\u0219ti \u00eentr-un eveniment special la BIFF 2026<\/p>\n<p><strong>20\u201326 septembrie | Sala Irina Nicolau<\/strong><br \/><strong>22 septembrie | Cinema Muzeul \u021a\u0103ranului<\/strong><\/p>\n<p><strong>4 ore \u0219i 12 minute.<\/strong><\/p>\n<p>At\u00e2t avea, \u00eenainte de montajul final, <strong>\u201eAnul Nou care n-a fost\u201d<\/strong>, filmul lui Bogdan Mure\u0219anu pe care \u00eel cunoa\u0219tem ast\u0103zi.<\/p>\n<p><strong>114 minute au r\u0103mas pe dinafar\u0103.<\/strong><\/p>\n<p>Nu pentru c\u0103 nu mai aveau nimic de spus. Dimpotriv\u0103. Printre ele sunt pove\u0219ti paralele, personaje \u0219i secven\u021be care completeaz\u0103 lumea filmului \u0219i ne las\u0103 s\u0103 vedem altfel ceea ce credeam c\u0103 \u0219tim deja.<\/p>\n<p>\u00cen septembrie, o parte din aceast\u0103 lume nev\u0103zut\u0103 ajunge \u00een fa\u021ba <strong>publicului bucure\u0219tean<\/strong>.<\/p>\n<p><strong>\u201cCe n-a fost \u00een Anul Nou care n-a fost\u201d<\/strong><\/p>\n<p>Din materialul r\u0103mas \u00een afara montajului final s-a n\u0103scut <strong>\u201eCe n-a fost \u00een Anul Nou care n-a fost\u201d<\/strong> \u2014 un montaj special care aduce pe ecran secven\u021be nev\u0103zute \u0219i pove\u0219ti care merg \u00een paralel sau completeaz\u0103 firele lungmetrajului.<\/p>\n<p>\u0218i povestea nu r\u0103m\u00e2ne doar \u00een sala de cinema.<\/p>\n<p>\u00centre <strong>20 \u0219i 26 septembrie<\/strong>, la <strong>Sala Irina Nicolau<\/strong>, publicul poate vizita expozi\u021bia foto <strong>\u201eCe n-a fost \u00een Anul Nou care n-a fost\u201d<\/strong>, cu fotografii realizate de <strong>Matei Bumbu\u021b<\/strong> \u00een timpul film\u0103rilor.<\/p>\n<p>Expozi\u021bia este un eveniment de sine st\u0103t\u0103tor, deschis timp de patru zile \u2014 o privire \u00een lumea din jurul camerei \u0219i \u00een tot ceea ce exist\u0103 \u00eenainte ca un film s\u0103 ajung\u0103 la forma pe care o vedem pe ecran.<\/p>\n<p><strong>Fragmente dintr-un atelier<\/strong><\/p>\n<p>Pe <strong>22 septembrie<\/strong>, la <strong>Cinema Muzeul \u021a\u0103ranului<\/strong>, mai deschidem o u\u0219\u0103 spre atelierul lui Bogdan Mure\u0219anu.<\/p>\n<p>Realizat pentru <strong>Serile Filmului Rom\u00e2nesc de la Ia\u0219i<\/strong>, unde Bogdan Mure\u0219anu a fost invitat \u00een aceast\u0103 var\u0103, <strong>\u201eFragmente dintr-un atelier\u201d<\/strong> ajunge acum la BIFF, \u00een fa\u021ba publicului bucure\u0219tean.<\/p>\n<p>Sunt patru pove\u0219ti de via\u021b\u0103: <strong>\u201eCrizantema\u201d, \u201eUn pahar cu lapte\u201d, \u201eMarea\u201d \u0219i \u201eGaudeamus\u201d<\/strong> \u2014 \u00eent\u00e2lniri \u00eentre actori consacra\u021bi \u0219i actori afla\u021bi la \u00eenceput de drum.<\/p>\n<p><strong>Ileana Popovici \u0219i Ecaterina Lupu<\/strong> \u00een \u201eCrizantema\u201d, <strong>Ada Lupu, Ioana Cojoc\u0103rescu \u0219i Patricia Flack<\/strong> \u00een \u201eUn pahar cu lapte\u201d, <strong>Emilia Dobrin \u0219i Andrea Cuc<\/strong> \u00een \u201eMarea\u201d, iar <strong>Olimpia Melinte, Patricia Flack \u0219i Ioana Cojoc\u0103rescu<\/strong> \u00een \u201eGaudeamus\u201d.<\/p>\n<p>Pove\u0219tile pornesc din scenarii \u0219i idei ale lui Bogdan Mure\u0219anu, unul dintre scenarii fiind scris \u00eempreun\u0103 cu <strong>C\u0103t\u0103lin Partenie<\/strong>.<\/p>\n<p><strong>\u201eFragmente dintr-un atelier\u201d este un proiect realizat pro bono, reunind actori consacra\u021bi \u0219i actori afla\u021bi la \u00eenceput de drum \u00een jurul celor patru pove\u0219ti.<\/strong><\/p>\n<p>\u00cen aceea\u0219i sear\u0103, publicul va vedea \u0219i <strong>\u201eCe n-a fost \u00een Anul Nou care n-a fost\u201d<\/strong>, montajul special construit din materialul care nu a ajuns \u00een versiunea final\u0103 a lungmetrajului.<\/p>\n<p>Dup\u0103 proiec\u021bii, <strong>Bogdan Mure\u0219anu \u0219i echipa se \u00eent\u00e2lnesc cu publicul \u00eentr-un Q&amp;A<\/strong> \u2014 despre filme, actori, montaj, despre ce a r\u0103mas pe dinafar\u0103 \u0219i despre pove\u0219tile care continu\u0103 \u0219i dup\u0103 genericul de final.<\/p>\n<p><strong>20\u201326 SEPTEMBRIE | SALA IRINA NICOLAU<\/strong><br \/><strong>\u201eCe n-a fost \u00een Anul Nou care n-a fost\u201d<\/strong><br \/> Expozi\u021bie foto<br \/> Fotografii: <strong>Matei Bumbu\u021b<\/strong><\/p>\n<p><strong>22 SEPTEMBRIE | CINEMA MUZEUL \u021a\u0102RANULUI ora 19.00<\/strong><\/p>\n<p><strong>\u201eFragmente dintr-un atelier\u201d<\/strong><br \/> \u201eCrizantema\u201d \u00b7 \u201eUn pahar cu lapte\u201d \u00b7 \u201eMarea\u201d \u00b7 \u201eGaudeamus\u201d,<\/p>\n<p>Proiectie urmata de:<\/p>\n<p><strong>\u201eCe n-a fost \u00een Anul Nou care n-a fost\u201d<\/strong><br \/> Proiec\u021bie special\u0103<\/p>\n<p><strong>Bogdan Mure\u0219anu &amp; echipa | Q&amp;A<\/strong><\/p>\n<p><strong>The story goes on.<\/strong><\/p>\n<p><img loading=\"lazy\" decoding=\"async\" class=\"alignnone size-medium wp-image-554668\" src=\"https:\/\/img.svnews.ro\/foto\/2026\/08\/20\/554666\/114eed0de2304d628e6b7a7e106500366.jpg\" alt width=\"650\" height=\"366\"><\/p>\n<p><img loading=\"lazy\" decoding=\"async\" class=\"alignnone size-medium wp-image-554669\" src=\"https:\/\/img.svnews.ro\/foto\/2026\/08\/20\/554666\/38db129ecb0759f39eb50b35606500366.jpg\" alt width=\"650\" height=\"366\"><\/p>\n<p><img decoding=\"async\" loading=\"lazy\" class=\"alignnone size-medium wp-image-554670\" src=\"https:\/\/img.svnews.ro\/foto\/2026\/08\/20\/554666\/b63480a07e3bef0aad29cd8f906500366.jpg\" alt width=\"650\" height=\"366\"><\/p>\n<p><img decoding=\"async\" loading=\"lazy\" class=\"alignnone size-medium wp-image-554671\" src=\"https:\/\/img.svnews.ro\/foto\/2026\/08\/20\/554666\/064e15ba7871105f0774cabb606500366.jpg\" alt width=\"650\" height=\"366\"><\/p>\n<p><img decoding=\"async\" loading=\"lazy\" class=\"alignnone size-medium wp-image-554672\" src=\"https:\/\/img.svnews.ro\/foto\/2026\/08\/20\/554666\/851452c5157e7db0efec6a61806500366.jpg\" alt width=\"650\" height=\"366\"><\/p>\n<p><img decoding=\"async\" loading=\"lazy\" class=\"alignnone size-medium wp-image-554673\" src=\"https:\/\/img.svnews.ro\/foto\/2026\/08\/20\/554666\/a89cdd2a43d43c067cc9be32c06500812.jpg\" alt width=\"650\" height=\"812\"><\/p>\n<\/div>\n<div>\n<div>VN:F [1.9.22_1171]<\/div>\n<div class=\"ratingblock \">\n<div class=\"ratingstars \">\n<div id=\"article_loader_554666\" class=\"ratingloaderarticle\">\n<div class=\"loader arrows \">\n<div class=\"loaderinner\">se actualizeaz\u0103&#8230;<\/div>\n<\/div>\n<\/div>\n<\/div>\n<div class=\"ratingtext \">\n<div id=\"gdr_text_a554666\">Rating: 0.0\/<strong>10<\/strong> (0 votes cast)<\/div>\n<\/div>\n<\/div>\n<\/div>\n<\/div>\n<div class=\"entry_content\">\n<p>Expozi\u021bie, secven\u021be nev\u0103zute \u0219i patru pove\u0219ti \u00eentr-un eveniment special la BIFF 2026<\/p>\n<p><strong>20\u201326 septembrie | Sala Irina Nicolau<\/strong><br \/><strong>22 septembrie | Cinema Muzeul \u021a\u0103ranului<\/strong><\/p>\n<p><strong>4 ore \u0219i 12 minute.<\/strong><\/p>\n<p>At\u00e2t avea, \u00eenainte de montajul final, <strong>\u201eAnul Nou care n-a fost\u201d<\/strong>, filmul lui Bogdan Mure\u0219anu pe care \u00eel cunoa\u0219tem ast\u0103zi.<\/p>\n<p><strong>114 minute au r\u0103mas pe dinafar\u0103.<\/strong><\/p>\n<p>Nu pentru c\u0103 nu mai aveau nimic de spus. Dimpotriv\u0103. Printre ele sunt pove\u0219ti paralele, personaje \u0219i secven\u021be care completeaz\u0103 lumea filmului \u0219i ne las\u0103 s\u0103 vedem altfel ceea ce credeam c\u0103 \u0219tim deja.<\/p>\n<p>\u00cen septembrie, o parte din aceast\u0103 lume nev\u0103zut\u0103 ajunge \u00een fa\u021ba <strong>publicului bucure\u0219tean<\/strong>.<\/p>\n<p><strong>\u201cCe n-a fost \u00een Anul Nou care n-a fost\u201d<\/strong><\/p>\n<p>Din materialul r\u0103mas \u00een afara montajului final s-a n\u0103scut <strong>\u201eCe n-a fost \u00een Anul Nou care n-a fost\u201d<\/strong> \u2014 un montaj special care aduce pe ecran secven\u021be nev\u0103zute \u0219i pove\u0219ti care merg \u00een paralel sau completeaz\u0103 firele lungmetrajului.<\/p>\n<p>\u0218i povestea nu r\u0103m\u00e2ne doar \u00een sala de cinema.<\/p>\n<p>\u00centre <strong>20 \u0219i 26 septembrie<\/strong>, la <strong>Sala Irina Nicolau<\/strong>, publicul poate vizita expozi\u021bia foto <strong>\u201eCe n-a fost \u00een Anul Nou care n-a fost\u201d<\/strong>, cu fotografii realizate de <strong>Matei Bumbu\u021b<\/strong> \u00een timpul film\u0103rilor.<\/p>\n<p>Expozi\u021bia este un eveniment de sine st\u0103t\u0103tor, deschis timp de patru zile \u2014 o privire \u00een lumea din jurul camerei \u0219i \u00een tot ceea ce exist\u0103 \u00eenainte ca un film s\u0103 ajung\u0103 la forma pe care o vedem pe ecran.<\/p>\n<p><strong>Fragmente dintr-un atelier<\/strong><\/p>\n<p>Pe <strong>22 septembrie<\/strong>, la <strong>Cinema Muzeul \u021a\u0103ranului<\/strong>, mai deschidem o u\u0219\u0103 spre atelierul lui Bogdan Mure\u0219anu.<\/p>\n<p>Realizat pentru <strong>Serile Filmului Rom\u00e2nesc de la Ia\u0219i<\/strong>, unde Bogdan Mure\u0219anu a fost invitat \u00een aceast\u0103 var\u0103, <strong>\u201eFragmente dintr-un atelier\u201d<\/strong> ajunge acum la BIFF, \u00een fa\u021ba publicului bucure\u0219tean.<\/p>\n<p>Sunt patru pove\u0219ti de via\u021b\u0103: <strong>\u201eCrizantema\u201d, \u201eUn pahar cu lapte\u201d, \u201eMarea\u201d \u0219i \u201eGaudeamus\u201d<\/strong> \u2014 \u00eent\u00e2lniri \u00eentre actori consacra\u021bi \u0219i actori afla\u021bi la \u00eenceput de drum.<\/p>\n<p><strong>Ileana Popovici \u0219i Ecaterina Lupu<\/strong> \u00een \u201eCrizantema\u201d, <strong>Ada Lupu, Ioana Cojoc\u0103rescu \u0219i Patricia Flack<\/strong> \u00een \u201eUn pahar cu lapte\u201d, <strong>Emilia Dobrin \u0219i Andrea Cuc<\/strong> \u00een \u201eMarea\u201d, iar <strong>Olimpia Melinte, Patricia Flack \u0219i Ioana Cojoc\u0103rescu<\/strong> \u00een \u201eGaudeamus\u201d.<\/p>\n<p>Pove\u0219tile pornesc din scenarii \u0219i idei ale lui Bogdan Mure\u0219anu, unul dintre scenarii fiind scris \u00eempreun\u0103 cu <strong>C\u0103t\u0103lin Partenie<\/strong>.<\/p>\n<p><strong>\u201eFragmente dintr-un atelier\u201d este un proiect realizat pro bono, reunind actori consacra\u021bi \u0219i actori afla\u021bi la \u00eenceput de drum \u00een jurul celor patru pove\u0219ti.<\/strong><\/p>\n<p>\u00cen aceea\u0219i sear\u0103, publicul va vedea \u0219i <strong>\u201eCe n-a fost \u00een Anul Nou care n-a fost\u201d<\/strong>, montajul special construit din materialul care nu a ajuns \u00een versiunea final\u0103 a lungmetrajului.<\/p>\n<p>Dup\u0103 proiec\u021bii, <strong>Bogdan Mure\u0219anu \u0219i echipa se \u00eent\u00e2lnesc cu publicul \u00eentr-un Q&amp;A<\/strong> \u2014 despre filme, actori, montaj, despre ce a r\u0103mas pe dinafar\u0103 \u0219i despre pove\u0219tile care continu\u0103 \u0219i dup\u0103 genericul de final.<\/p>\n<p><strong>20\u201326 SEPTEMBRIE | SALA IRINA NICOLAU<\/strong><br \/><strong>\u201eCe n-a fost \u00een Anul Nou care n-a fost\u201d<\/strong><br \/> Expozi\u021bie foto<br \/> Fotografii: <strong>Matei Bumbu\u021b<\/strong><\/p>\n<p><strong>22 SEPTEMBRIE | CINEMA MUZEUL \u021a\u0102RANULUI ora 19.00<\/strong><\/p>\n<p><strong>\u201eFragmente dintr-un atelier\u201d<\/strong><br \/> \u201eCrizantema\u201d \u00b7 \u201eUn pahar cu lapte\u201d \u00b7 \u201eMarea\u201d \u00b7 \u201eGaudeamus\u201d,<\/p>\n<p>Proiectie urmata de:<\/p>\n<p><strong>\u201eCe n-a fost \u00een Anul Nou care n-a fost\u201d<\/strong><br \/> Proiec\u021bie special\u0103<\/p>\n<p><strong>Bogdan Mure\u0219anu &amp; echipa | Q&amp;A<\/strong><\/p>\n<p><strong>The story goes on.<\/strong><\/p>\n<p><img loading=\"lazy\" decoding=\"async\" class=\"alignnone size-medium wp-image-554668\" src=\"https:\/\/img.svnews.ro\/foto\/2026\/08\/20\/554666\/114eed0de2304d628e6b7a7e106500366.jpg\" alt width=\"650\" height=\"366\"><\/p>\n<p><img loading=\"lazy\" decoding=\"async\" class=\"alignnone size-medium wp-image-554669\" src=\"https:\/\/img.svnews.ro\/foto\/2026\/08\/20\/554666\/38db129ecb0759f39eb50b35606500366.jpg\" alt width=\"650\" height=\"366\"><\/p>\n<p><img decoding=\"async\" loading=\"lazy\" class=\"alignnone size-medium wp-image-554670\" src=\"https:\/\/img.svnews.ro\/foto\/2026\/08\/20\/554666\/b63480a07e3bef0aad29cd8f906500366.jpg\" alt width=\"650\" height=\"366\"><\/p>\n<p><img decoding=\"async\" loading=\"lazy\" class=\"alignnone size-medium wp-image-554671\" src=\"https:\/\/img.svnews.ro\/foto\/2026\/08\/20\/554666\/064e15ba7871105f0774cabb606500366.jpg\" alt width=\"650\" height=\"366\"><\/p>\n<p><img decoding=\"async\" loading=\"lazy\" class=\"alignnone size-medium wp-image-554672\" src=\"https:\/\/img.svnews.ro\/foto\/2026\/08\/20\/554666\/851452c5157e7db0efec6a61806500366.jpg\" alt width=\"650\" height=\"366\"><\/p>\n<p><img decoding=\"async\" loading=\"lazy\" class=\"alignnone size-medium wp-image-554673\" src=\"https:\/\/img.svnews.ro\/foto\/2026\/08\/20\/554666\/a89cdd2a43d43c067cc9be32c06500812.jpg\" alt width=\"650\" height=\"812\"><\/p>\n<\/div>\n<p>[analyse_source url=&#8221;https:\/\/www.svnews.ro\/bogdan-muresanu-aduce-la-biff-povestile-ramase-in-afara-ecranului\/554666\/&#8221;]<\/p>\n","protected":false},"excerpt":{"rendered":"<p>[analyse_image type=&#8221;featured&#8221; src=&#8221;https:\/\/img.svnews.ro\/foto\/2026\/08\/20\/554666\/6b387704ef573fd32a66d181a.jpg&#8221;] Expozi\u021bie, secven\u021be nev\u0103zute \u0219i patru pove\u0219ti \u00eentr-un eveniment special la BIFF 2026 20\u201326 septembrie | Sala Irina Nicolau22 septembrie | Cinema Muzeul \u021a\u0103ranului 4 ore \u0219i 12 minute. At\u00e2t avea, \u00eenainte de montajul final, \u201eAnul Nou care n-a fost\u201d, filmul lui Bogdan Mure\u0219anu pe care \u00eel cunoa\u0219tem ast\u0103zi. 114 minute au r\u0103mas [&hellip;]<\/p>\n","protected":false},"author":1,"featured_media":0,"comment_status":"open","ping_status":"","sticky":false,"template":"","format":"standard","meta":{"footnotes":""},"categories":[89],"tags":[226,175],"class_list":["post-2106765","post","type-post","status-publish","format-standard","hentry","category-romania","tag-crawlmanager","tag-svnews-ro"],"_links":{"self":[{"href":"https:\/\/analyse.optim.biz\/index.php?rest_route=\/wp\/v2\/posts\/2106765","targetHints":{"allow":["GET"]}}],"collection":[{"href":"https:\/\/analyse.optim.biz\/index.php?rest_route=\/wp\/v2\/posts"}],"about":[{"href":"https:\/\/analyse.optim.biz\/index.php?rest_route=\/wp\/v2\/types\/post"}],"author":[{"embeddable":true,"href":"https:\/\/analyse.optim.biz\/index.php?rest_route=\/wp\/v2\/users\/1"}],"replies":[{"embeddable":true,"href":"https:\/\/analyse.optim.biz\/index.php?rest_route=%2Fwp%2Fv2%2Fcomments&post=2106765"}],"version-history":[{"count":0,"href":"https:\/\/analyse.optim.biz\/index.php?rest_route=\/wp\/v2\/posts\/2106765\/revisions"}],"wp:attachment":[{"href":"https:\/\/analyse.optim.biz\/index.php?rest_route=%2Fwp%2Fv2%2Fmedia&parent=2106765"}],"wp:term":[{"taxonomy":"category","embeddable":true,"href":"https:\/\/analyse.optim.biz\/index.php?rest_route=%2Fwp%2Fv2%2Fcategories&post=2106765"},{"taxonomy":"post_tag","embeddable":true,"href":"https:\/\/analyse.optim.biz\/index.php?rest_route=%2Fwp%2Fv2%2Ftags&post=2106765"}],"curies":[{"name":"wp","href":"https:\/\/api.w.org\/{rel}","templated":true}]}}