{"id":2106756,"date":"2026-08-21T11:54:40","date_gmt":"2026-08-21T08:54:40","guid":{"rendered":"https:\/\/analyse.optim.biz\/?p=2106756"},"modified":"2026-08-21T11:54:40","modified_gmt":"2026-08-21T08:54:40","slug":"simona-maxim-imbratisam-o-viziune-prin-care-sa-cuprindem-esenta-jazzului-si-viitorul","status":"publish","type":"post","link":"https:\/\/analyse.optim.biz\/?p=2106756","title":{"rendered":"Simona Maxim: \u201c \u00cembr\u0103\u021bi\u0219\u0103m o viziune prin care s\u0103 cuprindem esen\u021ba jazzului \u0219i viitorul\u201e"},"content":{"rendered":"<p>[analyse_image type=&#8221;featured&#8221; src=&#8221;https:\/\/img.svnews.ro\/foto\/2026\/08\/21\/554847\/3bd09bb0bfb0e07f72cc35064.jpeg&#8221;]<\/p>\n<div class=\"entry\"><img loading=\"lazy\" decoding=\"async\" width=\"650\" height=\"325\" src=\"https:\/\/img.svnews.ro\/foto\/2026\/08\/21\/554847\/3bd09bb0bfb0e07f72cc3506406500325.jpeg\" alt><\/p>\n<div class=\"entry_content\">\n<p>Simona Maxim, directorul Sibiu Jazz Festival, consider\u0103 c\u0103 muzica \u00eenseamn\u0103, \u00een primul r\u00e2nd, dragoste, un sentiment complex ce vine din\u0103untru \u0219i \u00eembl\u00e2nze\u0219te inimi, cucere\u0219te cele mai neobi\u0219nuite piscuri ale sufletului.<\/p>\n<p>Sibiu Jazz Festival (edi\u021bia 54) ne invit\u0103 s\u0103 \u00eemp\u0103rt\u0103\u0219im acest sentiment, s\u0103-l celebr\u0103m \u0219i pentru m\u0103car c\u00e2teva zile (2-6 septembrie) s\u0103-l ridic\u0103m la binemeritatul rang nobil.<\/p>\n<p>Sibiu Jazz Festival este cel mai vechi festival de jazz din Rom\u00e2nia. \u00centr-un moment \u00een care tot mai multe ora\u0219e \u0219i-au construit propriile festivaluri de jazz, cum a\u021bi reu\u0219it s\u0103 p\u0103stra\u021bi identitatea Sibiu Jazz Festival? Care sunt lucrurile pe care nu le-a\u021bi negociat niciodat\u0103?<\/p>\n<p>Dac\u0103 vorbim de vechi vorbim de calitate \u0219i dac\u0103 ad\u0103ug\u0103m muzica \u00een aceast\u0103 ecua\u021bie deja vorbim de tradi\u021bie de la care nu ne abatem at\u00e2t noi, dar, \u00een special, iubitorii de jazz care ast\u0103zi vin la edi\u021bia cu num\u0103rul 54 \u00eempreun\u0103 cu copiii lor. Vorbim deja de un public ereditar de jazz. Aceasta este unicitatea Sibiu Jazz Festival, \u00een primul r\u00e2nd, prin raportarea la istorie \u0219i timp. C\u0103ci exist\u0103 un timp istoric \u0219i un timp al jazzului. Despre acest timp vorbim, un spa\u021biu temporal al jazzului care tinde c\u0103tre atemporal c\u0103tre metafizica muzicii \u0219i c\u0103tre bucuria sunetului.<\/p>\n<p>A\u0219 pune semnul egal \u00eentre bucuria de a tr\u0103i \u0219i bucuria de c\u00e2nta, de a dansa, de a sim\u021bi l\u0103untric muzica. Festivalul este exact prilejul acestei c\u0103l\u0103torii ini\u021biatice care \u00ee\u021bi ofer\u0103 \u0219ansa unei introspec\u021bii prin magia sunetelor.<\/p>\n<p>\u00cen al doilea r\u00e2nd, cred c\u0103 un festival \u00eenseamn\u0103 mult mai mult dec\u00e2t prezen\u021ba la un num\u0103r de concerte. Un festival este menit s\u0103 ofere un cumul de experien\u021be, o stare prelungit\u0103 de vraj\u0103 chiar \u0219i dup\u0103 festival care s\u0103 trezeasc\u0103 un foc l\u0103untric \u00een inim\u0103 \u0219i \u00eentreb\u0103ri mistuitoare \u00een ra\u021biune. De asemenea, totul conteaz\u0103: diversitatea programului artistic, oferta turistic\u0103 \u0219i cultural\u0103 a ora\u0219ului, evenimente conexe care atrag mai multor categorii de public de cu v\u00e2rste diferite.<\/p>\n<p>Sibiu Jazz Festival promite o experien\u021b\u0103 integral\u0103, global\u0103, holistic\u0103 cum se spune mai nou. Ca de fiecare dat\u0103 r\u0103m\u00e2ne neschimbat \u00een festival conceptul de baz\u0103: muzica bun\u0103!<\/p>\n<p>Sibiu Jazz Festival nu \u0219i-a legat niciodat\u0103 identitatea de un singur spa\u021biu, ci a ales s\u0103 circule prin ora\u0219, de la s\u0103li consacrate p\u00e2n\u0103 la biserici \u0219i alte spa\u021bii neconven\u021bionale. Ce c\u00e2\u0219tig\u0103 festivalul din aceast\u0103 mobilitate \u0219i ce pierde? Cum arat\u0103 harta edi\u021biei din acest an?<\/p>\n<p>Am vorbit deja de un timp istoric al jazzului care la r\u00e2ndul s\u0103u are nevoie de un spa\u021biu fizic. Am ales spa\u021bii sacre (biserici, l\u0103ca\u0219uri de cult vechi \u00eenc\u0103 neintegrate \u00een circuitul turistic al ora\u0219ului) sau spa\u021bii cu efervescen\u021b\u0103 cultural\u0103 pe care s\u0103 le revitaliz\u0103m cu jazz \u0219i proiecte artistice \u00eendr\u0103zne\u021be, cu poten\u021bial, practic inspir\u00e2nd arti\u0219tii s\u0103 fie \u0219i mai creativi prin \u00eembinarea dintre muzic\u0103, art\u0103 corporal\u0103, poezie, actorie etc. Festivalul din acest an se deschide cu o experien\u021b\u0103 muzical\u0103 la grani\u021ba dintre teatru \u0219i film. Astfel, continu\u0103m procesul creativ instituit cu ani \u00een urm\u0103 de a urm\u0103ri, include \u0219i concepe proiecte pilot sau de tip experiment cu adev\u0103rat inedite.<\/p>\n<p>La fiecare edi\u021bie dorim s\u0103 oferim publicului proiecte muzicale foarte diferite ca \u0219i coloratur\u0103 muzical\u0103. Nici una din forma\u021biile angajate nu se aseam\u0103n\u0103 stilistic cu cealalt\u0103.<\/p>\n<p>Line-up-ul unui festival spune \u00eentotdeauna ceva despre felul \u00een care organizatorii v\u0103d prezentul unui gen muzical. Dac\u0103 edi\u021bia a 54-a ar putea fi citit\u0103 ca un manifest, care ar fi ideea din spatele selec\u021biei artistice?<\/p>\n<p>\u00a0<\/p>\n<p>Invit publicul s\u0103 descopere line-up-ul din acest an, mai ales c\u0103 programul complet poate fi vizualizat pe site-ul nostru \u2013 https:\/\/sibiujazz.eu\/.<\/p>\n<p>Pendul\u0103m \u00eentre continuitate \u0219i modernitate. Prin participarea \u00een festival a trupei Equinox Quintet (c\u00e2\u0219tig\u0103torii Sibiu Jazz Competition 2025) asigur\u0103m o continuitate a calit\u0103\u021bii muzicale. Equinox Quintet reprezint\u0103 noua genera\u021bie de muzicieni forma\u021bi printr-o preg\u0103tire academic\u0103 solid\u0103 care readuc pe scen\u0103 un jazz modern energic, construit pe compozi\u021bii originale, improviza\u021bie colectiv\u0103 \u0219i o estetic\u0103 actual\u0103 aflat\u0103 la intersec\u021bia dintre jazz-rock fusion \u0219i tradi\u021bia jazzului modern.<\/p>\n<p>Dac\u0103 vorbim de modernitate, Nguyen Le Trio este \u00een premir\u0103 la Sibiu Jazz Festival 2026. Vorbim de un muzician profund, plin de mister, ce caut\u0103 s\u0103 r\u0103scoleasc\u0103 metafizica muzicii.<\/p>\n<p><img loading=\"lazy\" decoding=\"async\" class=\"alignnone size-medium wp-image-554850\" src=\"https:\/\/img.svnews.ro\/foto\/2026\/08\/21\/554847\/0d7a5a1231fd78009c131acb306501033.jpeg\" alt width=\"650\" height=\"1033\"><\/p>\n<p>Nguyen vine \u00eenso\u021bit de parizianul Romain Labaye, la bas electric, \u0219i sco\u021bianul Alyn Cosker, la tobe, elabor\u00e2nd un repertoriu pentru festival unde vom reg\u0103si cele mai celebre compozi\u021bii din albumele fusion ale sale: Bakida, Silk &amp; Sand, Streams, Jimi\u2019s Back, \u0219i altele.<\/p>\n<p>Vom avea parte \u0219i de o furtun\u0103 electroacustic\u0103, vorbim de AZURE a lui Ulrich Drechsler Trio, o veritabil\u0103 for\u021b\u0103 a naturii, cu misiunea de a-\u0219i defini propria viziune asupra muzicii de club. Vom dansa, vom descoperi infinitul \u0219i bucuria de a tr\u0103i. AZURE este cea mai mare aventur\u0103 a lui Ulrich de p\u00e2n\u0103 acum, o c\u0103l\u0103torie pe teritorii muzicale complet necunoscute.<\/p>\n<p><img loading=\"lazy\" decoding=\"async\" class=\"alignnone size-medium wp-image-554849\" src=\"https:\/\/img.svnews.ro\/foto\/2026\/08\/21\/554847\/c3b0019dd122f6056fdb05bbc06500433.jpg\" alt width=\"650\" height=\"433\"><\/p>\n<p>Bilete pentru perioada 2-6 septembrie pentru fiecare eveniment se g\u0103sesc aici https:\/\/sibiujazzfestival.iabilet.ro\/.<\/p>\n<p>Programul Sibiu Jazz Festival dep\u0103\u0219e\u0219te de mult grani\u021ba concertelor \u0219i a muzicii live. Cum se completeaz\u0103 \u00een acest an muzica cu celelalte formate \u0219i manifest\u0103ri artistice din program?<\/p>\n<p>Jazzul nu a fost niciodat\u0103 singur. Mereu a fost acompaniat de imagina\u021bie, poezii, spa\u021bii neconven\u021bionale, crea\u021bie \u00een deplin\u0103 libertate. Aceast\u0103 atmosfer\u0103 vrem s\u0103 o recre\u0103m de fiecare dat\u0103. Pentru ea ne lupt\u0103m s\u0103 aducem pe scen\u0103 forma\u021biile formate \u00een spiritul libert\u0103\u021bii. Nu c\u0103ut\u0103m grani\u021be, ci netezirea lor. Vedem limite pentru pretextul suficient de a le explora \u0219i \u00eembr\u0103\u021bi\u0219\u0103m o viziune prin care s\u0103 cuprindem esen\u021ba jazzului \u0219i viitorul.<\/p>\n<p>2026 r\u0103m\u00e2ne un an complicat pentru sectorul cultural: bugete reduse, sponsori mai pruden\u021bi \u0219i evenimente redimensionate sau chiar anulate. Cum se vede aceast\u0103 presiune din interiorul unui festival cu peste cinci decenii de istorie? \u0218i unde trasa\u021bi limita \u00eentre adaptare \u0219i compromis?<\/p>\n<p>Jazzul nu poate fi oprit de anii complica\u021bi pe care \u00eei travers\u0103m ba chiar, \u00een mod paradoxal, ace\u0219ti ani mai dificili pun presiune pe muzicieni s\u0103 dea na\u0219tere unor compozi\u021bii de o calitate superioar\u0103. E larg r\u0103sp\u00e2ndit conceptul de zon\u0103 de confort care \u00een muzic\u0103 nu face bine deloc. Vremurile grele ne scot din zona de confort \u0219i ne arunc\u0103 \u00een fa\u021b\u0103 realitatea a\u0219a cum este. \u0218ansa noast\u0103 e s\u0103 fim ancora\u021bi \u00een prezent cu un pas spre viitor.<\/p>\n<p>Cunosc bine faptul c\u0103 bugetele sunt mai suple, sponsorii sunt mai precau\u021bi \u0219i caut\u0103 solu\u021bii de bun sim\u021b pentru a-\u0219i reduce, pe c\u00e2t posibil, aportul financiar \u00een comunit\u0103\u021bi. Cuv\u00e2ntul cheie ast\u0103zi este adaptabilitatea pe toate palierele. Compromisuri pot exist\u0103 \u00een m\u0103sura \u00een care ele pot fi \u00een\u021belese, integrate \u00een spiritul \u0219i organizarea festivalului.\u00a0 \u00a0\u00a0<img decoding=\"async\" loading=\"lazy\" class=\"alignnone size-medium wp-image-554852\" src=\"https:\/\/img.svnews.ro\/foto\/2026\/08\/21\/554847\/14ce1b8058759af2e6c0ca52606500975.jpg\" alt width=\"650\" height=\"975\"><\/p>\n<p>Lista parteneri no\u0219tri tradi\u021bionali \u0219i europeni e destul de \u00eenchegat\u0103: Prim\u0103ria Municipiului Sibiu, Filarmonica de Stat Sibiu, Casa de Cultur\u0103 a Studen\u021bilor Sibiu, Rock FM, Club Francophone d\u2019Affaires de Sibiu, Hermania, Schwarz Gruppe Int, Sobis Smart Collaboration, iabilet.ro, C\u0103rture\u0219ti, Hermanst\u00e4dter Zeitung, Europe Jazz Network, European Jazz Network Green, Semente Cultural Promotions Suedia \u0219i Jazz Fan Rising.<\/p>\n<p>Jazzul s-a n\u0103scut ca o form\u0103 de libertate \u0219i de rezisten\u021b\u0103 cultural\u0103, iar de-a lungul istoriei a \u00eenso\u021bit numeroase mi\u0219c\u0103ri sociale. \u00centr-o lume dominat\u0103 de algoritmi \u0219i consum rapid, mai p\u0103streaz\u0103 jazzul aceast\u0103 for\u021b\u0103 de a incomoda \u0219i de a pune \u00eentreb\u0103ri? Sau rolul lui s-a schimbat?<\/p>\n<p>Sibiu Jazz Festival este o revedere cu farmecul inegalabil al jazzului \u0219i o \u0219ans\u0103 pentru extinderea comunit\u0103\u021bii europene de jazz.<\/p>\n<p>Sibiu Jazz Festival r\u0103m\u00e2ne cel mai renumit festival de jazz din Rom\u00e2nia. Acest lucru se datoreaz\u0103 \u0219i faptului c\u0103, \u00eencep\u00e2nd cu anul 2005, am devenit membri ai cele mai importante organiza\u021bii europene de jazz: Europe Jazz Network. Totodat\u0103 suntem m\u00e2ndrii c\u0103 \u00een plan interna\u021bional am fost singurul festival de jazz din \u021bar\u0103 prezentat la T\u00e2rgul de Turism de la Berlin \u00een cadrul programului \u201cJazz Across Europe\u201d.<\/p>\n<p>Noi, la Sibiu Jazz Festival, reprezent\u0103m o comunitate veche, \u00eenchegat\u0103, care trece prin transform\u0103ri \u00een m\u0103sura \u00een care \u0219i societatea trece prin ele. Cred cu t\u0103rie c\u0103 muzica \u00eenseamn\u0103 via\u021b\u0103 \u0219i via\u021ba are muzica ei proprie. C\u00e2nd prima o urm\u0103re\u0219te pe ce de-a doua, fenomenul artei p\u0103trunde \u00een intimitatea omului<img decoding=\"async\" loading=\"lazy\" class=\"alignnone size-medium wp-image-554851\" src=\"https:\/\/img.svnews.ro\/foto\/2026\/08\/21\/554847\/a5e7bc971f75ec10f7a9b9df606500813.jpg\" alt width=\"650\" height=\"813\"><\/p>\n<\/div>\n<div>\n<div>VN:F [1.9.22_1171]<\/div>\n<div class=\"ratingblock \">\n<div class=\"ratingstars \">\n<div id=\"article_loader_554847\" class=\"ratingloaderarticle\">\n<div class=\"loader arrows \">\n<div class=\"loaderinner\">se actualizeaz\u0103&#8230;<\/div>\n<\/div>\n<\/div>\n<\/div>\n<div class=\"ratingtext \">\n<div id=\"gdr_text_a554847\">Rating: 0.0\/<strong>10<\/strong> (0 votes cast)<\/div>\n<\/div>\n<\/div>\n<\/div>\n<\/div>\n<div class=\"entry_content\">\n<p>Simona Maxim, directorul Sibiu Jazz Festival, consider\u0103 c\u0103 muzica \u00eenseamn\u0103, \u00een primul r\u00e2nd, dragoste, un sentiment complex ce vine din\u0103untru \u0219i \u00eembl\u00e2nze\u0219te inimi, cucere\u0219te cele mai neobi\u0219nuite piscuri ale sufletului.<\/p>\n<p>Sibiu Jazz Festival (edi\u021bia 54) ne invit\u0103 s\u0103 \u00eemp\u0103rt\u0103\u0219im acest sentiment, s\u0103-l celebr\u0103m \u0219i pentru m\u0103car c\u00e2teva zile (2-6 septembrie) s\u0103-l ridic\u0103m la binemeritatul rang nobil.<\/p>\n<p>Sibiu Jazz Festival este cel mai vechi festival de jazz din Rom\u00e2nia. \u00centr-un moment \u00een care tot mai multe ora\u0219e \u0219i-au construit propriile festivaluri de jazz, cum a\u021bi reu\u0219it s\u0103 p\u0103stra\u021bi identitatea Sibiu Jazz Festival? Care sunt lucrurile pe care nu le-a\u021bi negociat niciodat\u0103?<\/p>\n<p>Dac\u0103 vorbim de vechi vorbim de calitate \u0219i dac\u0103 ad\u0103ug\u0103m muzica \u00een aceast\u0103 ecua\u021bie deja vorbim de tradi\u021bie de la care nu ne abatem at\u00e2t noi, dar, \u00een special, iubitorii de jazz care ast\u0103zi vin la edi\u021bia cu num\u0103rul 54 \u00eempreun\u0103 cu copiii lor. Vorbim deja de un public ereditar de jazz. Aceasta este unicitatea Sibiu Jazz Festival, \u00een primul r\u00e2nd, prin raportarea la istorie \u0219i timp. C\u0103ci exist\u0103 un timp istoric \u0219i un timp al jazzului. Despre acest timp vorbim, un spa\u021biu temporal al jazzului care tinde c\u0103tre atemporal c\u0103tre metafizica muzicii \u0219i c\u0103tre bucuria sunetului.<\/p>\n<p>A\u0219 pune semnul egal \u00eentre bucuria de a tr\u0103i \u0219i bucuria de c\u00e2nta, de a dansa, de a sim\u021bi l\u0103untric muzica. Festivalul este exact prilejul acestei c\u0103l\u0103torii ini\u021biatice care \u00ee\u021bi ofer\u0103 \u0219ansa unei introspec\u021bii prin magia sunetelor.<\/p>\n<p>\u00cen al doilea r\u00e2nd, cred c\u0103 un festival \u00eenseamn\u0103 mult mai mult dec\u00e2t prezen\u021ba la un num\u0103r de concerte. Un festival este menit s\u0103 ofere un cumul de experien\u021be, o stare prelungit\u0103 de vraj\u0103 chiar \u0219i dup\u0103 festival care s\u0103 trezeasc\u0103 un foc l\u0103untric \u00een inim\u0103 \u0219i \u00eentreb\u0103ri mistuitoare \u00een ra\u021biune. De asemenea, totul conteaz\u0103: diversitatea programului artistic, oferta turistic\u0103 \u0219i cultural\u0103 a ora\u0219ului, evenimente conexe care atrag mai multor categorii de public de cu v\u00e2rste diferite.<\/p>\n<p>Sibiu Jazz Festival promite o experien\u021b\u0103 integral\u0103, global\u0103, holistic\u0103 cum se spune mai nou. Ca de fiecare dat\u0103 r\u0103m\u00e2ne neschimbat \u00een festival conceptul de baz\u0103: muzica bun\u0103!<\/p>\n<p>Sibiu Jazz Festival nu \u0219i-a legat niciodat\u0103 identitatea de un singur spa\u021biu, ci a ales s\u0103 circule prin ora\u0219, de la s\u0103li consacrate p\u00e2n\u0103 la biserici \u0219i alte spa\u021bii neconven\u021bionale. Ce c\u00e2\u0219tig\u0103 festivalul din aceast\u0103 mobilitate \u0219i ce pierde? Cum arat\u0103 harta edi\u021biei din acest an?<\/p>\n<p>Am vorbit deja de un timp istoric al jazzului care la r\u00e2ndul s\u0103u are nevoie de un spa\u021biu fizic. Am ales spa\u021bii sacre (biserici, l\u0103ca\u0219uri de cult vechi \u00eenc\u0103 neintegrate \u00een circuitul turistic al ora\u0219ului) sau spa\u021bii cu efervescen\u021b\u0103 cultural\u0103 pe care s\u0103 le revitaliz\u0103m cu jazz \u0219i proiecte artistice \u00eendr\u0103zne\u021be, cu poten\u021bial, practic inspir\u00e2nd arti\u0219tii s\u0103 fie \u0219i mai creativi prin \u00eembinarea dintre muzic\u0103, art\u0103 corporal\u0103, poezie, actorie etc. Festivalul din acest an se deschide cu o experien\u021b\u0103 muzical\u0103 la grani\u021ba dintre teatru \u0219i film. Astfel, continu\u0103m procesul creativ instituit cu ani \u00een urm\u0103 de a urm\u0103ri, include \u0219i concepe proiecte pilot sau de tip experiment cu adev\u0103rat inedite.<\/p>\n<p>La fiecare edi\u021bie dorim s\u0103 oferim publicului proiecte muzicale foarte diferite ca \u0219i coloratur\u0103 muzical\u0103. Nici una din forma\u021biile angajate nu se aseam\u0103n\u0103 stilistic cu cealalt\u0103.<\/p>\n<p>Line-up-ul unui festival spune \u00eentotdeauna ceva despre felul \u00een care organizatorii v\u0103d prezentul unui gen muzical. Dac\u0103 edi\u021bia a 54-a ar putea fi citit\u0103 ca un manifest, care ar fi ideea din spatele selec\u021biei artistice?<\/p>\n<p>\u00a0<\/p>\n<p>Invit publicul s\u0103 descopere line-up-ul din acest an, mai ales c\u0103 programul complet poate fi vizualizat pe site-ul nostru \u2013 https:\/\/sibiujazz.eu\/.<\/p>\n<p>Pendul\u0103m \u00eentre continuitate \u0219i modernitate. Prin participarea \u00een festival a trupei Equinox Quintet (c\u00e2\u0219tig\u0103torii Sibiu Jazz Competition 2025) asigur\u0103m o continuitate a calit\u0103\u021bii muzicale. Equinox Quintet reprezint\u0103 noua genera\u021bie de muzicieni forma\u021bi printr-o preg\u0103tire academic\u0103 solid\u0103 care readuc pe scen\u0103 un jazz modern energic, construit pe compozi\u021bii originale, improviza\u021bie colectiv\u0103 \u0219i o estetic\u0103 actual\u0103 aflat\u0103 la intersec\u021bia dintre jazz-rock fusion \u0219i tradi\u021bia jazzului modern.<\/p>\n<p>Dac\u0103 vorbim de modernitate, Nguyen Le Trio este \u00een premir\u0103 la Sibiu Jazz Festival 2026. Vorbim de un muzician profund, plin de mister, ce caut\u0103 s\u0103 r\u0103scoleasc\u0103 metafizica muzicii.<\/p>\n<p><img loading=\"lazy\" decoding=\"async\" class=\"alignnone size-medium wp-image-554850\" src=\"https:\/\/img.svnews.ro\/foto\/2026\/08\/21\/554847\/0d7a5a1231fd78009c131acb306501033.jpeg\" alt width=\"650\" height=\"1033\"><\/p>\n<p>Nguyen vine \u00eenso\u021bit de parizianul Romain Labaye, la bas electric, \u0219i sco\u021bianul Alyn Cosker, la tobe, elabor\u00e2nd un repertoriu pentru festival unde vom reg\u0103si cele mai celebre compozi\u021bii din albumele fusion ale sale: Bakida, Silk &amp; Sand, Streams, Jimi\u2019s Back, \u0219i altele.<\/p>\n<p>Vom avea parte \u0219i de o furtun\u0103 electroacustic\u0103, vorbim de AZURE a lui Ulrich Drechsler Trio, o veritabil\u0103 for\u021b\u0103 a naturii, cu misiunea de a-\u0219i defini propria viziune asupra muzicii de club. Vom dansa, vom descoperi infinitul \u0219i bucuria de a tr\u0103i. AZURE este cea mai mare aventur\u0103 a lui Ulrich de p\u00e2n\u0103 acum, o c\u0103l\u0103torie pe teritorii muzicale complet necunoscute.<\/p>\n<p><img loading=\"lazy\" decoding=\"async\" class=\"alignnone size-medium wp-image-554849\" src=\"https:\/\/img.svnews.ro\/foto\/2026\/08\/21\/554847\/c3b0019dd122f6056fdb05bbc06500433.jpg\" alt width=\"650\" height=\"433\"><\/p>\n<p>Bilete pentru perioada 2-6 septembrie pentru fiecare eveniment se g\u0103sesc aici https:\/\/sibiujazzfestival.iabilet.ro\/.<\/p>\n<p>Programul Sibiu Jazz Festival dep\u0103\u0219e\u0219te de mult grani\u021ba concertelor \u0219i a muzicii live. Cum se completeaz\u0103 \u00een acest an muzica cu celelalte formate \u0219i manifest\u0103ri artistice din program?<\/p>\n<p>Jazzul nu a fost niciodat\u0103 singur. Mereu a fost acompaniat de imagina\u021bie, poezii, spa\u021bii neconven\u021bionale, crea\u021bie \u00een deplin\u0103 libertate. Aceast\u0103 atmosfer\u0103 vrem s\u0103 o recre\u0103m de fiecare dat\u0103. Pentru ea ne lupt\u0103m s\u0103 aducem pe scen\u0103 forma\u021biile formate \u00een spiritul libert\u0103\u021bii. Nu c\u0103ut\u0103m grani\u021be, ci netezirea lor. Vedem limite pentru pretextul suficient de a le explora \u0219i \u00eembr\u0103\u021bi\u0219\u0103m o viziune prin care s\u0103 cuprindem esen\u021ba jazzului \u0219i viitorul.<\/p>\n<p>2026 r\u0103m\u00e2ne un an complicat pentru sectorul cultural: bugete reduse, sponsori mai pruden\u021bi \u0219i evenimente redimensionate sau chiar anulate. Cum se vede aceast\u0103 presiune din interiorul unui festival cu peste cinci decenii de istorie? \u0218i unde trasa\u021bi limita \u00eentre adaptare \u0219i compromis?<\/p>\n<p>Jazzul nu poate fi oprit de anii complica\u021bi pe care \u00eei travers\u0103m ba chiar, \u00een mod paradoxal, ace\u0219ti ani mai dificili pun presiune pe muzicieni s\u0103 dea na\u0219tere unor compozi\u021bii de o calitate superioar\u0103. E larg r\u0103sp\u00e2ndit conceptul de zon\u0103 de confort care \u00een muzic\u0103 nu face bine deloc. Vremurile grele ne scot din zona de confort \u0219i ne arunc\u0103 \u00een fa\u021b\u0103 realitatea a\u0219a cum este. \u0218ansa noast\u0103 e s\u0103 fim ancora\u021bi \u00een prezent cu un pas spre viitor.<\/p>\n<p>Cunosc bine faptul c\u0103 bugetele sunt mai suple, sponsorii sunt mai precau\u021bi \u0219i caut\u0103 solu\u021bii de bun sim\u021b pentru a-\u0219i reduce, pe c\u00e2t posibil, aportul financiar \u00een comunit\u0103\u021bi. Cuv\u00e2ntul cheie ast\u0103zi este adaptabilitatea pe toate palierele. Compromisuri pot exist\u0103 \u00een m\u0103sura \u00een care ele pot fi \u00een\u021belese, integrate \u00een spiritul \u0219i organizarea festivalului.\u00a0 \u00a0\u00a0<img decoding=\"async\" loading=\"lazy\" class=\"alignnone size-medium wp-image-554852\" src=\"https:\/\/img.svnews.ro\/foto\/2026\/08\/21\/554847\/14ce1b8058759af2e6c0ca52606500975.jpg\" alt width=\"650\" height=\"975\"><\/p>\n<p>Lista parteneri no\u0219tri tradi\u021bionali \u0219i europeni e destul de \u00eenchegat\u0103: Prim\u0103ria Municipiului Sibiu, Filarmonica de Stat Sibiu, Casa de Cultur\u0103 a Studen\u021bilor Sibiu, Rock FM, Club Francophone d\u2019Affaires de Sibiu, Hermania, Schwarz Gruppe Int, Sobis Smart Collaboration, iabilet.ro, C\u0103rture\u0219ti, Hermanst\u00e4dter Zeitung, Europe Jazz Network, European Jazz Network Green, Semente Cultural Promotions Suedia \u0219i Jazz Fan Rising.<\/p>\n<p>Jazzul s-a n\u0103scut ca o form\u0103 de libertate \u0219i de rezisten\u021b\u0103 cultural\u0103, iar de-a lungul istoriei a \u00eenso\u021bit numeroase mi\u0219c\u0103ri sociale. \u00centr-o lume dominat\u0103 de algoritmi \u0219i consum rapid, mai p\u0103streaz\u0103 jazzul aceast\u0103 for\u021b\u0103 de a incomoda \u0219i de a pune \u00eentreb\u0103ri? Sau rolul lui s-a schimbat?<\/p>\n<p>Sibiu Jazz Festival este o revedere cu farmecul inegalabil al jazzului \u0219i o \u0219ans\u0103 pentru extinderea comunit\u0103\u021bii europene de jazz.<\/p>\n<p>Sibiu Jazz Festival r\u0103m\u00e2ne cel mai renumit festival de jazz din Rom\u00e2nia. Acest lucru se datoreaz\u0103 \u0219i faptului c\u0103, \u00eencep\u00e2nd cu anul 2005, am devenit membri ai cele mai importante organiza\u021bii europene de jazz: Europe Jazz Network. Totodat\u0103 suntem m\u00e2ndrii c\u0103 \u00een plan interna\u021bional am fost singurul festival de jazz din \u021bar\u0103 prezentat la T\u00e2rgul de Turism de la Berlin \u00een cadrul programului \u201cJazz Across Europe\u201d.<\/p>\n<p>Noi, la Sibiu Jazz Festival, reprezent\u0103m o comunitate veche, \u00eenchegat\u0103, care trece prin transform\u0103ri \u00een m\u0103sura \u00een care \u0219i societatea trece prin ele. Cred cu t\u0103rie c\u0103 muzica \u00eenseamn\u0103 via\u021b\u0103 \u0219i via\u021ba are muzica ei proprie. C\u00e2nd prima o urm\u0103re\u0219te pe ce de-a doua, fenomenul artei p\u0103trunde \u00een intimitatea omului<img decoding=\"async\" loading=\"lazy\" class=\"alignnone size-medium wp-image-554851\" src=\"https:\/\/img.svnews.ro\/foto\/2026\/08\/21\/554847\/a5e7bc971f75ec10f7a9b9df606500813.jpg\" alt width=\"650\" height=\"813\"><\/p>\n<\/div>\n<p>[analyse_source url=&#8221;https:\/\/www.svnews.ro\/simona-maxim-imbratisam-o-viziune-prin-care-sa-cuprindem-esenta-jazzului-si-viitorul\/554847\/&#8221;]<\/p>\n","protected":false},"excerpt":{"rendered":"<p>[analyse_image type=&#8221;featured&#8221; src=&#8221;https:\/\/img.svnews.ro\/foto\/2026\/08\/21\/554847\/3bd09bb0bfb0e07f72cc35064.jpeg&#8221;] Simona Maxim, directorul Sibiu Jazz Festival, consider\u0103 c\u0103 muzica \u00eenseamn\u0103, \u00een primul r\u00e2nd, dragoste, un sentiment complex ce vine din\u0103untru \u0219i \u00eembl\u00e2nze\u0219te inimi, cucere\u0219te cele mai neobi\u0219nuite piscuri ale sufletului. Sibiu Jazz Festival (edi\u021bia 54) ne invit\u0103 s\u0103 \u00eemp\u0103rt\u0103\u0219im acest sentiment, s\u0103-l celebr\u0103m \u0219i pentru m\u0103car c\u00e2teva zile (2-6 septembrie) s\u0103-l ridic\u0103m [&hellip;]<\/p>\n","protected":false},"author":1,"featured_media":0,"comment_status":"open","ping_status":"","sticky":false,"template":"","format":"standard","meta":{"footnotes":""},"categories":[89],"tags":[226,175],"class_list":["post-2106756","post","type-post","status-publish","format-standard","hentry","category-romania","tag-crawlmanager","tag-svnews-ro"],"_links":{"self":[{"href":"https:\/\/analyse.optim.biz\/index.php?rest_route=\/wp\/v2\/posts\/2106756","targetHints":{"allow":["GET"]}}],"collection":[{"href":"https:\/\/analyse.optim.biz\/index.php?rest_route=\/wp\/v2\/posts"}],"about":[{"href":"https:\/\/analyse.optim.biz\/index.php?rest_route=\/wp\/v2\/types\/post"}],"author":[{"embeddable":true,"href":"https:\/\/analyse.optim.biz\/index.php?rest_route=\/wp\/v2\/users\/1"}],"replies":[{"embeddable":true,"href":"https:\/\/analyse.optim.biz\/index.php?rest_route=%2Fwp%2Fv2%2Fcomments&post=2106756"}],"version-history":[{"count":0,"href":"https:\/\/analyse.optim.biz\/index.php?rest_route=\/wp\/v2\/posts\/2106756\/revisions"}],"wp:attachment":[{"href":"https:\/\/analyse.optim.biz\/index.php?rest_route=%2Fwp%2Fv2%2Fmedia&parent=2106756"}],"wp:term":[{"taxonomy":"category","embeddable":true,"href":"https:\/\/analyse.optim.biz\/index.php?rest_route=%2Fwp%2Fv2%2Fcategories&post=2106756"},{"taxonomy":"post_tag","embeddable":true,"href":"https:\/\/analyse.optim.biz\/index.php?rest_route=%2Fwp%2Fv2%2Ftags&post=2106756"}],"curies":[{"name":"wp","href":"https:\/\/api.w.org\/{rel}","templated":true}]}}