{"id":2106744,"date":"2026-08-20T13:55:00","date_gmt":"2026-08-20T10:55:00","guid":{"rendered":"https:\/\/analyse.optim.biz\/?p=2106744"},"modified":"2026-08-20T13:55:00","modified_gmt":"2026-08-20T10:55:00","slug":"un-al-doilea-ucrainean-banuit-de-sabotajul-nord-stream-arestat-in-orasul-pula-din-croatia","status":"publish","type":"post","link":"https:\/\/analyse.optim.biz\/?p=2106744","title":{"rendered":"Un al doilea ucrainean b\u0103nuit de sabotajul Nord Stream arestat \u00een ora\u0219ul Pula din Croa\u021bia"},"content":{"rendered":"<p>[analyse_image type=&#8221;featured&#8221; src=&#8221;https:\/\/radiogoldfm.ro\/wp-content\/uploads\/2026\/08\/un-al-doilea-ucrainean-arestat-in-cazul-nord-stream-in-croatia-in-localitatea-pula-84196.jpghttps:\/\/radiogoldfm.ro\/wp-content\/uploads\/2026\/08\/un-al-doilea-ucrainean-arestat-in-cazul-nord-stream-in-croatia-in-localitatea-pula-84196.jpg&#8221;]<\/p>\n<div class=\"qt-the-content\">\n<p><strong>Anchetatorii germani au bifat un nou avans major \u00een dosarul sabotajului asupra conductelor Nord Stream din septembrie 2022. \u00cen diminea\u021ba zilei de miercuri, poli\u021bia croat\u0103 l-a re\u021binut \u00een localitatea Pula pe cet\u0103\u021beanul ucrainean Vladimir Z., un scafandru profesionist b\u0103nuit c\u0103 ar fi participat direct la plasarea \u00eenc\u0103rc\u0103turilor explozive la o ad\u00e2ncime de 80 de metri. Aceast\u0103 a doua arestare crucial\u0103 din anchet\u0103 vine dup\u0103 ce suspectul reu\u0219ise anterior s\u0103 scape de extr\u0103dare \u00een Polonia, urm\u00e2nd ca acum s\u0103 fie predat autorit\u0103\u021bilor din Germania pentru a fi prezentat \u00een fa\u021ba judec\u0103torului, scrie\u00a0<a href=\"https:\/\/www.bild.de\/politik\/medienbericht-taucher-nach-nord-stream-anschlag-festgenommen-6a857557c9a2e30783dab68c\" target=\"_blank\" rel=\"noreferrer noopener\">Bild<\/a><\/strong><\/p>\n<p>Parchetul Federal German a dispus arestarea unui alt suspect \u00een contextul presupusei sabot\u0103ri a conductelor Nord Stream. Cet\u0103\u021beanul ucrainean Vladimir Z. a fost prins miercuri diminea\u021b\u0103 la Pula, \u00een Croa\u021bia. Aceasta este a doua arestare \u00een acest caz. Re\u021binerea a fost efectuat\u0103 de poli\u021bi\u0219tii croa\u021bi, \u00een baza unui mandat european de arestare emis de judec\u0103torul de instruc\u021bie de la Curtea Federal\u0103 de Justi\u021bie.<\/p>\n<p>Suspiciunea: Vladimir Z. ar fi fost unul dintre scafandrii care au plasat \u00eenc\u0103rc\u0103turi explozive la conductele de gaz Nord Stream 1 \u0219i Nord Stream 2 \u00een septembrie 2022. Parchetul Federal \u00eel acuz\u0103 pe Z., printre altele, de provocarea \u00een complicitate a unei explozii, sabotaj anticonstitu\u021bional \u0219i distrugerea unor construc\u021bii.<\/p>\n<p><strong>A sc\u0103pat \u00een Polonia, a fost prins \u00een Croa\u021bia<\/strong><\/p>\n<p>Suspectul Z., prins acum \u00een Croa\u021bia, era deja cunoscut anchetatorilor germani. Anul trecut, acesta ar fi fost depistat \u0219i re\u021binut temporar \u00een Polonia. Cu toate acestea, justi\u021bia polonez\u0103 nu l-a extr\u0103dat atunci \u00een Germania, iar el a fost eliberat. Acum, el a c\u0103zut \u00een plasa anchetatorilor din Croa\u021bia. Dup\u0103 predarea sa din Croa\u021bia c\u0103tre Germania, Vladimir Z. urmeaz\u0103 s\u0103 fie prezentat judec\u0103torului de instruc\u021bie de la Curtea Federal\u0103 de Justi\u021bie.<\/p>\n<p>Conform mandatului de arestare, Vladimir Z. este scafandru profesionist. El ar fi f\u0103cut parte dintr-un grup condus de Serhii K., \u00eempotriva c\u0103ruia se desf\u0103\u0219oar\u0103, de asemenea, o anchet\u0103. \u00cempreun\u0103, ace\u0219tia ar fi plasat \u00eenc\u0103rc\u0103turi explozive la conducte, \u00een apropierea insulei daneze Bornholm. Potrivit informa\u021biilor ob\u021binute de ARD \u0219i SWR, scafandrii ar fi fixat \u00eenc\u0103rc\u0103turile pe conducte de pe un iaht cu p\u00e2nze, la o ad\u00e2ncime de aproximativ 80 de metri. Se presupune c\u0103 Vladimir Z. a participat la scufund\u0103rile necesare pentru aceast\u0103 opera\u021biune. Pe 26 septembrie 2022, \u00eenc\u0103rc\u0103turile au explodat, ambele conducte fiind grav avariate.<\/p>\n<figure class=\"wp-block-embed is-type-rich is-provider-x wp-block-embed-x\">\n<div class=\"wp-block-embed__wrapper\">\n<blockquote class=\"twitter-tweet\" data-width=\"550\" data-dnt=\"true\">\n<p lang=\"de\" dir=\"ltr\">Ein zweiter Ukrainer ist als mutma\u00dflicher T\u00e4ter der Sprengung der Nord-Stream-Pipelines festgenommen worden. Der terroristische Anschlag auf unsere Energieinfrastruktur muss endlich aufgekl\u00e4rt und Konsequenzen haben! Was tut die Bundesregierung? Nichts!<a href=\"https:\/\/t.co\/tswaePwJVf\">https:\/\/t.co\/tswaePwJVf<\/a><\/p>\n<p>\u2014 Alice Weidel (@Alice_Weidel) <a href=\"https:\/\/x.com\/Alice_Weidel\/status\/2090062947485696486?ref_src=twsrc%5Etfw\">August 19, 2026<\/a><\/p><\/blockquote>\n<\/div>\n<\/figure>\n<p><em><strong>surs\u0103: <a href=\"https:\/\/www.bild.de\/politik\/medienbericht-taucher-nach-nord-stream-anschlag-festgenommen-6a857557c9a2e30783dab68c\" target=\"_blank\" rel=\"noreferrer noopener\">Bild<\/a><\/strong><\/em><\/p>\n<div class=\"tagcloud qt-spacer-m\"><span class=\"qt-title\">Tagged as <\/span><a href=\"https:\/\/radiogoldfm.ro\/tag\/croatia\/\" rel=\"tag\">croatia<\/a><a href=\"https:\/\/radiogoldfm.ro\/tag\/gold-fm\/\" rel=\"tag\">GOLD FM<\/a><a href=\"https:\/\/radiogoldfm.ro\/tag\/romania\/\" rel=\"tag\">romania<\/a><a href=\"https:\/\/radiogoldfm.ro\/tag\/suspect\/\" rel=\"tag\">suspect<\/a><a href=\"https:\/\/radiogoldfm.ro\/tag\/ucraina\/\" rel=\"tag\">ucraina<\/a><\/div>\n<div class=\"qt-post-author qt-card\">\n<div class=\"row\">\n<div class=\"qt-post-author-data col s10 m7 l7\">\n<h6>Profil<\/h6>\n<h4><a href=\"https:\/\/radiogoldfm.ro\/un-al-doilea-ucrainean-banuit-de-sabotajul-nord-stream-arestat-in-orasul-pula-din-croatia\/#author_page\">Gold FM Radio<\/a><\/h4>\n<\/div>\n<div class=\"qt-post-author-link col s12 m3 l4 \"><a href=\"https:\/\/radiogoldfm.ro\/author\/gold-fm\/\" class=\"qt-btn qt-btn-large qt-btn-primary aligncenter\">Arhiva postari<\/a><\/div>\n<\/div>\n<\/div>\n<\/div>\n<p>[analyse_source url=&#8221;https:\/\/radiogoldfm.ro\/un-al-doilea-ucrainean-banuit-de-sabotajul-nord-stream-arestat-in-orasul-pula-din-croatia\/&#8221;]<\/p>\n","protected":false},"excerpt":{"rendered":"<p>[analyse_image type=&#8221;featured&#8221; src=&#8221;https:\/\/radiogoldfm.ro\/wp-content\/uploads\/2026\/08\/un-al-doilea-ucrainean-arestat-in-cazul-nord-stream-in-croatia-in-localitatea-pula-84196.jpghttps:\/\/radiogoldfm.ro\/wp-content\/uploads\/2026\/08\/un-al-doilea-ucrainean-arestat-in-cazul-nord-stream-in-croatia-in-localitatea-pula-84196.jpg&#8221;] Anchetatorii germani au bifat un nou avans major \u00een dosarul sabotajului asupra conductelor Nord Stream din septembrie 2022. \u00cen diminea\u021ba zilei de miercuri, poli\u021bia croat\u0103 l-a re\u021binut \u00een localitatea Pula pe cet\u0103\u021beanul ucrainean Vladimir Z., un scafandru profesionist b\u0103nuit c\u0103 ar fi participat direct la plasarea \u00eenc\u0103rc\u0103turilor explozive la o ad\u00e2ncime de [&hellip;]<\/p>\n","protected":false},"author":1,"featured_media":0,"comment_status":"open","ping_status":"","sticky":false,"template":"","format":"standard","meta":{"footnotes":""},"categories":[89],"tags":[226,96],"class_list":["post-2106744","post","type-post","status-publish","format-standard","hentry","category-romania","tag-crawlmanager","tag-radiogoldfm-ro"],"_links":{"self":[{"href":"https:\/\/analyse.optim.biz\/index.php?rest_route=\/wp\/v2\/posts\/2106744","targetHints":{"allow":["GET"]}}],"collection":[{"href":"https:\/\/analyse.optim.biz\/index.php?rest_route=\/wp\/v2\/posts"}],"about":[{"href":"https:\/\/analyse.optim.biz\/index.php?rest_route=\/wp\/v2\/types\/post"}],"author":[{"embeddable":true,"href":"https:\/\/analyse.optim.biz\/index.php?rest_route=\/wp\/v2\/users\/1"}],"replies":[{"embeddable":true,"href":"https:\/\/analyse.optim.biz\/index.php?rest_route=%2Fwp%2Fv2%2Fcomments&post=2106744"}],"version-history":[{"count":0,"href":"https:\/\/analyse.optim.biz\/index.php?rest_route=\/wp\/v2\/posts\/2106744\/revisions"}],"wp:attachment":[{"href":"https:\/\/analyse.optim.biz\/index.php?rest_route=%2Fwp%2Fv2%2Fmedia&parent=2106744"}],"wp:term":[{"taxonomy":"category","embeddable":true,"href":"https:\/\/analyse.optim.biz\/index.php?rest_route=%2Fwp%2Fv2%2Fcategories&post=2106744"},{"taxonomy":"post_tag","embeddable":true,"href":"https:\/\/analyse.optim.biz\/index.php?rest_route=%2Fwp%2Fv2%2Ftags&post=2106744"}],"curies":[{"name":"wp","href":"https:\/\/api.w.org\/{rel}","templated":true}]}}